{"id":28359,"date":"2026-03-13T15:44:08","date_gmt":"2026-03-13T14:44:08","guid":{"rendered":"https:\/\/www.pureconsultant.de\/de\/?p=28359"},"modified":"2026-03-13T15:44:19","modified_gmt":"2026-03-13T14:44:19","slug":"haeufige-fehler-bei-der-personalentwicklung","status":"publish","type":"post","link":"https:\/\/www.pureconsultant.de\/de\/management\/haeufige-fehler-bei-der-personalentwicklung\/","title":{"rendered":"H\u00e4ufige Fehler bei der Personalentwicklung"},"content":{"rendered":"<div class=\"m-block--container u-offset m-block--core--paragraph\">\n<p>H\u00e4ufige Fehler bei der Personalentwicklung &#8211; <strong><a href=\"https:\/\/www.pureconsultant.de\/de\/management\/personalentwicklung-erklaert\/\">Personalentwicklung<\/a><\/strong> ist l\u00e4ngst kein \u201eNice-to-have\u201c mehr, sondern strategischer Hebel f\u00fcr Wettbewerbsf\u00e4higkeit, Innovation und Mitarbeiterbindung. Trotzdem stolpern viele Unternehmen immer wieder \u00fcber dieselben H\u00fcrden: teure Programme ohne Wirkung, frustrierte Mitarbeitende, hoher Fluktuationsdruck \u2013 und das Gef\u00fchl, \u201ewir machen doch schon so viel\u201c, ohne echte Resultate zu sehen.<\/p>\n<\/div><div class=\"m-block--container u-offset m-block--core--paragraph\">\n<p>Dieser Beitrag zeigt die h\u00e4ufigsten Fehler bei der Personalentwicklung, erkl\u00e4rt, warum sie auftreten und wie Sie sie gezielt vermeiden. Mit klaren Beispielen, Checklisten und praxisnahen Empfehlungen, die Sie direkt auf Ihre Organisation \u00fcbertragen k\u00f6nnen.<\/p>\n<\/div><div class=\"m-block--container u-offset m-block--core--image\">\n<figure class=\"wp-block-image size-full\"><img loading=\"lazy\" decoding=\"async\" width=\"780\" height=\"618\" src=\"https:\/\/www.pureconsultant.de\/wp-content\/uploads\/visual-selection478.png\" alt=\"H\u00e4ufige Fehler bei der Personalentwicklung\" class=\"wp-image-28361\" srcset=\"https:\/\/www.pureconsultant.de\/wp-content\/uploads\/visual-selection478.png 780w, https:\/\/www.pureconsultant.de\/wp-content\/uploads\/visual-selection478-768x608.png 768w, https:\/\/www.pureconsultant.de\/wp-content\/uploads\/visual-selection478-50x40.png 50w\" sizes=\"auto, (max-width: 780px) 100vw, 780px\" \/><figcaption class=\"wp-element-caption\">H\u00e4ufige Fehler bei der Personalentwicklung<\/figcaption><\/figure>\n<\/div><div class=\"m-block--container u-offset m-block--core--separator\">\n<hr class=\"wp-block-separator has-alpha-channel-opacity\"\/>\n<\/div><div class=\"m-block--container u-offset m-block--core--heading\">\n<h2 class=\"wp-block-heading\">Kurz\u00fcberblick: Was sind typische Fehler in der Personalentwicklung?<\/h2>\n<\/div><div class=\"m-block--container u-offset m-block--core--paragraph\">\n<p>Typische Fehler in der Personalentwicklung sind unter anderem:<\/p>\n<\/div><div class=\"m-block--container u-offset m-block--core--list\">\n<ul class=\"wp-block-list\"><div class=\"m-block--container u-offset m-block--core--list-item\">\n<li>fehlende strategische Ausrichtung auf Gesch\u00e4ftsziele<\/li>\n<\/div>\n\n<div class=\"m-block--container u-offset m-block--core--list-item\">\n<li>Weiterbildung \u201enach Gie\u00dfkanne\u201c statt bedarfsorientiert<\/li>\n<\/div>\n\n<div class=\"m-block--container u-offset m-block--core--list-item\">\n<li>Fokus auf Seminare statt auf nachhaltige Lernprozesse<\/li>\n<\/div>\n\n<div class=\"m-block--container u-offset m-block--core--list-item\">\n<li>keine klare Erfolgsmessung und Wirkungskontrolle<\/li>\n<\/div>\n\n<div class=\"m-block--container u-offset m-block--core--list-item\">\n<li>mangelnde Einbindung von F\u00fchrungskr\u00e4ften<\/li>\n<\/div>\n\n<div class=\"m-block--container u-offset m-block--core--list-item\">\n<li>Ignorieren von digitalen und informellen Lernformen<\/li>\n<\/div>\n\n<div class=\"m-block--container u-offset m-block--core--list-item\">\n<li>fehlende Kommunikation und Transparenz gegen\u00fcber Mitarbeitenden<\/li>\n<\/div><\/ul>\n<\/div><div class=\"m-block--container u-offset m-block--core--paragraph\">\n<p>Im Folgenden gehen wir diese Punkte systematisch durch \u2013 mit Ursachen, konkreten Beispielen und L\u00f6sungen.<\/p>\n<\/div><div class=\"m-block--container u-offset m-block--core--separator\">\n<hr class=\"wp-block-separator has-alpha-channel-opacity\"\/>\n<\/div><div class=\"m-block--container u-offset m-block--core--heading\">\n<h2 class=\"wp-block-heading\">1. Kein klarer Bezug zur Unternehmensstrategie<\/h2>\n<\/div><div class=\"m-block--container u-offset m-block--core--paragraph\">\n<p><strong class=\"\">Fehler:<\/strong> Personalentwicklung wird als isolierte HR-Aufgabe verstanden, nicht als strategisches Instrument. Es werden Trainingskataloge gepflegt, Budget verteilt und Seminare gebucht \u2013 ohne systematische Ableitung aus der Gesch\u00e4ftsstrategie.<\/p>\n<\/div><div class=\"m-block--container u-offset m-block--core--paragraph\">\n<p><strong class=\"\">Typische Symptome<\/strong><\/p>\n<\/div><div class=\"m-block--container u-offset m-block--core--list\">\n<ul class=\"wp-block-list\"><div class=\"m-block--container u-offset m-block--core--list-item\">\n<li>Beliebige Schulungsw\u00fcnsche werden erf\u00fcllt, solange Budget da ist<\/li>\n<\/div>\n\n<div class=\"m-block--container u-offset m-block--core--list-item\">\n<li>Kein roter Faden zwischen Unternehmenszielen und Qualifizierungsma\u00dfnahmen<\/li>\n<\/div>\n\n<div class=\"m-block--container u-offset m-block--core--list-item\">\n<li>Fachbereiche empfinden PE als \u201ePflichtprogramm\u201c statt als Unterst\u00fctzung<\/li>\n<\/div><\/ul>\n<\/div><div class=\"m-block--container u-offset m-block--core--paragraph\">\n<p><strong class=\"\">Warum das problematisch ist<\/strong><\/p>\n<\/div><div class=\"m-block--container u-offset m-block--core--paragraph\">\n<p>Ohne strategische Ausrichtung investieren Sie Ressourcen in Qualifizierungen, die im Zweifel an den wirklich kritischen Zukunftskompetenzen vorbeigehen. Das bremst Innovationskraft und erschwert es, Priorit\u00e4ten zu setzen.<\/p>\n<\/div><div class=\"m-block--container u-offset m-block--core--paragraph\">\n<p><strong class=\"\">So l\u00f6sen Sie es<\/strong><\/p>\n<\/div><div class=\"m-block--container u-offset m-block--core--list\">\n<ul class=\"wp-block-list\"><div class=\"m-block--container u-offset m-block--core--list-item\">\n<li>Unternehmensstrategie und PE-Strategie explizit miteinander verkn\u00fcpfen<\/li>\n<\/div>\n\n<div class=\"m-block--container u-offset m-block--core--list-item\">\n<li>F\u00fcr jede zentrale Unternehmenspriorit\u00e4t (z.\u202fB. Digitalisierung, Kundenzentrierung, Internationalisierung) definieren:<div class=\"m-block--container u-offset m-block--core--list\">\n<ul class=\"wp-block-list\"><div class=\"m-block--container u-offset m-block--core--list-item\">\n<li>Welche F\u00e4higkeiten brauchen wir auf welcher Ebene (Fachkr\u00e4fte, F\u00fchrung, Top-Management)?<\/li>\n<\/div>\n\n<div class=\"m-block--container u-offset m-block--core--list-item\">\n<li>Welche Rollen und Funktionen sind kritisch?<\/li>\n<\/div><\/ul>\n<\/div><\/li>\n<\/div>\n\n<div class=\"m-block--container u-offset m-block--core--list-item\">\n<li>Eine <strong class=\"\">Kompetenzlandkarte<\/strong> erstellen, die Soll-Kompetenzen pro Rolle beschreibt<\/li>\n<\/div>\n\n<div class=\"m-block--container u-offset m-block--core--list-item\">\n<li>PE-Ma\u00dfnahmen konsequent an diesen Soll-Profilen ausrichten und \u201eNice-to-have\u201c-Trainings zur\u00fcckstellen<\/li>\n<\/div><\/ul>\n<\/div><div class=\"m-block--container u-offset m-block--core--separator\">\n<hr class=\"wp-block-separator has-alpha-channel-opacity\"\/>\n<\/div><div class=\"m-block--container u-offset m-block--core--heading\">\n<h2 class=\"wp-block-heading\">2. Gie\u00dfkannen-Prinzip statt bedarfsorientierter Qualifizierung<\/h2>\n<\/div><div class=\"m-block--container u-offset m-block--core--paragraph\">\n<p><strong class=\"\">Fehler:<\/strong> Alle erhalten dieselben Trainings, oft als Standardprogramm (\u201eJeder neue Teamleiter macht das gleiche F\u00fchrungstraining\u201c), unabh\u00e4ngig von Vorerfahrung, Lerntyp oder konkreter Rolle.<\/p>\n<\/div><div class=\"m-block--container u-offset m-block--core--paragraph\">\n<p><strong class=\"\">Typische Anzeichen<\/strong><\/p>\n<\/div><div class=\"m-block--container u-offset m-block--core--list\">\n<ul class=\"wp-block-list\"><div class=\"m-block--container u-offset m-block--core--list-item\">\n<li>Hohe Teilnahmequoten, aber wenig nachhaltige Verhaltens\u00e4nderung<\/li>\n<\/div>\n\n<div class=\"m-block--container u-offset m-block--core--list-item\">\n<li>Feedback wie \u201eDas kannte ich alles schon\u201c oder \u201eDas war f\u00fcr mich (noch) nicht relevant\u201c<\/li>\n<\/div>\n\n<div class=\"m-block--container u-offset m-block--core--list-item\">\n<li>Top-Performer und Einsteiger sitzen im selben Seminar mit v\u00f6llig unterschiedlichen Erwartungen<\/li>\n<\/div><\/ul>\n<\/div><div class=\"m-block--container u-offset m-block--core--paragraph\">\n<p><strong class=\"\">Risiken<\/strong><\/p>\n<\/div><div class=\"m-block--container u-offset m-block--core--list\">\n<ul class=\"wp-block-list\"><div class=\"m-block--container u-offset m-block--core--list-item\">\n<li>Ressourcenverschwendung (Zeit, Geld, Aufmerksamkeit)<\/li>\n<\/div>\n\n<div class=\"m-block--container u-offset m-block--core--list-item\">\n<li>Frustration bei Mitarbeitenden, die sich nicht ernstgenommen f\u00fchlen<\/li>\n<\/div>\n\n<div class=\"m-block--container u-offset m-block--core--list-item\">\n<li>Geringere Akzeptanz k\u00fcnftiger PE-Ma\u00dfnahmen (\u201eBringt ja doch nichts\u201c)<\/li>\n<\/div><\/ul>\n<\/div><div class=\"m-block--container u-offset m-block--core--paragraph\">\n<p><strong class=\"\">Bessere Praxis<\/strong><\/p>\n<\/div><div class=\"m-block--container u-offset m-block--core--list\">\n<ul class=\"wp-block-list\"><div class=\"m-block--container u-offset m-block--core--list-item\">\n<li>Systematische <strong class=\"\">Bedarfsanalyse<\/strong> vor gr\u00f6\u00dferen Ma\u00dfnahmen:<div class=\"m-block--container u-offset m-block--core--list\">\n<ul class=\"wp-block-list\"><div class=\"m-block--container u-offset m-block--core--list-item\">\n<li>Rollen- und Aufgabenanalyse<\/li>\n<\/div>\n\n<div class=\"m-block--container u-offset m-block--core--list-item\">\n<li>360\u00b0-Feedback oder strukturierte Mitarbeitergespr\u00e4che<\/li>\n<\/div>\n\n<div class=\"m-block--container u-offset m-block--core--list-item\">\n<li>Abgleich zwischen Ist- und Soll-Kompetenzen<\/li>\n<\/div><\/ul>\n<\/div><\/li>\n<\/div>\n\n<div class=\"m-block--container u-offset m-block--core--list-item\">\n<li>Personalisierte Lernpfade (z.\u202fB. Einsteiger-, Fortgeschrittenen- und Expertenpfad)<\/li>\n<\/div>\n\n<div class=\"m-block--container u-offset m-block--core--list-item\">\n<li>Wahlm\u00f6glichkeiten schaffen (\u201eLernmen\u00fc\u201c statt Pflichtblock) \u2013 innerhalb eines klaren Rahmens<\/li>\n<\/div><\/ul>\n<\/div><div class=\"m-block--container u-offset m-block--core--separator\">\n<hr class=\"wp-block-separator has-alpha-channel-opacity\"\/>\n<\/div><div class=\"m-block--container u-offset m-block--core--heading\">\n<h2 class=\"wp-block-heading\">3. Verwechslung von Weiterbildung mit einzelnen Trainings<\/h2>\n<\/div><div class=\"m-block--container u-offset m-block--core--paragraph\">\n<p><strong class=\"\">Fehler:<\/strong> Personalentwicklung wird auf Seminare, Workshops oder E-Learnings reduziert, die als Einzelevents geplant sind. Nachhaltige Lernarchitekturen fehlen.<\/p>\n<\/div><div class=\"m-block--container u-offset m-block--core--paragraph\">\n<p><strong class=\"\">Konsequenz<\/strong><\/p>\n<\/div><div class=\"m-block--container u-offset m-block--core--list\">\n<ul class=\"wp-block-list\"><div class=\"m-block--container u-offset m-block--core--list-item\">\n<li>Teilnehmende sind nach 2 Tagen \u201egeflasht\u201c, nach 2 Wochen ist der Alltag wieder wie vorher<\/li>\n<\/div>\n\n<div class=\"m-block--container u-offset m-block--core--list-item\">\n<li>Gelerntes wird nicht in den Arbeitskontext \u00fcbertragen<\/li>\n<\/div>\n\n<div class=\"m-block--container u-offset m-block--core--list-item\">\n<li>PE wird an Kennzahlen wie \u201eAnzahl Trainingsstunden\u201c gemessen, nicht an Ergebnissen<\/li>\n<\/div><\/ul>\n<\/div><div class=\"m-block--container u-offset m-block--core--paragraph\">\n<p><strong class=\"\">Was stattdessen n\u00f6tig ist<\/strong><\/p>\n<\/div><div class=\"m-block--container u-offset m-block--core--paragraph\">\n<p>Personalentwicklung ist ein Prozess, kein Event. Effektive Lernarchitekturen enthalten meist:<\/p>\n<\/div><div class=\"m-block--container u-offset m-block--core--list\">\n<ul class=\"wp-block-list\"><div class=\"m-block--container u-offset m-block--core--list-item\">\n<li><strong class=\"\">Vorbereitung<\/strong><div class=\"m-block--container u-offset m-block--core--list\">\n<ul class=\"wp-block-list\"><div class=\"m-block--container u-offset m-block--core--list-item\">\n<li>Zielkl\u00e4rung mit Teilnehmer und F\u00fchrungskraft<\/li>\n<\/div>\n\n<div class=\"m-block--container u-offset m-block--core--list-item\">\n<li>Relevante Praxisf\u00e4lle sammeln<\/li>\n<\/div><\/ul>\n<\/div><\/li>\n<\/div>\n\n<div class=\"m-block--container u-offset m-block--core--list-item\">\n<li><strong class=\"\">Lernphase<\/strong><div class=\"m-block--container u-offset m-block--core--list\">\n<ul class=\"wp-block-list\"><div class=\"m-block--container u-offset m-block--core--list-item\">\n<li>Blended Learning: Mix aus Input, \u00dcbung, Reflexion, Peer-Dialog<\/li>\n<\/div>\n\n<div class=\"m-block--container u-offset m-block--core--list-item\">\n<li>Praxisnahe Aufgaben statt nur Folien<\/li>\n<\/div><\/ul>\n<\/div><\/li>\n<\/div>\n\n<div class=\"m-block--container u-offset m-block--core--list-item\">\n<li><strong class=\"\">Transferphase<\/strong><div class=\"m-block--container u-offset m-block--core--list\">\n<ul class=\"wp-block-list\"><div class=\"m-block--container u-offset m-block--core--list-item\">\n<li>Transferaufgaben im Arbeitsalltag<\/li>\n<\/div>\n\n<div class=\"m-block--container u-offset m-block--core--list-item\">\n<li>Follow-up-Workshops, Lernzirkel, Peer-Coaching<\/li>\n<\/div>\n\n<div class=\"m-block--container u-offset m-block--core--list-item\">\n<li>Check-in mit der F\u00fchrungskraft: Was hat sich ver\u00e4ndert?<\/li>\n<\/div><\/ul>\n<\/div><\/li>\n<\/div><\/ul>\n<\/div><div class=\"m-block--container u-offset m-block--core--separator\">\n<hr class=\"wp-block-separator has-alpha-channel-opacity\"\/>\n<\/div><div class=\"m-block--container u-offset m-block--core--heading\">\n<h2 class=\"wp-block-heading\">4. Fehlende Messung von Wirkung und Nutzen<\/h2>\n<\/div><div class=\"m-block--container u-offset m-block--core--paragraph\">\n<p><strong class=\"\">Fehler:<\/strong> Erfolgreiche Personalentwicklung wird dar\u00fcber \u201egemessen\u201c, ob das Seminar stattgefunden hat und wie die Teilnehmerzufriedenheit war (\u201esch\u00f6ne Location, netter Trainer\u201c).<\/p>\n<\/div><div class=\"m-block--container u-offset m-block--core--paragraph\">\n<p><strong class=\"\">Typische Praxis<\/strong><\/p>\n<\/div><div class=\"m-block--container u-offset m-block--core--list\">\n<ul class=\"wp-block-list\"><div class=\"m-block--container u-offset m-block--core--list-item\">\n<li>Auswertung endet bei Smileys auf Feedbackb\u00f6gen<\/li>\n<\/div>\n\n<div class=\"m-block--container u-offset m-block--core--list-item\">\n<li>Keine Kennzahlen zu Verhaltens\u00e4nderung oder Business-Impact<\/li>\n<\/div>\n\n<div class=\"m-block--container u-offset m-block--core--list-item\">\n<li>PE-Budget wird j\u00e4hrlich diskutiert, ohne belastbare Wirkungsdaten<\/li>\n<\/div><\/ul>\n<\/div><div class=\"m-block--container u-offset m-block--core--paragraph\">\n<p><strong class=\"\">Probleme<\/strong><\/p>\n<\/div><div class=\"m-block--container u-offset m-block--core--list\">\n<ul class=\"wp-block-list\"><div class=\"m-block--container u-offset m-block--core--list-item\">\n<li>PE wird schnell als Kostenfaktor gesehen<\/li>\n<\/div>\n\n<div class=\"m-block--container u-offset m-block--core--list-item\">\n<li>In Krisenzeiten geh\u00f6rt Weiterbildung zu den ersten Sparma\u00dfnahmen<\/li>\n<\/div>\n\n<div class=\"m-block--container u-offset m-block--core--list-item\">\n<li>Lerninitiativen konkurrieren ohne klare Priorisierung<\/li>\n<\/div><\/ul>\n<\/div><div class=\"m-block--container u-offset m-block--core--paragraph\">\n<p><strong class=\"\">Wie Sie Wirkung sichtbar machen<\/strong><\/p>\n<\/div><div class=\"m-block--container u-offset m-block--core--list\">\n<ul class=\"wp-block-list\"><div class=\"m-block--container u-offset m-block--core--list-item\">\n<li><strong class=\"\">Ziele<\/strong> f\u00fcr zentrale PE-Ma\u00dfnahmen definieren:<div class=\"m-block--container u-offset m-block--core--list\">\n<ul class=\"wp-block-list\"><div class=\"m-block--container u-offset m-block--core--list-item\">\n<li>Verhaltensziele (z.\u202fB. \u201eF\u00fchrungskr\u00e4fte f\u00fchren monatliche Entwicklungsgespr\u00e4che\u201c)<\/li>\n<\/div>\n\n<div class=\"m-block--container u-offset m-block--core--list-item\">\n<li>Leistungsziele (z.\u202fB. k\u00fcrzere Einarbeitungszeiten, geringere Fehlerquoten, h\u00f6here Kundenzufriedenheit)<\/li>\n<\/div><\/ul>\n<\/div><\/li>\n<\/div>\n\n<div class=\"m-block--container u-offset m-block--core--list-item\">\n<li>Ein einfaches <strong class=\"\">Wirkungsmodell<\/strong> nutzen:<div class=\"m-block--container u-offset m-block--core--list\">\n<ol class=\"wp-block-list\"><div class=\"m-block--container u-offset m-block--core--list-item\">\n<li>Reaktion: Wie wurde die Ma\u00dfnahme erlebt?<\/li>\n<\/div>\n\n<div class=\"m-block--container u-offset m-block--core--list-item\">\n<li>Lernen: Was wurde tats\u00e4chlich gelernt?<\/li>\n<\/div>\n\n<div class=\"m-block--container u-offset m-block--core--list-item\">\n<li>Verhalten: Was wird im Alltag anders gemacht?<\/li>\n<\/div>\n\n<div class=\"m-block--container u-offset m-block--core--list-item\">\n<li>Ergebnisse: Welche Kennzahlen haben sich verbessert?<\/li>\n<\/div><\/ol>\n<\/div><\/li>\n<\/div>\n\n<div class=\"m-block--container u-offset m-block--core--list-item\">\n<li>Datenquellen kombinieren:<div class=\"m-block--container u-offset m-block--core--list\">\n<ul class=\"wp-block-list\"><div class=\"m-block--container u-offset m-block--core--list-item\">\n<li>Mitarbeiterbefragungen<\/li>\n<\/div>\n\n<div class=\"m-block--container u-offset m-block--core--list-item\">\n<li>Leistungs- und Qualit\u00e4tskennzahlen<\/li>\n<\/div>\n\n<div class=\"m-block--container u-offset m-block--core--list-item\">\n<li>Feedback von Kunden und internen Schnittstellen<\/li>\n<\/div><\/ul>\n<\/div><\/li>\n<\/div><\/ul>\n<\/div><div class=\"m-block--container u-offset m-block--core--paragraph\">\n<p>Wichtig: Sie brauchen nicht f\u00fcr jede Ma\u00dfnahme ein aufw\u00e4ndiges Controlling. Entscheidend ist, <strong class=\"\">f\u00fcr die strategisch relevanten Programme<\/strong> konsequent Wirkung zu messen.<\/p>\n<\/div><div class=\"m-block--container u-offset m-block--core--separator\">\n<hr class=\"wp-block-separator has-alpha-channel-opacity\"\/>\n<\/div><div class=\"m-block--container u-offset m-block--core--heading\">\n<h2 class=\"wp-block-heading\">5. F\u00fchrungskr\u00e4fte nicht in der Verantwortung<\/h2>\n<\/div><div class=\"m-block--container u-offset m-block--core--paragraph\">\n<p><strong class=\"\">Fehler:<\/strong> Personalentwicklung wird komplett an HR delegiert. F\u00fchrungskr\u00e4fte sehen sich nicht in der Pflicht, Lernen im Alltag zu erm\u00f6glichen oder zu begleiten.<\/p>\n<\/div><div class=\"m-block--container u-offset m-block--core--paragraph\">\n<p><strong class=\"\">Typische Muster<\/strong><\/p>\n<\/div><div class=\"m-block--container u-offset m-block--core--list\">\n<ul class=\"wp-block-list\"><div class=\"m-block--container u-offset m-block--core--list-item\">\n<li>Vorgesetzte \u201egenehmigen\u201c Trainings, besch\u00e4ftigen sich aber nicht mit Inhalten<\/li>\n<\/div>\n\n<div class=\"m-block--container u-offset m-block--core--list-item\">\n<li>Lernziele werden selten vor dem Training besprochen<\/li>\n<\/div>\n\n<div class=\"m-block--container u-offset m-block--core--list-item\">\n<li>Nach der Teilnahme gibt es kein strukturiertes Nachgespr\u00e4ch<\/li>\n<\/div><\/ul>\n<\/div><div class=\"m-block--container u-offset m-block--core--paragraph\">\n<p><strong class=\"\">Folgen<\/strong><\/p>\n<\/div><div class=\"m-block--container u-offset m-block--core--list\">\n<ul class=\"wp-block-list\"><div class=\"m-block--container u-offset m-block--core--list-item\">\n<li>Geringe Transferquote in den Arbeitsalltag<\/li>\n<\/div>\n\n<div class=\"m-block--container u-offset m-block--core--list-item\">\n<li>Mitarbeiter erleben widerspr\u00fcchliche Signale (\u201eMach die Schulung, aber deine KPIs haben Vorrang\u201c)<\/li>\n<\/div>\n\n<div class=\"m-block--container u-offset m-block--core--list-item\">\n<li>Lernbereitschaft sinkt, wenn F\u00fchrungskr\u00e4fte wenig Interesse zeigen<\/li>\n<\/div><\/ul>\n<\/div><div class=\"m-block--container u-offset m-block--core--paragraph\">\n<p><strong class=\"\">Best Practices<\/strong><\/p>\n<\/div><div class=\"m-block--container u-offset m-block--core--list\">\n<ul class=\"wp-block-list\"><div class=\"m-block--container u-offset m-block--core--list-item\">\n<li>Rolle der F\u00fchrungskraft klar definieren:<div class=\"m-block--container u-offset m-block--core--list\">\n<ul class=\"wp-block-list\"><div class=\"m-block--container u-offset m-block--core--list-item\">\n<li>Entwicklungsziele gemeinsam mit Mitarbeitenden vereinbaren<\/li>\n<\/div>\n\n<div class=\"m-block--container u-offset m-block--core--list-item\">\n<li>Zeitfenster f\u00fcr Lernen sch\u00fctzen (nicht permanent \u201ewegpriorisieren\u201c)<\/li>\n<\/div>\n\n<div class=\"m-block--container u-offset m-block--core--list-item\">\n<li>Feedback geben, Experimente zulassen, Fehler als Lernanlass nutzen<\/li>\n<\/div><\/ul>\n<\/div><\/li>\n<\/div>\n\n<div class=\"m-block--container u-offset m-block--core--list-item\">\n<li>F\u00fchrungskr\u00e4fte systematisch darauf vorbereiten:<div class=\"m-block--container u-offset m-block--core--list\">\n<ul class=\"wp-block-list\"><div class=\"m-block--container u-offset m-block--core--list-item\">\n<li>Kurze Formate wie \u201eLernen f\u00fchren\u201c, \u201eEntwicklungsgespr\u00e4che f\u00fchren\u201c<\/li>\n<\/div>\n\n<div class=\"m-block--container u-offset m-block--core--list-item\">\n<li>Peer-Gruppen f\u00fcr F\u00fchrungskr\u00e4fte als Lern- und Austauschforum<\/li>\n<\/div><\/ul>\n<\/div><\/li>\n<\/div>\n\n<div class=\"m-block--container u-offset m-block--core--list-item\">\n<li>Verankerung in Zielsystemen:<div class=\"m-block--container u-offset m-block--core--list\">\n<ul class=\"wp-block-list\"><div class=\"m-block--container u-offset m-block--core--list-item\">\n<li>Lern- und Entwicklungsziele als Teil der F\u00fchrungskennzahlen<\/li>\n<\/div>\n\n<div class=\"m-block--container u-offset m-block--core--list-item\">\n<li>Anerkennung und Sichtbarkeit f\u00fcr gute Entwicklungsarbeit schaffen<\/li>\n<\/div><\/ul>\n<\/div><\/li>\n<\/div><\/ul>\n<\/div><div class=\"m-block--container u-offset m-block--core--separator\">\n<hr class=\"wp-block-separator has-alpha-channel-opacity\"\/>\n<\/div><div class=\"m-block--container u-offset m-block--core--heading\">\n<h2 class=\"wp-block-heading\">6. \u00dcberfokus auf Pr\u00e4senzseminare \u2013 Vernachl\u00e4ssigung moderner Lernformen<\/h2>\n<\/div><div class=\"m-block--container u-offset m-block--core--paragraph\">\n<p><strong class=\"\">Fehler:<\/strong> Personalentwicklung wird prim\u00e4r als Pr\u00e4senztraining verstanden. Digitale, hybride und informelle Lernformen werden zu wenig genutzt.<\/p>\n<\/div><div class=\"m-block--container u-offset m-block--core--paragraph\">\n<p><strong class=\"\">Risiken<\/strong><\/p>\n<\/div><div class=\"m-block--container u-offset m-block--core--list\">\n<ul class=\"wp-block-list\"><div class=\"m-block--container u-offset m-block--core--list-item\">\n<li>Lernangebote bleiben schwer skalierbar und teuer<\/li>\n<\/div>\n\n<div class=\"m-block--container u-offset m-block--core--list-item\">\n<li>Mitarbeitende in verteilten Teams oder im Homeoffice werden schlechter erreicht<\/li>\n<\/div>\n\n<div class=\"m-block--container u-offset m-block--core--list-item\">\n<li>Unterschiedliche Lerntypen und -geschwindigkeiten finden wenig Ber\u00fccksichtigung<\/li>\n<\/div><\/ul>\n<\/div><div class=\"m-block--container u-offset m-block--core--paragraph\">\n<p><strong class=\"\">Was zeitgem\u00e4\u00dfe Personalentwicklung auszeichnet<\/strong><\/p>\n<\/div><div class=\"m-block--container u-offset m-block--core--list\">\n<ul class=\"wp-block-list\"><div class=\"m-block--container u-offset m-block--core--list-item\">\n<li><strong class=\"\">Blended Learning<\/strong>:<div class=\"m-block--container u-offset m-block--core--list\">\n<ul class=\"wp-block-list\"><div class=\"m-block--container u-offset m-block--core--list-item\">\n<li>Kombination aus Live-Sessions (on- oder offline), digitalen Selbstlernmodulen und Praxisaufgaben<\/li>\n<\/div><\/ul>\n<\/div><\/li>\n<\/div>\n\n<div class=\"m-block--container u-offset m-block--core--list-item\">\n<li><strong class=\"\">Digitale Lernplattformen &amp; Micro-Learning<\/strong>:<div class=\"m-block--container u-offset m-block--core--list\">\n<ul class=\"wp-block-list\"><div class=\"m-block--container u-offset m-block--core--list-item\">\n<li>kurze, fokussierte Lerneinheiten<\/li>\n<\/div>\n\n<div class=\"m-block--container u-offset m-block--core--list-item\">\n<li>Lernen \u201eon demand\u201c und \u201ejust in time\u201c<\/li>\n<\/div><\/ul>\n<\/div><\/li>\n<\/div>\n\n<div class=\"m-block--container u-offset m-block--core--list-item\">\n<li><strong class=\"\">Informelles Lernen bewusst f\u00f6rdern<\/strong>:<div class=\"m-block--container u-offset m-block--core--list\">\n<ul class=\"wp-block-list\"><div class=\"m-block--container u-offset m-block--core--list-item\">\n<li>Communities of Practice<\/li>\n<\/div>\n\n<div class=\"m-block--container u-offset m-block--core--list-item\">\n<li>Lunch &amp; Learn, Brown-Bag-Sessions<\/li>\n<\/div>\n\n<div class=\"m-block--container u-offset m-block--core--list-item\">\n<li>interne Experten als \u201eLernbotschafter\u201c<\/li>\n<\/div><\/ul>\n<\/div><\/li>\n<\/div><\/ul>\n<\/div><div class=\"m-block--container u-offset m-block--core--paragraph\">\n<p>Wichtig ist nicht, m\u00f6glichst \u201efancy\u201c Formate auszuprobieren, sondern Lernformen gezielt so zu kombinieren, dass sie <strong class=\"\">f\u00fcr Ihre Zielgruppen und Themen<\/strong> funktionieren.<\/p>\n<\/div><div class=\"m-block--container u-offset m-block--core--separator\">\n<hr class=\"wp-block-separator has-alpha-channel-opacity\"\/>\n<\/div><div class=\"m-block--container u-offset m-block--core--heading\">\n<h2 class=\"wp-block-heading\">7. Ignorieren individueller Lernpr\u00e4ferenzen und -voraussetzungen<\/h2>\n<\/div><div class=\"m-block--container u-offset m-block--core--paragraph\">\n<p><strong class=\"\">Fehler:<\/strong> Es wird angenommen, dass alle Mitarbeitenden gleich lernen: gleiche Inhalte, gleiches Tempo, gleicher Kanal.<\/p>\n<\/div><div class=\"m-block--container u-offset m-block--core--paragraph\">\n<p><strong class=\"\">Typische Folgen<\/strong><\/p>\n<\/div><div class=\"m-block--container u-offset m-block--core--list\">\n<ul class=\"wp-block-list\"><div class=\"m-block--container u-offset m-block--core--list-item\">\n<li>Manche Teilnehmende f\u00fchlen sich \u00fcberfordert, andere unterfordert<\/li>\n<\/div>\n\n<div class=\"m-block--container u-offset m-block--core--list-item\">\n<li>Talente mit hohem Potenzial werden nicht angemessen gef\u00f6rdert<\/li>\n<\/div>\n\n<div class=\"m-block--container u-offset m-block--core--list-item\">\n<li>Mitarbeitende mit geringer Lernerfahrung meiden Angebote<\/li>\n<\/div><\/ul>\n<\/div><div class=\"m-block--container u-offset m-block--core--paragraph\">\n<p><strong class=\"\">Bessere Ans\u00e4tze<\/strong><\/p>\n<\/div><div class=\"m-block--container u-offset m-block--core--list\">\n<ul class=\"wp-block-list\"><div class=\"m-block--container u-offset m-block--core--list-item\">\n<li>Lernangebote auf verschiedenen Niveaus anbieten (Basic, Advanced, Expert)<\/li>\n<\/div>\n\n<div class=\"m-block--container u-offset m-block--core--list-item\">\n<li>Verschiedene Formate kombinieren:<div class=\"m-block--container u-offset m-block--core--list\">\n<ul class=\"wp-block-list\"><div class=\"m-block--container u-offset m-block--core--list-item\">\n<li>visuelle, auditive, interaktive Elemente<\/li>\n<\/div>\n\n<div class=\"m-block--container u-offset m-block--core--list-item\">\n<li>Selbststudium, Gruppenarbeit, Einzelcoaching<\/li>\n<\/div><\/ul>\n<\/div><\/li>\n<\/div>\n\n<div class=\"m-block--container u-offset m-block--core--list-item\">\n<li>Flexibilit\u00e4t schaffen:<div class=\"m-block--container u-offset m-block--core--list\">\n<ul class=\"wp-block-list\"><div class=\"m-block--container u-offset m-block--core--list-item\">\n<li>Self-paced Module f\u00fcr selbstbestimmtes Lernen<\/li>\n<\/div>\n\n<div class=\"m-block--container u-offset m-block--core--list-item\">\n<li>optionale Vertiefungsangebote f\u00fcr Interessierte<\/li>\n<\/div><\/ul>\n<\/div><\/li>\n<\/div>\n\n<div class=\"m-block--container u-offset m-block--core--list-item\">\n<li>Mit Lernstandsdiagnostik oder kurzen Pre-Tests arbeiten, um Empfehlungen auszusprechen<\/li>\n<\/div><\/ul>\n<\/div><div class=\"m-block--container u-offset m-block--core--separator\">\n<hr class=\"wp-block-separator has-alpha-channel-opacity\"\/>\n<\/div><div class=\"m-block--container u-offset m-block--core--heading\">\n<h2 class=\"wp-block-heading\">8. Keine Verzahnung mit Talentmanagement, Recruiting und Nachfolgeplanung<\/h2>\n<\/div><div class=\"m-block--container u-offset m-block--core--paragraph\">\n<p><strong class=\"\">Fehler:<\/strong> Personalentwicklung l\u00e4uft isoliert von anderen HR-Kernprozessen. Entwicklungsprogramme sind nicht mit Talentpools, Karrierestufen oder Nachfolgepl\u00e4nen verbunden.<\/p>\n<\/div><div class=\"m-block--container u-offset m-block--core--paragraph\">\n<p><strong class=\"\">Symptome<\/strong><\/p>\n<\/div><div class=\"m-block--container u-offset m-block--core--list\">\n<ul class=\"wp-block-list\"><div class=\"m-block--container u-offset m-block--core--list-item\">\n<li>High Potentials verlassen das Unternehmen, weil sie keine Perspektive sehen<\/li>\n<\/div>\n\n<div class=\"m-block--container u-offset m-block--core--list-item\">\n<li>Kritische Rollen k\u00f6nnen intern nicht nachbesetzt werden<\/li>\n<\/div>\n\n<div class=\"m-block--container u-offset m-block--core--list-item\">\n<li>Entwicklungsprogramme wirken austauschbar: \u201ef\u00fcr alle das Gleiche\u201c<\/li>\n<\/div><\/ul>\n<\/div><div class=\"m-block--container u-offset m-block--core--paragraph\">\n<p><strong class=\"\">Verbesserungshebel<\/strong><\/p>\n<\/div><div class=\"m-block--container u-offset m-block--core--list\">\n<ul class=\"wp-block-list\"><div class=\"m-block--container u-offset m-block--core--list-item\">\n<li>Gemeinsames <strong class=\"\">Talent- und Kompetenzmodell<\/strong> f\u00fcr:<div class=\"m-block--container u-offset m-block--core--list\">\n<ul class=\"wp-block-list\"><div class=\"m-block--container u-offset m-block--core--list-item\">\n<li>Recruiting (wen stellen wir ein?)<\/li>\n<\/div>\n\n<div class=\"m-block--container u-offset m-block--core--list-item\">\n<li>Onboarding (wie entwickeln wir Neuzug\u00e4nge?)<\/li>\n<\/div>\n\n<div class=\"m-block--container u-offset m-block--core--list-item\">\n<li>Talentprogramme (wen f\u00f6rdern wir besonders?)<\/li>\n<\/div>\n\n<div class=\"m-block--container u-offset m-block--core--list-item\">\n<li>Nachfolgeplanung (wer kann mittelfristig welche Rolle \u00fcbernehmen?)<\/li>\n<\/div><\/ul>\n<\/div><\/li>\n<\/div>\n\n<div class=\"m-block--container u-offset m-block--core--list-item\">\n<li>Transparente Karrierepfade und Entwicklungsstufen definieren<\/li>\n<\/div>\n\n<div class=\"m-block--container u-offset m-block--core--list-item\">\n<li>PE-Ma\u00dfnahmen gezielt an diesen Pfaden ausrichten (z.\u202fB. \u201evom Fachexperten zur F\u00fchrungskraft\u201c, \u201evom Projektmanager zum Programmmanager\u201c)<\/li>\n<\/div><\/ul>\n<\/div><div class=\"m-block--container u-offset m-block--core--separator\">\n<hr class=\"wp-block-separator has-alpha-channel-opacity\"\/>\n<\/div><div class=\"m-block--container u-offset m-block--core--heading\">\n<h2 class=\"wp-block-heading\">9. Fehlende Kultur des Lernens und der Fehlerfreundlichkeit<\/h2>\n<\/div><div class=\"m-block--container u-offset m-block--core--paragraph\">\n<p><strong class=\"\">Fehler:<\/strong> Es werden Trainings angeboten, aber die Organisation toleriert in der Praxis kaum Experimente oder Lernfehler. Lernen bleibt theoretisch.<\/p>\n<\/div><div class=\"m-block--container u-offset m-block--core--paragraph\">\n<p><strong class=\"\">Erkennbare Muster<\/strong><\/p>\n<\/div><div class=\"m-block--container u-offset m-block--core--list\">\n<ul class=\"wp-block-list\"><div class=\"m-block--container u-offset m-block--core--list-item\">\n<li>Mitarbeitende trauen sich nicht, Neues auszuprobieren, aus Angst vor Sanktionen<\/li>\n<\/div>\n\n<div class=\"m-block--container u-offset m-block--core--list-item\">\n<li>Fehler werden vor allem sanktioniert, nicht zur Reflexion genutzt<\/li>\n<\/div>\n\n<div class=\"m-block--container u-offset m-block--core--list-item\">\n<li>Zeit f\u00fcr Reflexion, Retrospektiven oder Lessons Learned ist kaum vorhanden<\/li>\n<\/div><\/ul>\n<\/div><div class=\"m-block--container u-offset m-block--core--paragraph\">\n<p><strong class=\"\">Konsequenzen<\/strong><\/p>\n<\/div><div class=\"m-block--container u-offset m-block--core--list\">\n<ul class=\"wp-block-list\"><div class=\"m-block--container u-offset m-block--core--list-item\">\n<li>Geringe Innovationsbereitschaft<\/li>\n<\/div>\n\n<div class=\"m-block--container u-offset m-block--core--list-item\">\n<li>\u201eLernen\u201c findet in sicheren R\u00e4umen statt, nicht im Tagesgesch\u00e4ft<\/li>\n<\/div>\n\n<div class=\"m-block--container u-offset m-block--core--list-item\">\n<li>Motivation, an PE-Ma\u00dfnahmen teilzunehmen, sinkt<\/li>\n<\/div><\/ul>\n<\/div><div class=\"m-block--container u-offset m-block--core--paragraph\">\n<p><strong class=\"\">Ans\u00e4tze f\u00fcr eine lernf\u00f6rderliche Kultur<\/strong><\/p>\n<\/div><div class=\"m-block--container u-offset m-block--core--list\">\n<ul class=\"wp-block-list\"><div class=\"m-block--container u-offset m-block--core--list-item\">\n<li>Fehler als Informationsquelle behandeln, nicht nur als Mangel<\/li>\n<\/div>\n\n<div class=\"m-block--container u-offset m-block--core--list-item\">\n<li>Retrospektiven, After-Action-Reviews und Lessons-Learned-Workshops etablieren<\/li>\n<\/div>\n\n<div class=\"m-block--container u-offset m-block--core--list-item\">\n<li>Lernen sichtbar machen:<div class=\"m-block--container u-offset m-block--core--list\">\n<ul class=\"wp-block-list\"><div class=\"m-block--container u-offset m-block--core--list-item\">\n<li>interne Best Practices teilen<\/li>\n<\/div>\n\n<div class=\"m-block--container u-offset m-block--core--list-item\">\n<li>Lernerfolge und Fortschritte w\u00fcrdigen<\/li>\n<\/div><\/ul>\n<\/div><\/li>\n<\/div>\n\n<div class=\"m-block--container u-offset m-block--core--list-item\">\n<li>F\u00fchrungskr\u00e4fte als Vorbilder:<div class=\"m-block--container u-offset m-block--core--list\">\n<ul class=\"wp-block-list\"><div class=\"m-block--container u-offset m-block--core--list-item\">\n<li>eigene Lernwege transparent machen<\/li>\n<\/div>\n\n<div class=\"m-block--container u-offset m-block--core--list-item\">\n<li>offen \u00fcber eigene Lernfelder und Entwicklungsziele sprechen<\/li>\n<\/div><\/ul>\n<\/div><\/li>\n<\/div><\/ul>\n<\/div><div class=\"m-block--container u-offset m-block--core--separator\">\n<hr class=\"wp-block-separator has-alpha-channel-opacity\"\/>\n<\/div><div class=\"m-block--container u-offset m-block--core--heading\">\n<h2 class=\"wp-block-heading\">10. Unzureichende Kommunikation und Einbindung der Mitarbeitenden<\/h2>\n<\/div><div class=\"m-block--container u-offset m-block--core--paragraph\">\n<p><strong class=\"\">Fehler:<\/strong> Personalentwicklungsprogramme werden top-down geplant und dann \u201eausgerollt\u201c. Mitarbeitende erfahren zu sp\u00e4t oder zu wenig, warum bestimmte Ma\u00dfnahmen wichtig sind.<\/p>\n<\/div><div class=\"m-block--container u-offset m-block--core--paragraph\">\n<p><strong class=\"\">Typische Effekte<\/strong><\/p>\n<\/div><div class=\"m-block--container u-offset m-block--core--list\">\n<ul class=\"wp-block-list\"><div class=\"m-block--container u-offset m-block--core--list-item\">\n<li>Geringe Teilnahmebereitschaft, wenn Ma\u00dfnahmen nicht verpflichtend sind<\/li>\n<\/div>\n\n<div class=\"m-block--container u-offset m-block--core--list-item\">\n<li>Zynische Kommentare (\u201eJetzt kommt wieder die n\u00e4chste Sau durchs Dorf\u201c)<\/li>\n<\/div>\n\n<div class=\"m-block--container u-offset m-block--core--list-item\">\n<li>Mangelndes Verst\u00e4ndnis, wie pers\u00f6nlicher Nutzen und Unternehmensnutzen zusammenh\u00e4ngen<\/li>\n<\/div><\/ul>\n<\/div><div class=\"m-block--container u-offset m-block--core--paragraph\">\n<p><strong class=\"\">Was hilft<\/strong><\/p>\n<\/div><div class=\"m-block--container u-offset m-block--core--list\">\n<ul class=\"wp-block-list\"><div class=\"m-block--container u-offset m-block--core--list-item\">\n<li>Mitarbeitende fr\u00fchzeitig einbinden:<div class=\"m-block--container u-offset m-block--core--list\">\n<ul class=\"wp-block-list\"><div class=\"m-block--container u-offset m-block--core--list-item\">\n<li>qualitative Interviews, Fokusgruppen, Mitarbeiterbefragungen<\/li>\n<\/div>\n\n<div class=\"m-block--container u-offset m-block--core--list-item\">\n<li>regelm\u00e4\u00dfige Feedbackschleifen zur Qualit\u00e4t der PE-Angebote<\/li>\n<\/div><\/ul>\n<\/div><\/li>\n<\/div>\n\n<div class=\"m-block--container u-offset m-block--core--list-item\">\n<li>Klar und verst\u00e4ndlich kommunizieren:<div class=\"m-block--container u-offset m-block--core--list\">\n<ul class=\"wp-block-list\"><div class=\"m-block--container u-offset m-block--core--list-item\">\n<li>Warum gibt es dieses Programm?<\/li>\n<\/div>\n\n<div class=\"m-block--container u-offset m-block--core--list-item\">\n<li>Was haben Mitarbeitende konkret davon?<\/li>\n<\/div>\n\n<div class=\"m-block--container u-offset m-block--core--list-item\">\n<li>Wie passt es zu unserer Strategie?<\/li>\n<\/div><\/ul>\n<\/div><\/li>\n<\/div>\n\n<div class=\"m-block--container u-offset m-block--core--list-item\">\n<li>Erfolge kommunizieren:<div class=\"m-block--container u-offset m-block--core--list\">\n<ul class=\"wp-block-list\"><div class=\"m-block--container u-offset m-block--core--list-item\">\n<li>Beispiele von Teams, die von PE-Ma\u00dfnahmen profitieren konnten<\/li>\n<\/div>\n\n<div class=\"m-block--container u-offset m-block--core--list-item\">\n<li>Kennzahlen, die sich verbessert haben<\/li>\n<\/div><\/ul>\n<\/div><\/li>\n<\/div><\/ul>\n<\/div><div class=\"m-block--container u-offset m-block--core--separator\">\n<hr class=\"wp-block-separator has-alpha-channel-opacity\"\/>\n<\/div><div class=\"m-block--container u-offset m-block--core--heading\">\n<h2 class=\"wp-block-heading\">11. Technologiefokus ohne p\u00e4dagogisches Konzept<\/h2>\n<\/div><div class=\"m-block--container u-offset m-block--core--paragraph\">\n<p><strong class=\"\">Fehler:<\/strong> Neue Lernplattformen, KI-Tools oder Learning-Experience-Plattformen werden eingef\u00fchrt, ohne ein klares didaktisches Konzept dahinter.<\/p>\n<\/div><div class=\"m-block--container u-offset m-block--core--paragraph\">\n<p><strong class=\"\">Anzeichen<\/strong><\/p>\n<\/div><div class=\"m-block--container u-offset m-block--core--list\">\n<ul class=\"wp-block-list\"><div class=\"m-block--container u-offset m-block--core--list-item\">\n<li>Viele Inhalte, aber wenig Orientierung<\/li>\n<\/div>\n\n<div class=\"m-block--container u-offset m-block--core--list-item\">\n<li>Geringe Nutzungsraten der Plattform<\/li>\n<\/div>\n\n<div class=\"m-block--container u-offset m-block--core--list-item\">\n<li>Frustration \u00fcber Bedienung, fehlende Relevanz oder \u00dcberfrachtung<\/li>\n<\/div><\/ul>\n<\/div><div class=\"m-block--container u-offset m-block--core--paragraph\">\n<p><strong class=\"\">Wie Sie Technologie sinnvoll nutzen<\/strong><\/p>\n<\/div><div class=\"m-block--container u-offset m-block--core--list\">\n<ul class=\"wp-block-list\"><div class=\"m-block--container u-offset m-block--core--list-item\">\n<li>Zuerst kl\u00e4ren:<div class=\"m-block--container u-offset m-block--core--list\">\n<ul class=\"wp-block-list\"><div class=\"m-block--container u-offset m-block--core--list-item\">\n<li>Welche Lernziele verfolgen wir?<\/li>\n<\/div>\n\n<div class=\"m-block--container u-offset m-block--core--list-item\">\n<li>Welche Lernjourneys sollen unterst\u00fctzt werden?<\/li>\n<\/div><\/ul>\n<\/div><\/li>\n<\/div>\n\n<div class=\"m-block--container u-offset m-block--core--list-item\">\n<li>Dann entscheiden:<div class=\"m-block--container u-offset m-block--core--list\">\n<ul class=\"wp-block-list\"><div class=\"m-block--container u-offset m-block--core--list-item\">\n<li>Welche Technologie unterst\u00fctzt diese Ziele am besten?<\/li>\n<\/div><\/ul>\n<\/div><\/li>\n<\/div>\n\n<div class=\"m-block--container u-offset m-block--core--list-item\">\n<li>Plattformen so gestalten, dass sie:<div class=\"m-block--container u-offset m-block--core--list\">\n<ul class=\"wp-block-list\"><div class=\"m-block--container u-offset m-block--core--list-item\">\n<li>klare Lernpfade bieten<\/li>\n<\/div>\n\n<div class=\"m-block--container u-offset m-block--core--list-item\">\n<li>personalisierte Empfehlungen erm\u00f6glichen<\/li>\n<\/div>\n\n<div class=\"m-block--container u-offset m-block--core--list-item\">\n<li>Feedback und Austausch integrieren (Foren, Chats, Peer-Gruppen)<\/li>\n<\/div><\/ul>\n<\/div><\/li>\n<\/div><\/ul>\n<\/div><div class=\"m-block--container u-offset m-block--core--paragraph\">\n<p>Technologie ist ein Mittel, kein Selbstzweck. Ohne didaktische Leitplanken bleibt ihr Potenzial ungenutzt.<\/p>\n<\/div><div class=\"m-block--container u-offset m-block--core--separator\">\n<hr class=\"wp-block-separator has-alpha-channel-opacity\"\/>\n<\/div><div class=\"m-block--container u-offset m-block--core--heading\">\n<h2 class=\"wp-block-heading\">12. Kein Umgang mit \u00dcberforderung und Lernm\u00fcdigkeit<\/h2>\n<\/div><div class=\"m-block--container u-offset m-block--core--paragraph\">\n<p><strong class=\"\">Fehler:<\/strong> In Phasen hoher Ver\u00e4nderung (Digitalisierung, Reorganisationen, neue Tools) werden parallel viele Trainings angeboten \u2013 oft zus\u00e4tzlich zum ohnehin vollen Tagesgesch\u00e4ft.<\/p>\n<\/div><div class=\"m-block--container u-offset m-block--core--paragraph\">\n<p><strong class=\"\">Folgen<\/strong><\/p>\n<\/div><div class=\"m-block--container u-offset m-block--core--list\">\n<ul class=\"wp-block-list\"><div class=\"m-block--container u-offset m-block--core--list-item\">\n<li>Mitarbeitende f\u00fchlen sich \u201ezugeballert\u201c<\/li>\n<\/div>\n\n<div class=\"m-block--container u-offset m-block--core--list-item\">\n<li>Lern- und Change-M\u00fcdigkeit macht sich breit<\/li>\n<\/div>\n\n<div class=\"m-block--container u-offset m-block--core--list-item\">\n<li>Qualit\u00e4t der Umsetzung sinkt, obwohl viel gelernt wurde<\/li>\n<\/div><\/ul>\n<\/div><div class=\"m-block--container u-offset m-block--core--paragraph\">\n<p><strong class=\"\">Gegenma\u00dfnahmen<\/strong><\/p>\n<\/div><div class=\"m-block--container u-offset m-block--core--list\">\n<ul class=\"wp-block-list\"><div class=\"m-block--container u-offset m-block--core--list-item\">\n<li>Lern- und Ver\u00e4nderungslast aktiv steuern:<div class=\"m-block--container u-offset m-block--core--list\">\n<ul class=\"wp-block-list\"><div class=\"m-block--container u-offset m-block--core--list-item\">\n<li>nicht alle Initiativen gleichzeitig starten<\/li>\n<\/div>\n\n<div class=\"m-block--container u-offset m-block--core--list-item\">\n<li>kritische Zeitfenster im Gesch\u00e4ft ber\u00fccksichtigen (z.\u202fB. Jahresabschluss, Saisonspitzen)<\/li>\n<\/div><\/ul>\n<\/div><\/li>\n<\/div>\n\n<div class=\"m-block--container u-offset m-block--core--list-item\">\n<li>Lernzeiten verbindlich einplanen:<div class=\"m-block--container u-offset m-block--core--list\">\n<ul class=\"wp-block-list\"><div class=\"m-block--container u-offset m-block--core--list-item\">\n<li>feste Lernfenster in Kalendern<\/li>\n<\/div>\n\n<div class=\"m-block--container u-offset m-block--core--list-item\">\n<li>klare Regel: Lernzeit ist Arbeitszeit, nicht \u201eon top\u201c<\/li>\n<\/div><\/ul>\n<\/div><\/li>\n<\/div>\n\n<div class=\"m-block--container u-offset m-block--core--list-item\">\n<li>Inhalte priorisieren:<div class=\"m-block--container u-offset m-block--core--list\">\n<ul class=\"wp-block-list\"><div class=\"m-block--container u-offset m-block--core--list-item\">\n<li>Was ist wirklich zwingend jetzt n\u00f6tig?<\/li>\n<\/div>\n\n<div class=\"m-block--container u-offset m-block--core--list-item\">\n<li>Was kann sp\u00e4ter kommen oder \u00fcber andere Formate adressiert werden?<\/li>\n<\/div><\/ul>\n<\/div><\/li>\n<\/div><\/ul>\n<\/div><div class=\"m-block--container u-offset m-block--core--separator\">\n<hr class=\"wp-block-separator has-alpha-channel-opacity\"\/>\n<\/div><div class=\"m-block--container u-offset m-block--core--heading\">\n<h2 class=\"wp-block-heading\">13. Keine klare Verantwortung und Rollen in der Personalentwicklung<\/h2>\n<\/div><div class=\"m-block--container u-offset m-block--core--paragraph\">\n<p><strong class=\"\">Fehler:<\/strong> Unklare Zust\u00e4ndigkeiten zwischen HR, PE, Fachbereichen und externen Partnern. Projekte verlaufen im Sand, weil niemand wirkliche Verantwortung tr\u00e4gt.<\/p>\n<\/div><div class=\"m-block--container u-offset m-block--core--paragraph\">\n<p><strong class=\"\">Typische Situationen<\/strong><\/p>\n<\/div><div class=\"m-block--container u-offset m-block--core--list\">\n<ul class=\"wp-block-list\"><div class=\"m-block--container u-offset m-block--core--list-item\">\n<li>Programme starten mit Enthusiasmus und versanden nach der Pilotphase<\/li>\n<\/div>\n\n<div class=\"m-block--container u-offset m-block--core--list-item\">\n<li>Fachbereiche erwarten, dass HR \u201ealles macht\u201c<\/li>\n<\/div>\n\n<div class=\"m-block--container u-offset m-block--core--list-item\">\n<li>Externe Trainer oder Berater agieren ohne ausreichende Abstimmung mit internen Stakeholdern<\/li>\n<\/div><\/ul>\n<\/div><div class=\"m-block--container u-offset m-block--core--paragraph\">\n<p><strong class=\"\">Bessere Struktur<\/strong><\/p>\n<\/div><div class=\"m-block--container u-offset m-block--core--list\">\n<ul class=\"wp-block-list\"><div class=\"m-block--container u-offset m-block--core--list-item\">\n<li>Rollen klar definieren:<div class=\"m-block--container u-offset m-block--core--list\">\n<ul class=\"wp-block-list\"><div class=\"m-block--container u-offset m-block--core--list-item\">\n<li>HR\/PE: Rahmenkonzept, Standards, Qualit\u00e4tssicherung, Moderation des Gesamtprozesses<\/li>\n<\/div>\n\n<div class=\"m-block--container u-offset m-block--core--list-item\">\n<li>Fachbereiche: Bedarfsdefinition, aktive Mitgestaltung, Transferbegleitung<\/li>\n<\/div>\n\n<div class=\"m-block--container u-offset m-block--core--list-item\">\n<li>F\u00fchrungskr\u00e4fte: individuelle Entwicklungsplanung, Lernrahmen im Team, Vorbildrolle<\/li>\n<\/div>\n\n<div class=\"m-block--container u-offset m-block--core--list-item\">\n<li>Externe Partner: inhaltliche Expertise, methodische Unterst\u00fctzung<\/li>\n<\/div><\/ul>\n<\/div><\/li>\n<\/div>\n\n<div class=\"m-block--container u-offset m-block--core--list-item\">\n<li>Governance etablieren:<div class=\"m-block--container u-offset m-block--core--list\">\n<ul class=\"wp-block-list\"><div class=\"m-block--container u-offset m-block--core--list-item\">\n<li>Steuerungskreise f\u00fcr zentrale PE-Programme<\/li>\n<\/div>\n\n<div class=\"m-block--container u-offset m-block--core--list-item\">\n<li>klare Entscheidungsprozesse, Eskalationswege und Verantwortlichkeiten<\/li>\n<\/div><\/ul>\n<\/div><\/li>\n<\/div><\/ul>\n<\/div><div class=\"m-block--container u-offset m-block--core--separator\">\n<hr class=\"wp-block-separator has-alpha-channel-opacity\"\/>\n<\/div><div class=\"m-block--container u-offset m-block--core--heading\">\n<h2 class=\"wp-block-heading\">14. Typische Fragen aus der Praxis \u2013 kurz beantwortet<\/h2>\n<\/div><div class=\"m-block--container u-offset m-block--core--paragraph\">\n<p><strong class=\"\">Wie erkennt man, ob die eigene Personalentwicklung wirkungslos ist?<\/strong><\/p>\n<\/div><div class=\"m-block--container u-offset m-block--core--paragraph\">\n<p>Anzeichen sind u.\u202fa.:<\/p>\n<\/div><div class=\"m-block--container u-offset m-block--core--list\">\n<ul class=\"wp-block-list\"><div class=\"m-block--container u-offset m-block--core--list-item\">\n<li>Kaum messbare Verbesserungen bei Leistung, Qualit\u00e4t oder Zufriedenheit<\/li>\n<\/div>\n\n<div class=\"m-block--container u-offset m-block--core--list-item\">\n<li>Wiederkehrende Probleme trotz zahlreicher Trainings<\/li>\n<\/div>\n\n<div class=\"m-block--container u-offset m-block--core--list-item\">\n<li>Geringe Teilnahmebereitschaft und skeptische Haltung gegen\u00fcber PE<\/li>\n<\/div><\/ul>\n<\/div><div class=\"m-block--container u-offset m-block--core--paragraph\">\n<p><strong class=\"\">Was sind die gr\u00f6\u00dften Fehler beim Aufbau einer Personalentwicklungsstrategie?<\/strong><\/p>\n<\/div><div class=\"m-block--container u-offset m-block--core--list\">\n<ul class=\"wp-block-list\"><div class=\"m-block--container u-offset m-block--core--list-item\">\n<li>Start mit Formaten statt mit Zielen<\/li>\n<\/div>\n\n<div class=\"m-block--container u-offset m-block--core--list-item\">\n<li>Vernachl\u00e4ssigung der F\u00fchrungskr\u00e4fte<\/li>\n<\/div>\n\n<div class=\"m-block--container u-offset m-block--core--list-item\">\n<li>Keine klare Priorisierung der Schl\u00fcsselkompetenzen<\/li>\n<\/div>\n\n<div class=\"m-block--container u-offset m-block--core--list-item\">\n<li>Fehlende Einbindung der Mitarbeitenden in Bedarfserhebung und Feedback<\/li>\n<\/div><\/ul>\n<\/div><div class=\"m-block--container u-offset m-block--core--paragraph\">\n<p><strong class=\"\">Wie oft sollte man Personalentwicklungsma\u00dfnahmen \u00fcberpr\u00fcfen?<\/strong><\/p>\n<\/div><div class=\"m-block--container u-offset m-block--core--list\">\n<ul class=\"wp-block-list\"><div class=\"m-block--container u-offset m-block--core--list-item\">\n<li>Strategische Ausrichtung: mindestens j\u00e4hrlich<\/li>\n<\/div>\n\n<div class=\"m-block--container u-offset m-block--core--list-item\">\n<li>Einzelne Programme: nach jeder Kohorte hinsichtlich Wirkung, Relevanz und Akzeptanz<\/li>\n<\/div>\n\n<div class=\"m-block--container u-offset m-block--core--list-item\">\n<li>Kompetenzmodelle: alle 2\u20133 Jahre oder bei gr\u00f6\u00dferen Strategie\u00e4nderungen<\/li>\n<\/div><\/ul>\n<\/div><div class=\"m-block--container u-offset m-block--core--separator\">\n<hr class=\"wp-block-separator has-alpha-channel-opacity\"\/>\n<\/div><div class=\"m-block--container u-offset m-block--core--heading\">\n<h2 class=\"wp-block-heading\">15. Checkliste: H\u00e4ufige Fehler bei der Personalentwicklung vermeiden<\/h2>\n<\/div><div class=\"m-block--container u-offset m-block--core--paragraph\">\n<p>Nutzen Sie diese Liste als Schnellcheck f\u00fcr Ihr Unternehmen:<\/p>\n<\/div><div class=\"m-block--container u-offset m-block--core--list\">\n<ol class=\"wp-block-list\"><div class=\"m-block--container u-offset m-block--core--list-item\">\n<li><strong class=\"\">Strategie &amp; Ausrichtung<\/strong><div class=\"m-block--container u-offset m-block--core--list\">\n<ul class=\"wp-block-list\"><div class=\"m-block--container u-offset m-block--core--list-item\">\n<li>Sind PE-Ma\u00dfnahmen klar aus der Unternehmensstrategie abgeleitet?<\/li>\n<\/div>\n\n<div class=\"m-block--container u-offset m-block--core--list-item\">\n<li>Gibt es definierte Schl\u00fcsselkompetenzen je Rolle\/Funktion?<\/li>\n<\/div><\/ul>\n<\/div><\/li>\n<\/div>\n\n<div class=\"m-block--container u-offset m-block--core--list-item\">\n<li><strong class=\"\">Bedarfsanalyse &amp; Zielgruppen<\/strong><div class=\"m-block--container u-offset m-block--core--list\">\n<ul class=\"wp-block-list\"><div class=\"m-block--container u-offset m-block--core--list-item\">\n<li>Analysieren Sie systematisch Kompetenzbedarfe?<\/li>\n<\/div>\n\n<div class=\"m-block--container u-offset m-block--core--list-item\">\n<li>Gibt es unterschiedliche Lernpfade je Zielgruppe?<\/li>\n<\/div><\/ul>\n<\/div><\/li>\n<\/div>\n\n<div class=\"m-block--container u-offset m-block--core--list-item\">\n<li><strong class=\"\">Lernarchitektur<\/strong><div class=\"m-block--container u-offset m-block--core--list\">\n<ul class=\"wp-block-list\"><div class=\"m-block--container u-offset m-block--core--list-item\">\n<li>Sind Ma\u00dfnahmen als Lernprozess, nicht nur als Event konzipiert?<\/li>\n<\/div>\n\n<div class=\"m-block--container u-offset m-block--core--list-item\">\n<li>Gibt es eine strukturierte Transferphase?<\/li>\n<\/div><\/ul>\n<\/div><\/li>\n<\/div>\n\n<div class=\"m-block--container u-offset m-block--core--list-item\">\n<li><strong class=\"\">Rolle der F\u00fchrungskr\u00e4fte<\/strong><div class=\"m-block--container u-offset m-block--core--list\">\n<ul class=\"wp-block-list\"><div class=\"m-block--container u-offset m-block--core--list-item\">\n<li>Begleiten F\u00fchrungskr\u00e4fte aktiv die Entwicklung ihrer Mitarbeitenden?<\/li>\n<\/div>\n\n<div class=\"m-block--container u-offset m-block--core--list-item\">\n<li>Sind Entwicklungsaufgaben Teil ihrer Zielvereinbarung?<\/li>\n<\/div><\/ul>\n<\/div><\/li>\n<\/div>\n\n<div class=\"m-block--container u-offset m-block--core--list-item\">\n<li><strong class=\"\">Lernformen &amp; Kultur<\/strong><div class=\"m-block--container u-offset m-block--core--list\">\n<ul class=\"wp-block-list\"><div class=\"m-block--container u-offset m-block--core--list-item\">\n<li>Nutzen Sie einen Mix aus Pr\u00e4senz, digitalem und informellem Lernen?<\/li>\n<\/div>\n\n<div class=\"m-block--container u-offset m-block--core--list-item\">\n<li>F\u00f6rdert Ihre Kultur Experimente und Lernen aus Fehlern?<\/li>\n<\/div><\/ul>\n<\/div><\/li>\n<\/div>\n\n<div class=\"m-block--container u-offset m-block--core--list-item\">\n<li><strong class=\"\">Messung &amp; Transparenz<\/strong><div class=\"m-block--container u-offset m-block--core--list\">\n<ul class=\"wp-block-list\"><div class=\"m-block--container u-offset m-block--core--list-item\">\n<li>Messen Sie Wirkung \u00fcber Zufriedenheit hinaus?<\/li>\n<\/div>\n\n<div class=\"m-block--container u-offset m-block--core--list-item\">\n<li>Kommunizieren Sie Ziele, Nutzen und Erfolge von PE-Programmen?<\/li>\n<\/div><\/ul>\n<\/div><\/li>\n<\/div>\n\n<div class=\"m-block--container u-offset m-block--core--list-item\">\n<li><strong class=\"\">Organisation &amp; Governance<\/strong><div class=\"m-block--container u-offset m-block--core--list\">\n<ul class=\"wp-block-list\"><div class=\"m-block--container u-offset m-block--core--list-item\">\n<li>Sind Rollen und Verantwortlichkeiten in der PE klar definiert?<\/li>\n<\/div>\n\n<div class=\"m-block--container u-offset m-block--core--list-item\">\n<li>Gibt es einen Steuerungskreis f\u00fcr strategisch wichtige Programme?<\/li>\n<\/div><\/ul>\n<\/div><\/li>\n<\/div><\/ol>\n<\/div><div class=\"m-block--container u-offset m-block--core--paragraph\">\n<p>Wo immer Sie hier \u201enein\u201c ankreuzen, liegt ein potenzieller Hebel f\u00fcr Ihre Weiterentwicklung.<\/p>\n<\/div><div class=\"m-block--container u-offset m-block--core--separator\">\n<hr class=\"wp-block-separator has-alpha-channel-opacity\"\/>\n<\/div><div class=\"m-block--container u-offset m-block--core--heading\">\n<h2 class=\"wp-block-heading\">Fazit: Personalentwicklung als strategischer Hebel \u2013 wenn man typische Fehler konsequent vermeidet<\/h2>\n<\/div><div class=\"m-block--container u-offset m-block--core--paragraph\">\n<p>H\u00e4ufige Fehler bei der Personalentwicklung sind selten spektakul\u00e4re Fehlentscheidungen, sondern eher ein Zusammenspiel aus unklarer Strategie, fehlender Verantwortung, unpassenden Formaten und mangelnder Wirkungsmessung. Die gute Nachricht: Viele dieser Fehler lassen sich mit \u00fcberschaubaren, aber konsequenten Schritten beheben.<\/p>\n<\/div><div class=\"m-block--container u-offset m-block--core--paragraph\">\n<p>Wer Personalentwicklung als echten Business-Hebel versteht, wird:<\/p>\n<\/div><div class=\"m-block--container u-offset m-block--core--list\">\n<ul class=\"wp-block-list\"><div class=\"m-block--container u-offset m-block--core--list-item\">\n<li>Lernziele klar aus der Unternehmensstrategie ableiten<\/li>\n<\/div>\n\n<div class=\"m-block--container u-offset m-block--core--list-item\">\n<li>individuelle und rollenbezogene Bedarfe ernst nehmen<\/li>\n<\/div>\n\n<div class=\"m-block--container u-offset m-block--core--list-item\">\n<li>Lernen als kontinuierlichen Prozess gestalten<\/li>\n<\/div>\n\n<div class=\"m-block--container u-offset m-block--core--list-item\">\n<li>F\u00fchrungskr\u00e4fte in die Verantwortung nehmen<\/li>\n<\/div>\n\n<div class=\"m-block--container u-offset m-block--core--list-item\">\n<li>eine lernf\u00f6rderliche Kultur und passende Technologien etablieren<\/li>\n<\/div>\n\n<div class=\"m-block--container u-offset m-block--core--list-item\">\n<li>Wirkung nachvollziehbar messen und kommunizieren<\/li>\n<\/div><\/ul>\n<\/div><div class=\"m-block--container u-offset m-block--core--paragraph\">\n<p>Wenn Sie Ihre bestehende Personalentwicklungslandschaft strukturiert \u00fcberpr\u00fcfen, Priorit\u00e4ten setzen und schrittweise nachsch\u00e4rfen wollen, lohnt sich ein externer Blick von au\u00dfen.<\/p>\n<\/div><div class=\"m-block--container u-offset m-block--core--paragraph\">\n<p>Die Beraterinnen und Berater der <strong><a href=\"https:\/\/de.linkedin.com\/company\/pcgpureconsultantgmbh\">PURE Consultant<\/a><\/strong> unterst\u00fctzen Unternehmen dabei, Personalentwicklung konsequent an Strategie, Strukturen und Kultur auszurichten \u2013 von der Analyse \u00fcber die Konzeption bis zur Umsetzung in der Praxis. Wenn Sie den Eindruck haben, dass Sie \u201eviel machen, aber wenig Wirkung sehen\u201c, kann ein gemeinsamer Blick auf Ihre PE-Architektur der n\u00e4chste sinnvolle Schritt sein.<\/p>\n<\/div>","protected":false},"excerpt":{"rendered":"<p>H\u00e4ufige Fehler bei der Personalentwicklung &#8211; Personalentwicklung ist l\u00e4ngst kein \u201eNice-to-have\u201c mehr, sondern strategischer Hebel f\u00fcr Wettbewerbsf\u00e4higkeit, Innovation und Mitarbeiterbindung. Trotzdem stolpern viele Unternehmen immer wieder \u00fcber dieselben H\u00fcrden: teure Programme ohne Wirkung, frustrierte Mitarbeitende, hoher Fluktuationsdruck \u2013 und das Gef\u00fchl, \u201ewir machen doch schon so viel\u201c, ohne echte Resultate zu sehen. Dieser Beitrag zeigt [&hellip;]<\/p>\n","protected":false},"author":6,"featured_media":0,"comment_status":"closed","ping_status":"closed","sticky":false,"template":"","format":"standard","meta":{"_acf_changed":false,"inline_featured_image":false,"footnotes":""},"categories":[57],"tags":[3163],"class_list":["post-28359","post","type-post","status-publish","format-standard","hentry","category-management","tag-haeufige-fehler-bei-der-personalentwicklung"],"acf":[],"yoast_head":"<!-- This site is optimized with the Yoast SEO plugin v27.4 - https:\/\/yoast.com\/product\/yoast-seo-wordpress\/ -->\n<title>H\u00e4ufige Fehler bei der Personalentwicklung - PURE Consultant<\/title>\n<meta name=\"description\" content=\"H\u00e4ufige Fehler bei der Personalentwicklung? Lernen Sie, wie Sie diese umgehen und nachhaltiges Wachstum f\u00f6rdern. Starten Sie heute!\" \/>\n<meta name=\"robots\" content=\"index, follow, max-snippet:-1, max-image-preview:large, max-video-preview:-1\" \/>\n<link rel=\"canonical\" href=\"https:\/\/www.pureconsultant.de\/de\/management\/haeufige-fehler-bei-der-personalentwicklung\/\" \/>\n<meta property=\"og:locale\" content=\"de_DE\" \/>\n<meta property=\"og:type\" content=\"article\" \/>\n<meta property=\"og:title\" content=\"H\u00e4ufige Fehler bei der Personalentwicklung - PURE Consultant\" \/>\n<meta property=\"og:description\" content=\"H\u00e4ufige Fehler bei der Personalentwicklung? Lernen Sie, wie Sie diese umgehen und nachhaltiges Wachstum f\u00f6rdern. Starten Sie heute!\" \/>\n<meta property=\"og:url\" content=\"https:\/\/www.pureconsultant.de\/de\/management\/haeufige-fehler-bei-der-personalentwicklung\/\" \/>\n<meta property=\"og:site_name\" content=\"PURE Consultant\" \/>\n<meta property=\"article:published_time\" content=\"2026-03-13T14:44:08+00:00\" \/>\n<meta property=\"article:modified_time\" content=\"2026-03-13T14:44:19+00:00\" \/>\n<meta property=\"og:image\" content=\"https:\/\/www.pureconsultant.de\/wp-content\/uploads\/visual-selection478.png\" \/>\n\t<meta property=\"og:image:width\" content=\"780\" \/>\n\t<meta property=\"og:image:height\" content=\"618\" \/>\n\t<meta property=\"og:image:type\" content=\"image\/png\" \/>\n<meta name=\"author\" content=\"Serhat K\u00fcpeli\" \/>\n<meta name=\"twitter:card\" content=\"summary_large_image\" \/>\n<meta name=\"twitter:label1\" content=\"Verfasst von\" \/>\n\t<meta name=\"twitter:data1\" content=\"Serhat K\u00fcpeli\" \/>\n\t<meta name=\"twitter:label2\" content=\"Gesch\u00e4tzte Lesezeit\" \/>\n\t<meta name=\"twitter:data2\" content=\"12\u00a0Minuten\" \/>\n<script type=\"application\/ld+json\" class=\"yoast-schema-graph\">{\"@context\":\"https:\\\/\\\/schema.org\",\"@graph\":[{\"@type\":\"Article\",\"@id\":\"https:\\\/\\\/www.pureconsultant.de\\\/de\\\/management\\\/haeufige-fehler-bei-der-personalentwicklung\\\/#article\",\"isPartOf\":{\"@id\":\"https:\\\/\\\/www.pureconsultant.de\\\/de\\\/management\\\/haeufige-fehler-bei-der-personalentwicklung\\\/\"},\"author\":{\"name\":\"Serhat K\u00fcpeli\",\"@id\":\"https:\\\/\\\/www.pureconsultant.de\\\/#\\\/schema\\\/person\\\/b879d2f247599ce3a636522dd8344e95\"},\"headline\":\"H\u00e4ufige Fehler bei der Personalentwicklung\",\"datePublished\":\"2026-03-13T14:44:08+00:00\",\"dateModified\":\"2026-03-13T14:44:19+00:00\",\"mainEntityOfPage\":{\"@id\":\"https:\\\/\\\/www.pureconsultant.de\\\/de\\\/management\\\/haeufige-fehler-bei-der-personalentwicklung\\\/\"},\"wordCount\":2234,\"image\":{\"@id\":\"https:\\\/\\\/www.pureconsultant.de\\\/de\\\/management\\\/haeufige-fehler-bei-der-personalentwicklung\\\/#primaryimage\"},\"thumbnailUrl\":\"https:\\\/\\\/www.pureconsultant.de\\\/wp-content\\\/uploads\\\/visual-selection478.png\",\"keywords\":[\"H\u00e4ufige Fehler bei der Personalentwicklung\"],\"articleSection\":[\"Management\"],\"inLanguage\":\"de\"},{\"@type\":\"WebPage\",\"@id\":\"https:\\\/\\\/www.pureconsultant.de\\\/de\\\/management\\\/haeufige-fehler-bei-der-personalentwicklung\\\/\",\"url\":\"https:\\\/\\\/www.pureconsultant.de\\\/de\\\/management\\\/haeufige-fehler-bei-der-personalentwicklung\\\/\",\"name\":\"H\u00e4ufige Fehler bei der Personalentwicklung - PURE Consultant\",\"isPartOf\":{\"@id\":\"https:\\\/\\\/www.pureconsultant.de\\\/#website\"},\"primaryImageOfPage\":{\"@id\":\"https:\\\/\\\/www.pureconsultant.de\\\/de\\\/management\\\/haeufige-fehler-bei-der-personalentwicklung\\\/#primaryimage\"},\"image\":{\"@id\":\"https:\\\/\\\/www.pureconsultant.de\\\/de\\\/management\\\/haeufige-fehler-bei-der-personalentwicklung\\\/#primaryimage\"},\"thumbnailUrl\":\"https:\\\/\\\/www.pureconsultant.de\\\/wp-content\\\/uploads\\\/visual-selection478.png\",\"datePublished\":\"2026-03-13T14:44:08+00:00\",\"dateModified\":\"2026-03-13T14:44:19+00:00\",\"author\":{\"@id\":\"https:\\\/\\\/www.pureconsultant.de\\\/#\\\/schema\\\/person\\\/b879d2f247599ce3a636522dd8344e95\"},\"description\":\"H\u00e4ufige Fehler bei der Personalentwicklung? Lernen Sie, wie Sie diese umgehen und nachhaltiges Wachstum f\u00f6rdern. Starten Sie heute!\",\"breadcrumb\":{\"@id\":\"https:\\\/\\\/www.pureconsultant.de\\\/de\\\/management\\\/haeufige-fehler-bei-der-personalentwicklung\\\/#breadcrumb\"},\"inLanguage\":\"de\",\"potentialAction\":[{\"@type\":\"ReadAction\",\"target\":[\"https:\\\/\\\/www.pureconsultant.de\\\/de\\\/management\\\/haeufige-fehler-bei-der-personalentwicklung\\\/\"]}]},{\"@type\":\"ImageObject\",\"inLanguage\":\"de\",\"@id\":\"https:\\\/\\\/www.pureconsultant.de\\\/de\\\/management\\\/haeufige-fehler-bei-der-personalentwicklung\\\/#primaryimage\",\"url\":\"https:\\\/\\\/www.pureconsultant.de\\\/wp-content\\\/uploads\\\/visual-selection478.png\",\"contentUrl\":\"https:\\\/\\\/www.pureconsultant.de\\\/wp-content\\\/uploads\\\/visual-selection478.png\"},{\"@type\":\"BreadcrumbList\",\"@id\":\"https:\\\/\\\/www.pureconsultant.de\\\/de\\\/management\\\/haeufige-fehler-bei-der-personalentwicklung\\\/#breadcrumb\",\"itemListElement\":[{\"@type\":\"ListItem\",\"position\":1,\"name\":\"Startseite\",\"item\":\"https:\\\/\\\/www.pureconsultant.de\\\/de\\\/\"},{\"@type\":\"ListItem\",\"position\":2,\"name\":\"H\u00e4ufige Fehler bei der Personalentwicklung\"}]},{\"@type\":\"WebSite\",\"@id\":\"https:\\\/\\\/www.pureconsultant.de\\\/#website\",\"url\":\"https:\\\/\\\/www.pureconsultant.de\\\/\",\"name\":\"PURE Consultant\",\"description\":\"Scrum, PMO, Projektmanagement &amp; Prozessmanagement aus K\u00f6ln\",\"potentialAction\":[{\"@type\":\"SearchAction\",\"target\":{\"@type\":\"EntryPoint\",\"urlTemplate\":\"https:\\\/\\\/www.pureconsultant.de\\\/?s={search_term_string}\"},\"query-input\":{\"@type\":\"PropertyValueSpecification\",\"valueRequired\":true,\"valueName\":\"search_term_string\"}}],\"inLanguage\":\"de\"},{\"@type\":\"Person\",\"@id\":\"https:\\\/\\\/www.pureconsultant.de\\\/#\\\/schema\\\/person\\\/b879d2f247599ce3a636522dd8344e95\",\"name\":\"Serhat K\u00fcpeli\",\"image\":{\"@type\":\"ImageObject\",\"inLanguage\":\"de\",\"@id\":\"https:\\\/\\\/secure.gravatar.com\\\/avatar\\\/0886d2e74e7dfa20a0d9157eed001ec6efc4a799c718c80d37ebd532ec3810f1?s=96&d=mm&r=g\",\"url\":\"https:\\\/\\\/secure.gravatar.com\\\/avatar\\\/0886d2e74e7dfa20a0d9157eed001ec6efc4a799c718c80d37ebd532ec3810f1?s=96&d=mm&r=g\",\"contentUrl\":\"https:\\\/\\\/secure.gravatar.com\\\/avatar\\\/0886d2e74e7dfa20a0d9157eed001ec6efc4a799c718c80d37ebd532ec3810f1?s=96&d=mm&r=g\",\"caption\":\"Serhat K\u00fcpeli\"}}]}<\/script>\n<!-- \/ Yoast SEO plugin. -->","yoast_head_json":{"title":"H\u00e4ufige Fehler bei der Personalentwicklung - PURE Consultant","description":"H\u00e4ufige Fehler bei der Personalentwicklung? Lernen Sie, wie Sie diese umgehen und nachhaltiges Wachstum f\u00f6rdern. Starten Sie heute!","robots":{"index":"index","follow":"follow","max-snippet":"max-snippet:-1","max-image-preview":"max-image-preview:large","max-video-preview":"max-video-preview:-1"},"canonical":"https:\/\/www.pureconsultant.de\/de\/management\/haeufige-fehler-bei-der-personalentwicklung\/","og_locale":"de_DE","og_type":"article","og_title":"H\u00e4ufige Fehler bei der Personalentwicklung - PURE Consultant","og_description":"H\u00e4ufige Fehler bei der Personalentwicklung? Lernen Sie, wie Sie diese umgehen und nachhaltiges Wachstum f\u00f6rdern. Starten Sie heute!","og_url":"https:\/\/www.pureconsultant.de\/de\/management\/haeufige-fehler-bei-der-personalentwicklung\/","og_site_name":"PURE Consultant","article_published_time":"2026-03-13T14:44:08+00:00","article_modified_time":"2026-03-13T14:44:19+00:00","og_image":[{"width":780,"height":618,"url":"https:\/\/www.pureconsultant.de\/wp-content\/uploads\/visual-selection478.png","type":"image\/png"}],"author":"Serhat K\u00fcpeli","twitter_card":"summary_large_image","twitter_misc":{"Verfasst von":"Serhat K\u00fcpeli","Gesch\u00e4tzte Lesezeit":"12\u00a0Minuten"},"schema":{"@context":"https:\/\/schema.org","@graph":[{"@type":"Article","@id":"https:\/\/www.pureconsultant.de\/de\/management\/haeufige-fehler-bei-der-personalentwicklung\/#article","isPartOf":{"@id":"https:\/\/www.pureconsultant.de\/de\/management\/haeufige-fehler-bei-der-personalentwicklung\/"},"author":{"name":"Serhat K\u00fcpeli","@id":"https:\/\/www.pureconsultant.de\/#\/schema\/person\/b879d2f247599ce3a636522dd8344e95"},"headline":"H\u00e4ufige Fehler bei der Personalentwicklung","datePublished":"2026-03-13T14:44:08+00:00","dateModified":"2026-03-13T14:44:19+00:00","mainEntityOfPage":{"@id":"https:\/\/www.pureconsultant.de\/de\/management\/haeufige-fehler-bei-der-personalentwicklung\/"},"wordCount":2234,"image":{"@id":"https:\/\/www.pureconsultant.de\/de\/management\/haeufige-fehler-bei-der-personalentwicklung\/#primaryimage"},"thumbnailUrl":"https:\/\/www.pureconsultant.de\/wp-content\/uploads\/visual-selection478.png","keywords":["H\u00e4ufige Fehler bei der Personalentwicklung"],"articleSection":["Management"],"inLanguage":"de"},{"@type":"WebPage","@id":"https:\/\/www.pureconsultant.de\/de\/management\/haeufige-fehler-bei-der-personalentwicklung\/","url":"https:\/\/www.pureconsultant.de\/de\/management\/haeufige-fehler-bei-der-personalentwicklung\/","name":"H\u00e4ufige Fehler bei der Personalentwicklung - PURE Consultant","isPartOf":{"@id":"https:\/\/www.pureconsultant.de\/#website"},"primaryImageOfPage":{"@id":"https:\/\/www.pureconsultant.de\/de\/management\/haeufige-fehler-bei-der-personalentwicklung\/#primaryimage"},"image":{"@id":"https:\/\/www.pureconsultant.de\/de\/management\/haeufige-fehler-bei-der-personalentwicklung\/#primaryimage"},"thumbnailUrl":"https:\/\/www.pureconsultant.de\/wp-content\/uploads\/visual-selection478.png","datePublished":"2026-03-13T14:44:08+00:00","dateModified":"2026-03-13T14:44:19+00:00","author":{"@id":"https:\/\/www.pureconsultant.de\/#\/schema\/person\/b879d2f247599ce3a636522dd8344e95"},"description":"H\u00e4ufige Fehler bei der Personalentwicklung? Lernen Sie, wie Sie diese umgehen und nachhaltiges Wachstum f\u00f6rdern. Starten Sie heute!","breadcrumb":{"@id":"https:\/\/www.pureconsultant.de\/de\/management\/haeufige-fehler-bei-der-personalentwicklung\/#breadcrumb"},"inLanguage":"de","potentialAction":[{"@type":"ReadAction","target":["https:\/\/www.pureconsultant.de\/de\/management\/haeufige-fehler-bei-der-personalentwicklung\/"]}]},{"@type":"ImageObject","inLanguage":"de","@id":"https:\/\/www.pureconsultant.de\/de\/management\/haeufige-fehler-bei-der-personalentwicklung\/#primaryimage","url":"https:\/\/www.pureconsultant.de\/wp-content\/uploads\/visual-selection478.png","contentUrl":"https:\/\/www.pureconsultant.de\/wp-content\/uploads\/visual-selection478.png"},{"@type":"BreadcrumbList","@id":"https:\/\/www.pureconsultant.de\/de\/management\/haeufige-fehler-bei-der-personalentwicklung\/#breadcrumb","itemListElement":[{"@type":"ListItem","position":1,"name":"Startseite","item":"https:\/\/www.pureconsultant.de\/de\/"},{"@type":"ListItem","position":2,"name":"H\u00e4ufige Fehler bei der Personalentwicklung"}]},{"@type":"WebSite","@id":"https:\/\/www.pureconsultant.de\/#website","url":"https:\/\/www.pureconsultant.de\/","name":"PURE Consultant","description":"Scrum, PMO, Projektmanagement &amp; Prozessmanagement aus K\u00f6ln","potentialAction":[{"@type":"SearchAction","target":{"@type":"EntryPoint","urlTemplate":"https:\/\/www.pureconsultant.de\/?s={search_term_string}"},"query-input":{"@type":"PropertyValueSpecification","valueRequired":true,"valueName":"search_term_string"}}],"inLanguage":"de"},{"@type":"Person","@id":"https:\/\/www.pureconsultant.de\/#\/schema\/person\/b879d2f247599ce3a636522dd8344e95","name":"Serhat K\u00fcpeli","image":{"@type":"ImageObject","inLanguage":"de","@id":"https:\/\/secure.gravatar.com\/avatar\/0886d2e74e7dfa20a0d9157eed001ec6efc4a799c718c80d37ebd532ec3810f1?s=96&d=mm&r=g","url":"https:\/\/secure.gravatar.com\/avatar\/0886d2e74e7dfa20a0d9157eed001ec6efc4a799c718c80d37ebd532ec3810f1?s=96&d=mm&r=g","contentUrl":"https:\/\/secure.gravatar.com\/avatar\/0886d2e74e7dfa20a0d9157eed001ec6efc4a799c718c80d37ebd532ec3810f1?s=96&d=mm&r=g","caption":"Serhat K\u00fcpeli"}}]}},"_links":{"self":[{"href":"https:\/\/www.pureconsultant.de\/de\/wp-json\/wp\/v2\/posts\/28359","targetHints":{"allow":["GET"]}}],"collection":[{"href":"https:\/\/www.pureconsultant.de\/de\/wp-json\/wp\/v2\/posts"}],"about":[{"href":"https:\/\/www.pureconsultant.de\/de\/wp-json\/wp\/v2\/types\/post"}],"author":[{"embeddable":true,"href":"https:\/\/www.pureconsultant.de\/de\/wp-json\/wp\/v2\/users\/6"}],"replies":[{"embeddable":true,"href":"https:\/\/www.pureconsultant.de\/de\/wp-json\/wp\/v2\/comments?post=28359"}],"version-history":[{"count":2,"href":"https:\/\/www.pureconsultant.de\/de\/wp-json\/wp\/v2\/posts\/28359\/revisions"}],"predecessor-version":[{"id":28362,"href":"https:\/\/www.pureconsultant.de\/de\/wp-json\/wp\/v2\/posts\/28359\/revisions\/28362"}],"wp:attachment":[{"href":"https:\/\/www.pureconsultant.de\/de\/wp-json\/wp\/v2\/media?parent=28359"}],"wp:term":[{"taxonomy":"category","embeddable":true,"href":"https:\/\/www.pureconsultant.de\/de\/wp-json\/wp\/v2\/categories?post=28359"},{"taxonomy":"post_tag","embeddable":true,"href":"https:\/\/www.pureconsultant.de\/de\/wp-json\/wp\/v2\/tags?post=28359"}],"curies":[{"name":"wp","href":"https:\/\/api.w.org\/{rel}","templated":true}]}}