{"id":28355,"date":"2026-03-13T15:36:06","date_gmt":"2026-03-13T14:36:06","guid":{"rendered":"https:\/\/www.pureconsultant.de\/de\/?p=28355"},"modified":"2026-03-13T15:37:10","modified_gmt":"2026-03-13T14:37:10","slug":"personalentwicklung-vs-talentmanagement","status":"publish","type":"post","link":"https:\/\/www.pureconsultant.de\/de\/management\/personalentwicklung-vs-talentmanagement\/","title":{"rendered":"Personalentwicklung vs. Talentmanagement"},"content":{"rendered":"<div class=\"m-block--container u-offset m-block--core--paragraph\">\n<p>Personalentwicklung vs. Talentmanagement &#8211; Gute Leute zu finden ist schwer \u2013 sie zu halten und gezielt zu entwickeln, ist noch anspruchsvoller. Sp\u00e4testens wenn die ersten Schl\u00fcsselkr\u00e4fte k\u00fcndigen, das Nachfolgemanagement wackelt oder Projekte an Skill-L\u00fccken scheitern, taucht eine zentrale Frage auf:<br>Brauchen wir st\u00e4rkere <strong class=\"\"><a href=\"https:\/\/www.pureconsultant.de\/de\/management\/personalentwicklung-erklaert\/\">Personalentwicklung<\/a><\/strong>, ein systematisches <strong class=\"\">Talentmanagement<\/strong> \u2013 oder beides?<\/p>\n<\/div><div class=\"m-block--container u-offset m-block--core--paragraph\">\n<p>In diesem Beitrag erfahren Sie klar und praxisnah, worin sich Personalentwicklung und Talentmanagement unterscheiden, wie sie zusammenspielen sollten und wie Sie eine pragmatische, wirksame Kombination f\u00fcr Ihr Unternehmen aufbauen.<\/p>\n<\/div><div class=\"m-block--container u-offset m-block--core--image\">\n<figure class=\"wp-block-image size-full\"><img loading=\"lazy\" decoding=\"async\" width=\"1032\" height=\"648\" src=\"https:\/\/www.pureconsultant.de\/wp-content\/uploads\/visual-selection477.png\" alt=\"Personalentwicklung vs. Talentmanagement\" class=\"wp-image-28357\" srcset=\"https:\/\/www.pureconsultant.de\/wp-content\/uploads\/visual-selection477.png 1032w, https:\/\/www.pureconsultant.de\/wp-content\/uploads\/visual-selection477-768x482.png 768w, https:\/\/www.pureconsultant.de\/wp-content\/uploads\/visual-selection477-64x40.png 64w\" sizes=\"auto, (max-width: 1032px) 100vw, 1032px\" \/><figcaption class=\"wp-element-caption\">Personalentwicklung vs. Talentmanagement<\/figcaption><\/figure>\n<\/div><div class=\"m-block--container u-offset m-block--core--separator\">\n<hr class=\"wp-block-separator has-alpha-channel-opacity\"\/>\n<\/div><div class=\"m-block--container u-offset m-block--core--heading\">\n<h2 class=\"wp-block-heading\">Kurzdefinition: Was ist Personalentwicklung, was ist Talentmanagement?<\/h2>\n<\/div><div class=\"m-block--container u-offset m-block--core--paragraph\">\n<p><strong class=\"\">Personalentwicklung<\/strong> bezeichnet alle geplanten Ma\u00dfnahmen, mit denen ein Unternehmen die Qualifikationen, Kompetenzen und das Verhalten seiner Mitarbeitenden systematisch verbessert \u2013 von Fachtrainings \u00fcber F\u00fchrungskr\u00e4fteprogramme bis hin zu Lernplattformen und Job-Rotation.<\/p>\n<\/div><div class=\"m-block--container u-offset m-block--core--paragraph\">\n<p><strong class=\"\">Talentmanagement<\/strong> umfasst alle Aktivit\u00e4ten, mit denen ein Unternehmen Schl\u00fcsselpositionen sichert, kritische Rollen nachbesetzt und Mitarbeitende mit hohem Potenzial fr\u00fch identifiziert, f\u00f6rdert und bindet \u2013 von Potenzialanalysen bis zu Nachfolgepl\u00e4nen und individuellen Entwicklungspfaden.<\/p>\n<\/div><div class=\"m-block--container u-offset m-block--core--separator\">\n<hr class=\"wp-block-separator has-alpha-channel-opacity\"\/>\n<\/div><div class=\"m-block--container u-offset m-block--core--heading\">\n<h2 class=\"wp-block-heading\">Personalentwicklung vs. Talentmanagement \u2013 die Unterschiede auf einen Blick<\/h2>\n<\/div><div class=\"m-block--container u-offset m-block--core--paragraph\">\n<p><strong class=\"\">Hauptunterschied<\/strong>:<\/p>\n<\/div><div class=\"m-block--container u-offset m-block--core--list\">\n<ul class=\"wp-block-list\"><div class=\"m-block--container u-offset m-block--core--list-item\">\n<li><strong class=\"\">Personalentwicklung<\/strong> richtet sich grunds\u00e4tzlich an alle Besch\u00e4ftigten und fokussiert auf die <em class=\"\">Breite der Belegschaft<\/em>.<\/li>\n<\/div>\n\n<div class=\"m-block--container u-offset m-block--core--list-item\">\n<li><strong class=\"\">Talentmanagement<\/strong> fokussiert bewusst auf eine <em class=\"\">Auswahl kritischer Rollen und Personen (Talente)<\/em>, die f\u00fcr die Zukunftssicherung besonders relevant sind.<\/li>\n<\/div><\/ul>\n<\/div><div class=\"m-block--container u-offset m-block--core--heading\">\n<h3 class=\"wp-block-heading\">Vergleichstabelle: Personalentwicklung und Talentmanagement<\/h3>\n<\/div><div class=\"m-block--container u-offset m-block--core--table\">\n<figure class=\"wp-block-table\"><table class=\"has-fixed-layout\"><thead><tr><th>Kriterium<\/th><th>Personalentwicklung<\/th><th>Talentmanagement<\/th><\/tr><\/thead><tbody><tr><td>Zielgruppe<\/td><td>Grunds\u00e4tzlich alle Mitarbeitenden<\/td><td>Ausgew\u00e4hlte Talente, Schl\u00fcsselpositionen<\/td><\/tr><tr><td>Fokus<\/td><td>Qualifikationsaufbau, Kompetenzerweiterung<\/td><td>Potenzial, Nachfolge, strategische Rollen<\/td><\/tr><tr><td>Zeithorizont<\/td><td>Kurz- bis mittelfristig<\/td><td>Mittel- bis langfristig (2\u20135+ Jahre)<\/td><\/tr><tr><td>Ausgangspunkt<\/td><td>Aktuelle Anforderungen der Stellen und Teams<\/td><td>Zuk\u00fcnftige Bed\u00fcrfnisse, Wachstumspl\u00e4ne, Risikopositionen<\/td><\/tr><tr><td>Typische Instrumente<\/td><td>Trainings, E\u2011Learning, Coaching, Mentoring<\/td><td>Talentpools, Potenzialkonferenzen, Nachfolgeplanung<\/td><\/tr><tr><td>KPI-Beispiele<\/td><td>Trainingsstunden, Kompetenzniveaus, Transfer<\/td><td>Time-to-Fill, Nachfolgequote, Retention kritischer Talente<\/td><\/tr><tr><td>Verantwortliche<\/td><td>HR-PE, F\u00fchrungskr\u00e4fte<\/td><td>HR-Talentmanagement, Top-Management, Businessverantwortliche<\/td><\/tr><\/tbody><\/table><\/figure>\n<\/div><div class=\"m-block--container u-offset m-block--core--separator\">\n<hr class=\"wp-block-separator has-alpha-channel-opacity\"\/>\n<\/div><div class=\"m-block--container u-offset m-block--core--heading\">\n<h2 class=\"wp-block-heading\">Warum die Unterscheidung wichtig ist \u2013 und trotzdem gef\u00e4hrlich sein kann<\/h2>\n<\/div><div class=\"m-block--container u-offset m-block--core--paragraph\">\n<p>In vielen Unternehmen wird \u201ePersonalentwicklung vs. Talentmanagement\u201c als Entweder-oder-Frage gef\u00fchrt:<\/p>\n<\/div><div class=\"m-block--container u-offset m-block--core--list\">\n<ul class=\"wp-block-list\"><div class=\"m-block--container u-offset m-block--core--list-item\">\n<li>\u201eWir brauchen kein aufwendiges Talentmanagement, wir machen doch seit Jahren gute Schulungen.\u201c<\/li>\n<\/div>\n\n<div class=\"m-block--container u-offset m-block--core--list-item\">\n<li>\u201ePersonalentwicklung ist uns zu breit \u2013 wir konzentrieren uns lieber auf High Potentials.\u201c<\/li>\n<\/div><\/ul>\n<\/div><div class=\"m-block--container u-offset m-block--core--paragraph\">\n<p>Beides greift zu kurz. Typische Risiken:<\/p>\n<\/div><div class=\"m-block--container u-offset m-block--core--list\">\n<ul class=\"wp-block-list\"><div class=\"m-block--container u-offset m-block--core--list-item\">\n<li><strong class=\"\">Nur Personalentwicklung ohne Talentmanagement<\/strong><div class=\"m-block--container u-offset m-block--core--list\">\n<ul class=\"wp-block-list\"><div class=\"m-block--container u-offset m-block--core--list-item\">\n<li>Hohe Weiterbildungsquote, aber keine klar geregelten Nachfolgen<\/li>\n<\/div>\n\n<div class=\"m-block--container u-offset m-block--core--list-item\">\n<li>Gute Leute gehen, weil sie keine Perspektive sehen<\/li>\n<\/div>\n\n<div class=\"m-block--container u-offset m-block--core--list-item\">\n<li>Kritische Rollen sind im Ernstfall unbesetzt<\/li>\n<\/div><\/ul>\n<\/div><\/li>\n<\/div>\n\n<div class=\"m-block--container u-offset m-block--core--list-item\">\n<li><strong class=\"\">Nur Talentmanagement ohne breite Personalentwicklung<\/strong><div class=\"m-block--container u-offset m-block--core--list\">\n<ul class=\"wp-block-list\"><div class=\"m-block--container u-offset m-block--core--list-item\">\n<li>Wahrnehmung einer \u201eZwei-Klassen-Belegschaft\u201c<\/li>\n<\/div>\n\n<div class=\"m-block--container u-offset m-block--core--list-item\">\n<li>Fokus auf wenige Auserw\u00e4hlte, w\u00e4hrend Basisqualifikation veraltet<\/li>\n<\/div>\n\n<div class=\"m-block--container u-offset m-block--core--list-item\">\n<li>Transformationsprojekte (z.\u202fB. Digitalisierung) scheitern an Skills in der Breite<\/li>\n<\/div><\/ul>\n<\/div><\/li>\n<\/div><\/ul>\n<\/div><div class=\"m-block--container u-offset m-block--core--paragraph\">\n<p>Nachhaltig erfolgreich sind Unternehmen, die <strong class=\"\">beides verzahnen<\/strong>: solide Personalentwicklung f\u00fcr alle plus gezieltes Talentmanagement f\u00fcr Schl\u00fcsselrollen.<\/p>\n<\/div><div class=\"m-block--container u-offset m-block--core--separator\">\n<hr class=\"wp-block-separator has-alpha-channel-opacity\"\/>\n<\/div><div class=\"m-block--container u-offset m-block--core--heading\">\n<h2 class=\"wp-block-heading\">Personalentwicklung: Breite Qualifizierung als Fundament<\/h2>\n<\/div><div class=\"m-block--container u-offset m-block--core--heading\">\n<h3 class=\"wp-block-heading\">Ziele der Personalentwicklung<\/h3>\n<\/div><div class=\"m-block--container u-offset m-block--core--paragraph\">\n<p>Personalentwicklung verfolgt mehrere Ziele, die sich meist kombinieren:<\/p>\n<\/div><div class=\"m-block--container u-offset m-block--core--list\">\n<ul class=\"wp-block-list\"><div class=\"m-block--container u-offset m-block--core--list-item\">\n<li><strong class=\"\">Sicherstellung der fachlichen Kompetenz<\/strong> f\u00fcr aktuelle und kommende Aufgaben<\/li>\n<\/div>\n\n<div class=\"m-block--container u-offset m-block--core--list-item\">\n<li><strong class=\"\">Unterst\u00fctzung von Strategie und Transformation<\/strong>, z.\u202fB. Digitalisierung, neue Gesch\u00e4ftsmodelle<\/li>\n<\/div>\n\n<div class=\"m-block--container u-offset m-block--core--list-item\">\n<li><strong class=\"\">F\u00f6rderung von Motivation und Bindung<\/strong>, weil Mitarbeitende Entwicklungschancen sehen<\/li>\n<\/div>\n\n<div class=\"m-block--container u-offset m-block--core--list-item\">\n<li><strong class=\"\">Verbesserung der Zusammenarbeit<\/strong>, Kommunikation, F\u00fchrungskultur<\/li>\n<\/div>\n\n<div class=\"m-block--container u-offset m-block--core--list-item\">\n<li><strong class=\"\">Risikominimierung<\/strong>, z.\u202fB. durch Redundanz auf kritischen Skills<\/li>\n<\/div><\/ul>\n<\/div><div class=\"m-block--container u-offset m-block--core--heading\">\n<h3 class=\"wp-block-heading\">Zentrale Handlungsfelder der Personalentwicklung<\/h3>\n<\/div><div class=\"m-block--container u-offset m-block--core--paragraph\">\n<p>Typische Themenfelder:<\/p>\n<\/div><div class=\"m-block--container u-offset m-block--core--list\">\n<ul class=\"wp-block-list\"><div class=\"m-block--container u-offset m-block--core--list-item\">\n<li>Fachliche Weiterbildung (z.\u202fB. IT-Skills, Methodenwissen, Regulatorik)<\/li>\n<\/div>\n\n<div class=\"m-block--container u-offset m-block--core--list-item\">\n<li>Methoden- und Sozialkompetenz (Agilit\u00e4t, Moderation, Konfliktkompetenz)<\/li>\n<\/div>\n\n<div class=\"m-block--container u-offset m-block--core--list-item\">\n<li>F\u00fchrungskr\u00e4fteentwicklung (vom ersten Teamlead bis zum Senior Management)<\/li>\n<\/div>\n\n<div class=\"m-block--container u-offset m-block--core--list-item\">\n<li>Projekt- und Produktmanagement (klassisch, agil, hybrid)<\/li>\n<\/div>\n\n<div class=\"m-block--container u-offset m-block--core--list-item\">\n<li>Learning Culture &amp; Lernformate (E\u2011Learning, Blended Learning, Learning-on-the-Job)<\/li>\n<\/div><\/ul>\n<\/div><div class=\"m-block--container u-offset m-block--core--heading\">\n<h3 class=\"wp-block-heading\">Typische Instrumente der Personalentwicklung<\/h3>\n<\/div><div class=\"m-block--container u-offset m-block--core--paragraph\">\n<p>Eine zeitgem\u00e4\u00dfe Personalentwicklung nutzt eine Mischung aus:<\/p>\n<\/div><div class=\"m-block--container u-offset m-block--core--list\">\n<ul class=\"wp-block-list\"><div class=\"m-block--container u-offset m-block--core--list-item\">\n<li><strong class=\"\">Trainings und Seminaren<\/strong> (pr\u00e4sent, virtuell, hybrid)<\/li>\n<\/div>\n\n<div class=\"m-block--container u-offset m-block--core--list-item\">\n<li><strong class=\"\">E\u2011Learning und Lernplattformen<\/strong> (LMS, LXP, Microlearning)<\/li>\n<\/div>\n\n<div class=\"m-block--container u-offset m-block--core--list-item\">\n<li><strong class=\"\">Coaching und Mentoring<\/strong><\/li>\n<\/div>\n\n<div class=\"m-block--container u-offset m-block--core--list-item\">\n<li><strong class=\"\">Job-Rotation und Projektarbeit<\/strong><\/li>\n<\/div>\n\n<div class=\"m-block--container u-offset m-block--core--list-item\">\n<li><strong class=\"\">Communities of Practice, Peer-Learning, Lernzirkel<\/strong><\/li>\n<\/div><\/ul>\n<\/div><div class=\"m-block--container u-offset m-block--core--paragraph\">\n<p>Entscheidend ist weniger die Anzahl der Angebote, sondern die <strong class=\"\">Qualit\u00e4t der Ableitung aus Strategie und Skill-Bedarf<\/strong>.<\/p>\n<\/div><div class=\"m-block--container u-offset m-block--core--separator\">\n<hr class=\"wp-block-separator has-alpha-channel-opacity\"\/>\n<\/div><div class=\"m-block--container u-offset m-block--core--heading\">\n<h2 class=\"wp-block-heading\">Talentmanagement: Engpassorientierte Zukunftssicherung<\/h2>\n<\/div><div class=\"m-block--container u-offset m-block--core--heading\">\n<h3 class=\"wp-block-heading\">Was gilt als \u201eTalent\u201c?<\/h3>\n<\/div><div class=\"m-block--container u-offset m-block--core--paragraph\">\n<p>Der Begriff \u201eTalent\u201c ist unscharf. In der Praxis haben sich drei Perspektiven etabliert:<\/p>\n<\/div><div class=\"m-block--container u-offset m-block--core--list\">\n<ol class=\"wp-block-list\"><div class=\"m-block--container u-offset m-block--core--list-item\">\n<li><strong class=\"\">Positionsorientiert<\/strong>: Talente sind Personen, die f\u00fcr bestimmte Schl\u00fcsselpositionen in Frage kommen (z.\u202fB. Bereichsleiter, Architekt, Lead Product Owner).<\/li>\n<\/div>\n\n<div class=\"m-block--container u-offset m-block--core--list-item\">\n<li><strong class=\"\">Potenzialorientiert<\/strong>: Talente sind Mitarbeitende mit \u00fcberdurchschnittlichem Entwicklungspotenzial, unabh\u00e4ngig von der aktuellen Rolle.<\/li>\n<\/div>\n\n<div class=\"m-block--container u-offset m-block--core--list-item\">\n<li><strong class=\"\">Kompetenzorientiert<\/strong>: Talente bringen seltene oder besonders strategische F\u00e4higkeiten ein (z.\u202fB. KI-Expertise, regulatorisches Spezialwissen).<\/li>\n<\/div><\/ol>\n<\/div><div class=\"m-block--container u-offset m-block--core--paragraph\">\n<p>Wichtig ist eine <strong class=\"\">klare, intern kommunizierte Definition<\/strong>, um Erwartungen zu steuern und Fairness zu sichern.<\/p>\n<\/div><div class=\"m-block--container u-offset m-block--core--heading\">\n<h3 class=\"wp-block-heading\">Ziele des Talentmanagements<\/h3>\n<\/div><div class=\"m-block--container u-offset m-block--core--paragraph\">\n<p>Talentmanagement zielt vor allem auf:<\/p>\n<\/div><div class=\"m-block--container u-offset m-block--core--list\">\n<ul class=\"wp-block-list\"><div class=\"m-block--container u-offset m-block--core--list-item\">\n<li><strong class=\"\">Nachfolgeplanung f\u00fcr Schl\u00fcsselpositionen<\/strong><\/li>\n<\/div>\n\n<div class=\"m-block--container u-offset m-block--core--list-item\">\n<li><strong class=\"\">Bindung kritischer Fach- und F\u00fchrungskr\u00e4fte<\/strong><\/li>\n<\/div>\n\n<div class=\"m-block--container u-offset m-block--core--list-item\">\n<li><strong class=\"\">Schnellere Besetzung anspruchsvoller Rollen<\/strong><\/li>\n<\/div>\n\n<div class=\"m-block--container u-offset m-block--core--list-item\">\n<li><strong class=\"\">Reduktion von Abh\u00e4ngigkeiten<\/strong> von einzelnen Personen<\/li>\n<\/div>\n\n<div class=\"m-block--container u-offset m-block--core--list-item\">\n<li><strong class=\"\">Aufbau eines nachhaltigen \u201eLeadership- und Expertennachschubs\u201c<\/strong><\/li>\n<\/div><\/ul>\n<\/div><div class=\"m-block--container u-offset m-block--core--heading\">\n<h3 class=\"wp-block-heading\">Kernprozesse im Talentmanagement<\/h3>\n<\/div><div class=\"m-block--container u-offset m-block--core--paragraph\">\n<p>Ein reifes Talentmanagement besteht typischerweise aus:<\/p>\n<\/div><div class=\"m-block--container u-offset m-block--core--list\">\n<ol class=\"wp-block-list\"><div class=\"m-block--container u-offset m-block--core--list-item\">\n<li><strong class=\"\">Identifikation von Schl\u00fcsselpositionen<\/strong><div class=\"m-block--container u-offset m-block--core--list\">\n<ul class=\"wp-block-list\"><div class=\"m-block--container u-offset m-block--core--list-item\">\n<li>Welche Rollen sind f\u00fcr Strategie, Umsatz, Innovation, Betriebssicherheit kritisch?<\/li>\n<\/div>\n\n<div class=\"m-block--container u-offset m-block--core--list-item\">\n<li>Welche Positionen w\u00e4ren im Ausfall hochriskant?<\/li>\n<\/div><\/ul>\n<\/div><\/li>\n<\/div>\n\n<div class=\"m-block--container u-offset m-block--core--list-item\">\n<li><strong class=\"\">Talenterkennung und Potenzialanalyse<\/strong><div class=\"m-block--container u-offset m-block--core--list\">\n<ul class=\"wp-block-list\"><div class=\"m-block--container u-offset m-block--core--list-item\">\n<li>Kombination aus Performance-Daten, Verhaltensbeobachtungen und strukturierten Potenzialanalysen<\/li>\n<\/div>\n\n<div class=\"m-block--container u-offset m-block--core--list-item\">\n<li>Kalibrierungsrunden, Talentkonferenzen mit F\u00fchrungskr\u00e4ften<\/li>\n<\/div><\/ul>\n<\/div><\/li>\n<\/div>\n\n<div class=\"m-block--container u-offset m-block--core--list-item\">\n<li><strong class=\"\">Individuelle Entwicklungspl\u00e4ne f\u00fcr Talente<\/strong><div class=\"m-block--container u-offset m-block--core--list\">\n<ul class=\"wp-block-list\"><div class=\"m-block--container u-offset m-block--core--list-item\">\n<li>Kombination aus Stretch Assignments, Projekten, Coaching, Shadowing<\/li>\n<\/div>\n\n<div class=\"m-block--container u-offset m-block--core--list-item\">\n<li>Zielrollen und Meilensteine klar definieren<\/li>\n<\/div><\/ul>\n<\/div><\/li>\n<\/div>\n\n<div class=\"m-block--container u-offset m-block--core--list-item\">\n<li><strong class=\"\">Nachfolgeplanung und Pipeline-Steuerung<\/strong><div class=\"m-block--container u-offset m-block--core--list\">\n<ul class=\"wp-block-list\"><div class=\"m-block--container u-offset m-block--core--list-item\">\n<li>Hinterlegung von 1\u20132 m\u00f6glichen Nachfolgekandidaten pro Schl\u00fcsselrolle<\/li>\n<\/div>\n\n<div class=\"m-block--container u-offset m-block--core--list-item\">\n<li>Regelm\u00e4\u00dfige \u00dcberpr\u00fcfung: Wer ist \u201eready now\u201c, \u201eready soon\u201c, \u201elong term\u201c?<\/li>\n<\/div><\/ul>\n<\/div><\/li>\n<\/div>\n\n<div class=\"m-block--container u-offset m-block--core--list-item\">\n<li><strong class=\"\">Bindung und Wertangebot<\/strong><div class=\"m-block--container u-offset m-block--core--list\">\n<ul class=\"wp-block-list\"><div class=\"m-block--container u-offset m-block--core--list-item\">\n<li>Passende Karrierepfade (F\u00fchrung vs. Fachlaufbahn)<\/li>\n<\/div>\n\n<div class=\"m-block--container u-offset m-block--core--list-item\">\n<li>Attraktive Rahmenbedingungen und Sichtbarkeit im Unternehmen<\/li>\n<\/div><\/ul>\n<\/div><\/li>\n<\/div><\/ol>\n<\/div><div class=\"m-block--container u-offset m-block--core--separator\">\n<hr class=\"wp-block-separator has-alpha-channel-opacity\"\/>\n<\/div><div class=\"m-block--container u-offset m-block--core--heading\">\n<h2 class=\"wp-block-heading\">Personalentwicklung vs. Talentmanagement: typische Missverst\u00e4ndnisse<\/h2>\n<\/div><div class=\"m-block--container u-offset m-block--core--heading\">\n<h3 class=\"wp-block-heading\">Missverst\u00e4ndnis 1: \u201eTalentmanagement ist nur ein anderes Wort f\u00fcr Personalentwicklung.\u201c<\/h3>\n<\/div><div class=\"m-block--container u-offset m-block--core--paragraph\">\n<p>Falsch. Talentmanagement setzt einen <strong class=\"\">engeren Fokus<\/strong>:<\/p>\n<\/div><div class=\"m-block--container u-offset m-block--core--list\">\n<ul class=\"wp-block-list\"><div class=\"m-block--container u-offset m-block--core--list-item\">\n<li>Personalentwicklung: \u201eWie entwickeln wir unsere Mitarbeitenden, damit sie ihre Aufgaben gut erf\u00fcllen?\u201c<\/li>\n<\/div>\n\n<div class=\"m-block--container u-offset m-block--core--list-item\">\n<li>Talentmanagement: \u201eWie sichern wir die Rollen, die f\u00fcr unsere Zukunft \u00fcberlebenswichtig sind, mit den richtigen Personen?\u201c<\/li>\n<\/div><\/ul>\n<\/div><div class=\"m-block--container u-offset m-block--core--paragraph\">\n<p>Beides h\u00e4ngt zusammen, ist aber nicht identisch.<\/p>\n<\/div><div class=\"m-block--container u-offset m-block--core--heading\">\n<h3 class=\"wp-block-heading\">Missverst\u00e4ndnis 2: \u201eTalente erkennt man auch ohne System \u2013 das sieht man doch.\u201c<\/h3>\n<\/div><div class=\"m-block--container u-offset m-block--core--paragraph\">\n<p>Ein verbreiteter Trugschluss. Ohne strukturierte Kriterien und abgestimmte Prozesse drohen:<\/p>\n<\/div><div class=\"m-block--container u-offset m-block--core--list\">\n<ul class=\"wp-block-list\"><div class=\"m-block--container u-offset m-block--core--list-item\">\n<li>Bauchentscheidungen, Sympathieeffekte<\/li>\n<\/div>\n\n<div class=\"m-block--container u-offset m-block--core--list-item\">\n<li>\u00dcbersehen leiser, aber leistungsstarker Mitarbeitender<\/li>\n<\/div>\n\n<div class=\"m-block--container u-offset m-block--core--list-item\">\n<li>Intransparenz und Frust (\u201eimmer dieselben werden gef\u00f6rdert\u201c)<\/li>\n<\/div><\/ul>\n<\/div><div class=\"m-block--container u-offset m-block--core--paragraph\">\n<p>Talentmanagement braucht <strong class=\"\">klare Kriterien und ein minimales Set an Prozessen<\/strong>, sonst ist es nicht fair und kaum steuerbar.<\/p>\n<\/div><div class=\"m-block--container u-offset m-block--core--heading\">\n<h3 class=\"wp-block-heading\">Missverst\u00e4ndnis 3: \u201eTalentprogramme erzeugen nur Neid.\u201c<\/h3>\n<\/div><div class=\"m-block--container u-offset m-block--core--paragraph\">\n<p>Neid entsteht meist dort, wo:<\/p>\n<\/div><div class=\"m-block--container u-offset m-block--core--list\">\n<ul class=\"wp-block-list\"><div class=\"m-block--container u-offset m-block--core--list-item\">\n<li>Kriterien unklar sind<\/li>\n<\/div>\n\n<div class=\"m-block--container u-offset m-block--core--list-item\">\n<li>Kommunikation l\u00fcckenhaft ist<\/li>\n<\/div>\n\n<div class=\"m-block--container u-offset m-block--core--list-item\">\n<li>Personalentwicklung f\u00fcr die \u00fcbrige Belegschaft schwach aufgestellt ist<\/li>\n<\/div><\/ul>\n<\/div><div class=\"m-block--container u-offset m-block--core--paragraph\">\n<p>Wo hingegen <strong class=\"\">breite Entwicklungsm\u00f6glichkeiten<\/strong> bestehen und Talentmanagement sauber kommuniziert wird, \u00fcberwiegt in der Regel die Akzeptanz.<\/p>\n<\/div><div class=\"m-block--container u-offset m-block--core--separator\">\n<hr class=\"wp-block-separator has-alpha-channel-opacity\"\/>\n<\/div><div class=\"m-block--container u-offset m-block--core--heading\">\n<h2 class=\"wp-block-heading\">Wie Personalentwicklung und Talentmanagement ideal zusammenspielen<\/h2>\n<\/div><div class=\"m-block--container u-offset m-block--core--paragraph\">\n<p>Statt \u201ePersonalentwicklung vs. Talentmanagement\u201c geht es in der Praxis um ein <strong class=\"\">integriertes System<\/strong>.<\/p>\n<\/div><div class=\"m-block--container u-offset m-block--core--heading\">\n<h3 class=\"wp-block-heading\">1. Gemeinsame Basis: Strategie und Skill-Bedarf<\/h3>\n<\/div><div class=\"m-block--container u-offset m-block--core--paragraph\">\n<p>Beide Disziplinen sollten von denselben Fragen ausgehen:<\/p>\n<\/div><div class=\"m-block--container u-offset m-block--core--list\">\n<ul class=\"wp-block-list\"><div class=\"m-block--container u-offset m-block--core--list-item\">\n<li>Welche Gesch\u00e4ftsziele verfolgt das Unternehmen in den n\u00e4chsten 3\u20135 Jahren?<\/li>\n<\/div>\n\n<div class=\"m-block--container u-offset m-block--core--list-item\">\n<li>Welche F\u00e4higkeiten und Rollen sind daf\u00fcr erfolgskritisch?<\/li>\n<\/div>\n\n<div class=\"m-block--container u-offset m-block--core--list-item\">\n<li>Welche Skill-Gaps bestehen heute \u2013 in der Breite und in Schl\u00fcsselrollen?<\/li>\n<\/div><\/ul>\n<\/div><div class=\"m-block--container u-offset m-block--core--paragraph\">\n<p>Aus diesen Antworten ergeben sich:<\/p>\n<\/div><div class=\"m-block--container u-offset m-block--core--list\">\n<ul class=\"wp-block-list\"><div class=\"m-block--container u-offset m-block--core--list-item\">\n<li><strong class=\"\">Lernschwerpunkte f\u00fcr die gesamte Organisation<\/strong> (Personalentwicklung)<\/li>\n<\/div>\n\n<div class=\"m-block--container u-offset m-block--core--list-item\">\n<li><strong class=\"\">Schl\u00fcsselpositionen und Talentsegmente<\/strong> (Talentmanagement)<\/li>\n<\/div><\/ul>\n<\/div><div class=\"m-block--container u-offset m-block--core--heading\">\n<h3 class=\"wp-block-heading\">2. Verzahnte Prozesse statt Parallelwelten<\/h3>\n<\/div><div class=\"m-block--container u-offset m-block--core--paragraph\">\n<p>Praktische Ans\u00e4tze zur Integration:<\/p>\n<\/div><div class=\"m-block--container u-offset m-block--core--list\">\n<ul class=\"wp-block-list\"><div class=\"m-block--container u-offset m-block--core--list-item\">\n<li><strong class=\"\">Gemeinsame Kompetenzmodelle<\/strong><div class=\"m-block--container u-offset m-block--core--list\">\n<ul class=\"wp-block-list\"><div class=\"m-block--container u-offset m-block--core--list-item\">\n<li>Einheitliche Definition von Kompetenzen f\u00fcr Performance, Entwicklung und Talententscheidungen.<\/li>\n<\/div><\/ul>\n<\/div><\/li>\n<\/div>\n\n<div class=\"m-block--container u-offset m-block--core--list-item\">\n<li><strong class=\"\">Verkn\u00fcpfung von Mitarbeitergespr\u00e4chen und Talentdialogen<\/strong><div class=\"m-block--container u-offset m-block--core--list\">\n<ul class=\"wp-block-list\"><div class=\"m-block--container u-offset m-block--core--list-item\">\n<li>J\u00e4hrliche oder halbj\u00e4hrliche Gespr\u00e4che, in denen sowohl aktuelle Leistung als auch Entwicklungsperspektiven betrachtet werden.<\/li>\n<\/div>\n\n<div class=\"m-block--container u-offset m-block--core--list-item\">\n<li>Aggregation dieser Informationen in Talentkonferenzen.<\/li>\n<\/div><\/ul>\n<\/div><\/li>\n<\/div>\n\n<div class=\"m-block--container u-offset m-block--core--list-item\">\n<li><strong class=\"\">PE-Angebote als Bausteine in Talentpfaden<\/strong><div class=\"m-block--container u-offset m-block--core--list\">\n<ul class=\"wp-block-list\"><div class=\"m-block--container u-offset m-block--core--list-item\">\n<li>Talentprogramme greifen auf bew\u00e4hrte PE-Instrumente zur\u00fcck, aber kombinieren sie gezielt (z.\u202fB. spezielle Projektaufgaben, Exposure zum Management).<\/li>\n<\/div><\/ul>\n<\/div><\/li>\n<\/div><\/ul>\n<\/div><div class=\"m-block--container u-offset m-block--core--heading\">\n<h3 class=\"wp-block-heading\">3. Balance zwischen Breite und Spitze<\/h3>\n<\/div><div class=\"m-block--container u-offset m-block--core--paragraph\">\n<p>Eine praxistaugliche Verteilung kann z.\u202fB. so aussehen:<\/p>\n<\/div><div class=\"m-block--container u-offset m-block--core--list\">\n<ul class=\"wp-block-list\"><div class=\"m-block--container u-offset m-block--core--list-item\">\n<li>ca. <strong class=\"\">70\u201380 % Ressourcen<\/strong> (Budget\/Zeit) in breite Personalentwicklung<\/li>\n<\/div>\n\n<div class=\"m-block--container u-offset m-block--core--list-item\">\n<li>ca. <strong class=\"\">20\u201330 % Ressourcen<\/strong> in fokussiertes Talentmanagement<\/li>\n<\/div><\/ul>\n<\/div><div class=\"m-block--container u-offset m-block--core--paragraph\">\n<p>Die genaue Quote h\u00e4ngt von Branche, Gr\u00f6\u00dfe und Reifegrad ab. Wichtig ist, dass beide Seiten bewusst geplant werden.<\/p>\n<\/div><div class=\"m-block--container u-offset m-block--core--separator\">\n<hr class=\"wp-block-separator has-alpha-channel-opacity\"\/>\n<\/div><div class=\"m-block--container u-offset m-block--core--heading\">\n<h2 class=\"wp-block-heading\">Praxisbeispiele: Wann welches Instrument im Vordergrund steht<\/h2>\n<\/div><div class=\"m-block--container u-offset m-block--core--heading\">\n<h3 class=\"wp-block-heading\">Digitalisierung einer Fachabteilung<\/h3>\n<\/div><div class=\"m-block--container u-offset m-block--core--list\">\n<ul class=\"wp-block-list\"><div class=\"m-block--container u-offset m-block--core--list-item\">\n<li><strong class=\"\">Herausforderung<\/strong>: Neue Tools, Prozesse, Rollen; Mischkompetenzen aus IT, Fach- und Change-Kompetenz.<\/li>\n<\/div>\n\n<div class=\"m-block--container u-offset m-block--core--list-item\">\n<li><strong class=\"\">Schwerpunkt Personalentwicklung<\/strong>:<div class=\"m-block--container u-offset m-block--core--list\">\n<ul class=\"wp-block-list\"><div class=\"m-block--container u-offset m-block--core--list-item\">\n<li>Breite Qualifizierung in neuen Tools, Prozessen, Methoden<\/li>\n<\/div>\n\n<div class=\"m-block--container u-offset m-block--core--list-item\">\n<li>Change-Kompetenz, digitale Zusammenarbeit<\/li>\n<\/div><\/ul>\n<\/div><\/li>\n<\/div>\n\n<div class=\"m-block--container u-offset m-block--core--list-item\">\n<li><strong class=\"\">Talentmanagement-Bezug<\/strong>:<div class=\"m-block--container u-offset m-block--core--list\">\n<ul class=\"wp-block-list\"><div class=\"m-block--container u-offset m-block--core--list-item\">\n<li>Identifikation von \u201eDigital Champions\u201c als Multiplikatoren<\/li>\n<\/div>\n\n<div class=\"m-block--container u-offset m-block--core--list-item\">\n<li>Aufbau einer Pipeline f\u00fcr neue Rollen (z.\u202fB. Product Owner, Business Analysten)<\/li>\n<\/div><\/ul>\n<\/div><\/li>\n<\/div><\/ul>\n<\/div><div class=\"m-block--container u-offset m-block--core--heading\">\n<h3 class=\"wp-block-heading\">Nachfolge im oberen Management<\/h3>\n<\/div><div class=\"m-block--container u-offset m-block--core--list\">\n<ul class=\"wp-block-list\"><div class=\"m-block--container u-offset m-block--core--list-item\">\n<li><strong class=\"\">Herausforderung<\/strong>: In 3\u20135 Jahren gehen mehrere F\u00fchrungskr\u00e4fte in den Ruhestand.<\/li>\n<\/div>\n\n<div class=\"m-block--container u-offset m-block--core--list-item\">\n<li><strong class=\"\">Schwerpunkt Talentmanagement<\/strong>:<div class=\"m-block--container u-offset m-block--core--list\">\n<ul class=\"wp-block-list\"><div class=\"m-block--container u-offset m-block--core--list-item\">\n<li>Definition kritischer Schl\u00fcsselrollen<\/li>\n<\/div>\n\n<div class=\"m-block--container u-offset m-block--core--list-item\">\n<li>Potenzialanalyse der infrage kommenden Nachfolger<\/li>\n<\/div>\n\n<div class=\"m-block--container u-offset m-block--core--list-item\">\n<li>Individualisierte Entwicklungspl\u00e4ne mit Mentoring, Projekten, F\u00fchrung auf Probe<\/li>\n<\/div><\/ul>\n<\/div><\/li>\n<\/div>\n\n<div class=\"m-block--container u-offset m-block--core--list-item\">\n<li><strong class=\"\">Rolle der Personalentwicklung<\/strong>:<div class=\"m-block--container u-offset m-block--core--list\">\n<ul class=\"wp-block-list\"><div class=\"m-block--container u-offset m-block--core--list-item\">\n<li>Bereitstellung passender Module (Leadership-Trainings, strategische Programme)<\/li>\n<\/div>\n\n<div class=\"m-block--container u-offset m-block--core--list-item\">\n<li>Unterst\u00fctzung beim Kompetenzaufbau (Kommunikation, Change, Finance)<\/li>\n<\/div><\/ul>\n<\/div><\/li>\n<\/div><\/ul>\n<\/div><div class=\"m-block--container u-offset m-block--core--heading\">\n<h3 class=\"wp-block-heading\">Fachkr\u00e4ftemangel in Engpassberufen<\/h3>\n<\/div><div class=\"m-block--container u-offset m-block--core--list\">\n<ul class=\"wp-block-list\"><div class=\"m-block--container u-offset m-block--core--list-item\">\n<li><strong class=\"\">Herausforderung<\/strong>: Rekrutierung schwierig, K\u00fcndigungen teuer.<\/li>\n<\/div>\n\n<div class=\"m-block--container u-offset m-block--core--list-item\">\n<li><strong class=\"\">Schwerpunkt kombiniertes Vorgehen<\/strong>:<div class=\"m-block--container u-offset m-block--core--list\">\n<ul class=\"wp-block-list\"><div class=\"m-block--container u-offset m-block--core--list-item\">\n<li>Personalentwicklung: Qualifizierung von Quereinsteigern, Upskilling bestehender Mitarbeitender<\/li>\n<\/div>\n\n<div class=\"m-block--container u-offset m-block--core--list-item\">\n<li>Talentmanagement: Bindung von Top-Fachleuten, klare Fachkarrieren, gezielte Benefits<\/li>\n<\/div><\/ul>\n<\/div><\/li>\n<\/div><\/ul>\n<\/div><div class=\"m-block--container u-offset m-block--core--separator\">\n<hr class=\"wp-block-separator has-alpha-channel-opacity\"\/>\n<\/div><div class=\"m-block--container u-offset m-block--core--heading\">\n<h2 class=\"wp-block-heading\">Woran Sie erkennen, dass Ihr Talentmanagement noch Personalentwicklung \u201elight\u201c ist<\/h2>\n<\/div><div class=\"m-block--container u-offset m-block--core--paragraph\">\n<p>Typische Symptome, dass Talentmanagement nur auf dem Papier existiert:<\/p>\n<\/div><div class=\"m-block--container u-offset m-block--core--list\">\n<ul class=\"wp-block-list\"><div class=\"m-block--container u-offset m-block--core--list-item\">\n<li>Es gibt <strong class=\"\">\u201eTalentlisten\u201c<\/strong>, aber niemand wei\u00df genau, wie man darauf kommt.<\/li>\n<\/div>\n\n<div class=\"m-block--container u-offset m-block--core--list-item\">\n<li>Nachfolgepl\u00e4ne werden erstellt, aber <strong class=\"\">nicht regelm\u00e4\u00dfig \u00fcberpr\u00fcft<\/strong>.<\/li>\n<\/div>\n\n<div class=\"m-block--container u-offset m-block--core--list-item\">\n<li>Talente besuchen vor allem <strong class=\"\">Standardtrainings<\/strong>, kaum echte Entwicklungsaufgaben.<\/li>\n<\/div>\n\n<div class=\"m-block--container u-offset m-block--core--list-item\">\n<li>F\u00fchrungskr\u00e4fte entscheiden \u00fcber Talente <strong class=\"\">ohne Abgleich<\/strong> mit anderen Bereichsleitern.<\/li>\n<\/div>\n\n<div class=\"m-block--container u-offset m-block--core--list-item\">\n<li>HR sammelt Daten, aber es gibt <strong class=\"\">wenig Konsequenzen<\/strong> (z.\u202fB. bei Bef\u00f6rderungen, Projektbesetzungen).<\/li>\n<\/div><\/ul>\n<\/div><div class=\"m-block--container u-offset m-block--core--paragraph\">\n<p>Ein belastbares Talentmanagement zeichnet sich hingegen durch:<\/p>\n<\/div><div class=\"m-block--container u-offset m-block--core--list\">\n<ul class=\"wp-block-list\"><div class=\"m-block--container u-offset m-block--core--list-item\">\n<li><strong class=\"\">Transparente Kriterien<\/strong> f\u00fcr Leistung und Potenzial<\/li>\n<\/div>\n\n<div class=\"m-block--container u-offset m-block--core--list-item\">\n<li><strong class=\"\">Regelm\u00e4\u00dfige, bereichs\u00fcbergreifende Talentkonferenzen<\/strong><\/li>\n<\/div>\n\n<div class=\"m-block--container u-offset m-block--core--list-item\">\n<li><strong class=\"\">Individuelle Entwicklungsma\u00dfnahmen<\/strong>, die sich klar von Standard-PE unterscheiden<\/li>\n<\/div>\n\n<div class=\"m-block--container u-offset m-block--core--list-item\">\n<li><strong class=\"\">Sichtbare Wirkung<\/strong> in Besetzungs- und Nachfolgeentscheidungen<\/li>\n<\/div><\/ul>\n<\/div><div class=\"m-block--container u-offset m-block--core--separator\">\n<hr class=\"wp-block-separator has-alpha-channel-opacity\"\/>\n<\/div><div class=\"m-block--container u-offset m-block--core--heading\">\n<h2 class=\"wp-block-heading\">Umsetzungsschritte: Von der reinen Personalentwicklung zum integrierten System<\/h2>\n<\/div><div class=\"m-block--container u-offset m-block--core--paragraph\">\n<p>Wenn Sie heute vor allem klassische Personalentwicklung betreiben und Talentmanagement aufbauen oder professionalisieren wollen, helfen folgende Schritte:<\/p>\n<\/div><div class=\"m-block--container u-offset m-block--core--heading\">\n<h3 class=\"wp-block-heading\">Ausgangslage kl\u00e4ren<\/h3>\n<\/div><div class=\"m-block--container u-offset m-block--core--list\">\n<ul class=\"wp-block-list\"><div class=\"m-block--container u-offset m-block--core--list-item\">\n<li>Welche <strong class=\"\">PE-Prozesse und Angebote<\/strong> existieren bereits?<\/li>\n<\/div>\n\n<div class=\"m-block--container u-offset m-block--core--list-item\">\n<li>Gibt es <strong class=\"\">inoffizielle Talente<\/strong> oder Nachfolgekandidaten?<\/li>\n<\/div>\n\n<div class=\"m-block--container u-offset m-block--core--list-item\">\n<li>Welche Rollen sind <strong class=\"\">strategisch oder betrieblich kritisch<\/strong>?<\/li>\n<\/div><\/ul>\n<\/div><div class=\"m-block--container u-offset m-block--core--heading\">\n<h3 class=\"wp-block-heading\">Schl\u00fcsselpositionen und Talente definieren<\/h3>\n<\/div><div class=\"m-block--container u-offset m-block--core--list\">\n<ul class=\"wp-block-list\"><div class=\"m-block--container u-offset m-block--core--list-item\">\n<li>Liste der Rollen, deren Ausfall besonders schmerzhaft w\u00e4re<\/li>\n<\/div>\n\n<div class=\"m-block--container u-offset m-block--core--list-item\">\n<li>Kriterien f\u00fcr Talente (Leistung, Potenzial, Kompetenzen, Motivation)<\/li>\n<\/div>\n\n<div class=\"m-block--container u-offset m-block--core--list-item\">\n<li>Entscheidung: Wie breit oder eng definieren wir \u201eTalent\u201c?<\/li>\n<\/div><\/ul>\n<\/div><div class=\"m-block--container u-offset m-block--core--heading\">\n<h3 class=\"wp-block-heading\">Einfaches Talentmanagement-Framework aufsetzen<\/h3>\n<\/div><div class=\"m-block--container u-offset m-block--core--list\">\n<ul class=\"wp-block-list\"><div class=\"m-block--container u-offset m-block--core--list-item\">\n<li>Standardisierte <strong class=\"\">Bewertungsskalen<\/strong> (z.\u202fB. Performance\/Potenzial-Matrix)<\/li>\n<\/div>\n\n<div class=\"m-block--container u-offset m-block--core--list-item\">\n<li>Format f\u00fcr <strong class=\"\">Talentkonferenzen<\/strong> (1\u20132 Mal pro Jahr)<\/li>\n<\/div>\n\n<div class=\"m-block--container u-offset m-block--core--list-item\">\n<li>Verantwortlichkeiten zwischen HR, F\u00fchrungskr\u00e4ften, Management kl\u00e4ren<\/li>\n<\/div><\/ul>\n<\/div><div class=\"m-block--container u-offset m-block--core--heading\">\n<h3 class=\"wp-block-heading\">PE und Talentmanagement verzahnen<\/h3>\n<\/div><div class=\"m-block--container u-offset m-block--core--list\">\n<ul class=\"wp-block-list\"><div class=\"m-block--container u-offset m-block--core--list-item\">\n<li>Bestehende PE-Instrumente als <strong class=\"\">Bausteine in Talentpfaden<\/strong> nutzen<\/li>\n<\/div>\n\n<div class=\"m-block--container u-offset m-block--core--list-item\">\n<li>Zus\u00e4tzliche Elemente f\u00fcr Talente definieren, z.\u202fB.:<div class=\"m-block--container u-offset m-block--core--list\">\n<ul class=\"wp-block-list\"><div class=\"m-block--container u-offset m-block--core--list-item\">\n<li>Projektleitungen<\/li>\n<\/div>\n\n<div class=\"m-block--container u-offset m-block--core--list-item\">\n<li>Job-Rotationen<\/li>\n<\/div>\n\n<div class=\"m-block--container u-offset m-block--core--list-item\">\n<li>Exposure zum Top-Management<\/li>\n<\/div><\/ul>\n<\/div><\/li>\n<\/div>\n\n<div class=\"m-block--container u-offset m-block--core--list-item\">\n<li>Sicherstellen, dass <strong class=\"\">alle Mitarbeitenden<\/strong> weiterhin Entwicklungszugang haben<\/li>\n<\/div><\/ul>\n<\/div><div class=\"m-block--container u-offset m-block--core--heading\">\n<h3 class=\"wp-block-heading\">Kommunikation und Kultur<\/h3>\n<\/div><div class=\"m-block--container u-offset m-block--core--list\">\n<ul class=\"wp-block-list\"><div class=\"m-block--container u-offset m-block--core--list-item\">\n<li>Offen (aber professionell) kommunizieren, dass es fokussierte Talentf\u00f6rderung gibt<\/li>\n<\/div>\n\n<div class=\"m-block--container u-offset m-block--core--list-item\">\n<li>Bedeutung von Leistung, Potenzial und Lernbereitschaft klarstellen<\/li>\n<\/div>\n\n<div class=\"m-block--container u-offset m-block--core--list-item\">\n<li>F\u00fchrungskr\u00e4fte in <strong class=\"\">Talentgespr\u00e4chen<\/strong> und Feedback qualifizieren<\/li>\n<\/div><\/ul>\n<\/div><div class=\"m-block--container u-offset m-block--core--separator\">\n<hr class=\"wp-block-separator has-alpha-channel-opacity\"\/>\n<\/div><div class=\"m-block--container u-offset m-block--core--heading\">\n<h2 class=\"wp-block-heading\">Kennzahlen: Wie sich der Unterschied in Zahlen zeigt<\/h2>\n<\/div><div class=\"m-block--container u-offset m-block--core--paragraph\">\n<p>Um Personalentwicklung und Talentmanagement zu steuern, sind unterschiedliche, aber sich erg\u00e4nzende KPIs sinnvoll.<\/p>\n<\/div><div class=\"m-block--container u-offset m-block--core--heading\">\n<h3 class=\"wp-block-heading\">Beispiele f\u00fcr KPIs in der Personalentwicklung<\/h3>\n<\/div><div class=\"m-block--container u-offset m-block--core--list\">\n<ul class=\"wp-block-list\"><div class=\"m-block--container u-offset m-block--core--list-item\">\n<li>Teilnahme- und Abschlussquoten bei Trainings<\/li>\n<\/div>\n\n<div class=\"m-block--container u-offset m-block--core--list-item\">\n<li>Erreichte Kompetenzstufen (z.\u202fB. nach Skill-Matrix)<\/li>\n<\/div>\n\n<div class=\"m-block--container u-offset m-block--core--list-item\">\n<li>Anwendung im Arbeitsalltag (z.\u202fB. per Befragung nach 3\u20136 Monaten)<\/li>\n<\/div>\n\n<div class=\"m-block--container u-offset m-block--core--list-item\">\n<li>Beitrag zu Projekt- oder Qualit\u00e4tskennzahlen (wenn messbar)<\/li>\n<\/div><\/ul>\n<\/div><div class=\"m-block--container u-offset m-block--core--heading\">\n<h3 class=\"wp-block-heading\">Beispiele f\u00fcr KPIs im Talentmanagement<\/h3>\n<\/div><div class=\"m-block--container u-offset m-block--core--list\">\n<ul class=\"wp-block-list\"><div class=\"m-block--container u-offset m-block--core--list-item\">\n<li>Besetzungsquote von Schl\u00fcsselpositionen <strong class=\"\">aus eigenen Talentpools<\/strong><\/li>\n<\/div>\n\n<div class=\"m-block--container u-offset m-block--core--list-item\">\n<li>Time-to-Fill bei kritischen Rollen<\/li>\n<\/div>\n\n<div class=\"m-block--container u-offset m-block--core--list-item\">\n<li>Fluktuationsquote von Talenten und Schl\u00fcsselkr\u00e4ften<\/li>\n<\/div>\n\n<div class=\"m-block--container u-offset m-block--core--list-item\">\n<li>Anteil \u201eready now\/soon\u201c-Nachfolger je Schl\u00fcsselrolle<\/li>\n<\/div><\/ul>\n<\/div><div class=\"m-block--container u-offset m-block--core--paragraph\">\n<p>Erst in der Kombination entsteht ein Steuerungsbild, das zeigt, ob <strong class=\"\">breite Entwicklung<\/strong> und <strong class=\"\">Fokus auf Schl\u00fcsselpositionen<\/strong> im Gleichgewicht sind.<\/p>\n<\/div><div class=\"m-block--container u-offset m-block--core--separator\">\n<hr class=\"wp-block-separator has-alpha-channel-opacity\"\/>\n<\/div><div class=\"m-block--container u-offset m-block--core--heading\">\n<h2 class=\"wp-block-heading\">Typische Stolpersteine \u2013 und wie Sie sie vermeiden<\/h2>\n<\/div><div class=\"m-block--container u-offset m-block--core--paragraph\">\n<p><strong class=\"\">1. \u00dcberkomplexe Konzepte<\/strong><br class=\"\">Viele Talentmanagement-Initiativen scheitern an \u00fcberladenen Modellen, Tools und Formularen.<br class=\"\">\u2192 Starten Sie mit einem <strong class=\"\">schlanken Set an Prozessen und Kriterien<\/strong>, das Ihre F\u00fchrungskr\u00e4fte mittragen.<\/p>\n<\/div><div class=\"m-block--container u-offset m-block--core--paragraph\">\n<p><strong class=\"\">2. Fehlende Einbindung der F\u00fchrungskr\u00e4fte<\/strong><br class=\"\">Ohne aktives Engagement der F\u00fchrungsebene bleibt Talentmanagement ein HR-Projekt.<br class=\"\">\u2192 Verankern Sie Talentverantwortung klar bei den Linienverantwortlichen, HR moderiert und unterst\u00fctzt.<\/p>\n<\/div><div class=\"m-block--container u-offset m-block--core--paragraph\">\n<p><strong class=\"\">3. Kein klarer Unterschied zu Standard-PE<\/strong><br class=\"\">Wenn Talente am Ende nur \u201eein Training mehr\u201c besuchen, verpufft der Effekt.<br class=\"\">\u2192 Sorgen Sie f\u00fcr <strong class=\"\">sichtbare, arbeitsplatznahe Entwicklungsaufgaben<\/strong> (Projekte, Vertretungen, neue Rollen auf Zeit).<\/p>\n<\/div><div class=\"m-block--container u-offset m-block--core--paragraph\">\n<p><strong class=\"\">4. Intransparente Kommunikation<\/strong><br class=\"\">Geheime Listen und vage Versprechen sch\u00fcren Frust.<br class=\"\">\u2192 Definieren Sie, was Sie wie kommunizieren \u2013 und halten Sie sich konsequent daran.<\/p>\n<\/div><div class=\"m-block--container u-offset m-block--core--separator\">\n<hr class=\"wp-block-separator has-alpha-channel-opacity\"\/>\n<\/div><div class=\"m-block--container u-offset m-block--core--heading\">\n<h2 class=\"wp-block-heading\">Fazit: Personalentwicklung und Talentmanagement sinnvoll kombinieren<\/h2>\n<\/div><div class=\"m-block--container u-offset m-block--core--paragraph\">\n<p>Die Frage ist nicht \u201ePersonalentwicklung vs. Talentmanagement\u201c, sondern:<\/p>\n<\/div><div class=\"m-block--container u-offset m-block--core--quote\">\n<blockquote class=\"wp-block-quote is-layout-flow wp-block-quote-is-layout-flow\"><div class=\"m-block--container u-offset m-block--core--paragraph\">\n<p>Wie schaffen wir ein lernendes Unternehmen, in dem alle Mitarbeitenden gezielt weiterentwickelt werden \u2013 und zugleich unsere Schl\u00fcsselpositionen systematisch gesichert sind?<\/p>\n<\/div><\/blockquote>\n<\/div><div class=\"m-block--container u-offset m-block--core--paragraph\">\n<p>Konkret bedeutet das:<\/p>\n<\/div><div class=\"m-block--container u-offset m-block--core--list\">\n<ul class=\"wp-block-list\"><div class=\"m-block--container u-offset m-block--core--list-item\">\n<li><strong class=\"\">Personalentwicklung<\/strong> als stabiles Fundament f\u00fcr die gesamte Organisation<\/li>\n<\/div>\n\n<div class=\"m-block--container u-offset m-block--core--list-item\">\n<li><strong class=\"\">Talentmanagement<\/strong> als fokussierte Erg\u00e4nzung f\u00fcr kritische Rollen und Potenzialtr\u00e4ger<\/li>\n<\/div>\n\n<div class=\"m-block--container u-offset m-block--core--list-item\">\n<li><strong class=\"\">Gemeinsame Basis in Strategie, Skill-Bedarf und Kompetenzmodellen<\/strong><\/li>\n<\/div>\n\n<div class=\"m-block--container u-offset m-block--core--list-item\">\n<li><strong class=\"\">Pragmatische, schlanke Prozesse<\/strong>, die F\u00fchrungskr\u00e4fte und Business mittragen<\/li>\n<\/div><\/ul>\n<\/div><div class=\"m-block--container u-offset m-block--core--paragraph\">\n<p>Wer diesen Weg konsequent geht, reduziert Abh\u00e4ngigkeiten, beschleunigt Besetzungsentscheidungen und st\u00e4rkt zugleich Engagement und Zukunftsf\u00e4higkeit des Unternehmens.<\/p>\n<\/div><div class=\"m-block--container u-offset m-block--core--separator\">\n<hr class=\"wp-block-separator has-alpha-channel-opacity\"\/>\n<\/div><div class=\"m-block--container u-offset m-block--core--heading\">\n<h2 class=\"wp-block-heading\">Wie Sie den n\u00e4chsten Schritt gehen k\u00f6nnen<\/h2>\n<\/div><div class=\"m-block--container u-offset m-block--core--paragraph\">\n<p>Wenn Sie aktuell vor der Herausforderung stehen, Ihre Personalentwicklung zu sch\u00e4rfen, Talentmanagement aufzubauen oder beides besser zu verzahnen, lohnt sich ein externer Blick von au\u00dfen.<\/p>\n<\/div><div class=\"m-block--container u-offset m-block--core--paragraph\">\n<p>Gemeinsam mit einem erfahrenen Sparringspartner k\u00f6nnen Sie:<\/p>\n<\/div><div class=\"m-block--container u-offset m-block--core--list\">\n<ul class=\"wp-block-list\"><div class=\"m-block--container u-offset m-block--core--list-item\">\n<li>Ihre <strong class=\"\">aktuellen HR- und PE-Prozesse<\/strong> schnell durchleuchten<\/li>\n<\/div>\n\n<div class=\"m-block--container u-offset m-block--core--list-item\">\n<li><strong class=\"\">Skill-Bedarfe und Schl\u00fcsselrollen<\/strong> strukturiert identifizieren<\/li>\n<\/div>\n\n<div class=\"m-block--container u-offset m-block--core--list-item\">\n<li>Ein <strong class=\"\">praxisnahes, schlankes Talentmanagement-Framework<\/strong> aufsetzen<\/li>\n<\/div>\n\n<div class=\"m-block--container u-offset m-block--core--list-item\">\n<li>Ihre F\u00fchrungskr\u00e4fte auf <strong class=\"\">klare, wirksame Talentgespr\u00e4che<\/strong> vorbereiten<\/li>\n<\/div><\/ul>\n<\/div><div class=\"m-block--container u-offset m-block--core--paragraph\">\n<p>Die <strong><a href=\"https:\/\/de.linkedin.com\/company\/pcgpureconsultantgmbh\">PURE Consultant<\/a><\/strong> unterst\u00fctzt Unternehmen genau an dieser Schnittstelle von Strategie, Organisation und People-Themen \u2013 von der ersten Standortbestimmung bis zur Umsetzung im Alltag. Wenn Sie m\u00f6chten, besprechen Sie in einem unverbindlichen Austausch, wo Sie heute stehen und welche Schritte bei Ihnen den gr\u00f6\u00dften Hebel h\u00e4tten.<\/p>\n<\/div>","protected":false},"excerpt":{"rendered":"<p>Personalentwicklung vs. Talentmanagement &#8211; Gute Leute zu finden ist schwer \u2013 sie zu halten und gezielt zu entwickeln, ist noch anspruchsvoller. Sp\u00e4testens wenn die ersten Schl\u00fcsselkr\u00e4fte k\u00fcndigen, das Nachfolgemanagement wackelt oder Projekte an Skill-L\u00fccken scheitern, taucht eine zentrale Frage auf:Brauchen wir st\u00e4rkere Personalentwicklung, ein systematisches Talentmanagement \u2013 oder beides? In diesem Beitrag erfahren Sie klar [&hellip;]<\/p>\n","protected":false},"author":6,"featured_media":0,"comment_status":"closed","ping_status":"closed","sticky":false,"template":"","format":"standard","meta":{"_acf_changed":false,"inline_featured_image":false,"footnotes":""},"categories":[57],"tags":[3162],"class_list":["post-28355","post","type-post","status-publish","format-standard","hentry","category-management","tag-personalentwicklung-vs-talentmanagement"],"acf":[],"yoast_head":"<!-- This site is optimized with the Yoast SEO plugin v27.4 - https:\/\/yoast.com\/product\/yoast-seo-wordpress\/ -->\n<title>Personalentwicklung vs. Talentmanagement - PURE Consultant<\/title>\n<meta name=\"description\" content=\"Personalentwicklung vs. Talentmanagement \u2013 entdecken Sie, wie Sie Talente gezielt f\u00f6rdern und langfristig binden. Starten Sie noch heute!\" \/>\n<meta name=\"robots\" content=\"index, follow, max-snippet:-1, max-image-preview:large, max-video-preview:-1\" \/>\n<link rel=\"canonical\" href=\"https:\/\/www.pureconsultant.de\/de\/management\/personalentwicklung-vs-talentmanagement\/\" \/>\n<meta property=\"og:locale\" content=\"de_DE\" \/>\n<meta property=\"og:type\" content=\"article\" \/>\n<meta property=\"og:title\" content=\"Personalentwicklung vs. Talentmanagement - PURE Consultant\" \/>\n<meta property=\"og:description\" content=\"Personalentwicklung vs. Talentmanagement \u2013 entdecken Sie, wie Sie Talente gezielt f\u00f6rdern und langfristig binden. Starten Sie noch heute!\" \/>\n<meta property=\"og:url\" content=\"https:\/\/www.pureconsultant.de\/de\/management\/personalentwicklung-vs-talentmanagement\/\" \/>\n<meta property=\"og:site_name\" content=\"PURE Consultant\" \/>\n<meta property=\"article:published_time\" content=\"2026-03-13T14:36:06+00:00\" \/>\n<meta property=\"article:modified_time\" content=\"2026-03-13T14:37:10+00:00\" \/>\n<meta property=\"og:image\" content=\"https:\/\/www.pureconsultant.de\/wp-content\/uploads\/visual-selection477.png\" \/>\n\t<meta property=\"og:image:width\" content=\"1032\" \/>\n\t<meta property=\"og:image:height\" content=\"648\" \/>\n\t<meta property=\"og:image:type\" content=\"image\/png\" \/>\n<meta name=\"author\" content=\"Serhat K\u00fcpeli\" \/>\n<meta name=\"twitter:card\" content=\"summary_large_image\" \/>\n<meta name=\"twitter:label1\" content=\"Verfasst von\" \/>\n\t<meta name=\"twitter:data1\" content=\"Serhat K\u00fcpeli\" \/>\n\t<meta name=\"twitter:label2\" content=\"Gesch\u00e4tzte Lesezeit\" \/>\n\t<meta name=\"twitter:data2\" content=\"11\u00a0Minuten\" \/>\n<script type=\"application\/ld+json\" class=\"yoast-schema-graph\">{\"@context\":\"https:\\\/\\\/schema.org\",\"@graph\":[{\"@type\":\"Article\",\"@id\":\"https:\\\/\\\/www.pureconsultant.de\\\/de\\\/management\\\/personalentwicklung-vs-talentmanagement\\\/#article\",\"isPartOf\":{\"@id\":\"https:\\\/\\\/www.pureconsultant.de\\\/de\\\/management\\\/personalentwicklung-vs-talentmanagement\\\/\"},\"author\":{\"name\":\"Serhat K\u00fcpeli\",\"@id\":\"https:\\\/\\\/www.pureconsultant.de\\\/#\\\/schema\\\/person\\\/b879d2f247599ce3a636522dd8344e95\"},\"headline\":\"Personalentwicklung vs. Talentmanagement\",\"datePublished\":\"2026-03-13T14:36:06+00:00\",\"dateModified\":\"2026-03-13T14:37:10+00:00\",\"mainEntityOfPage\":{\"@id\":\"https:\\\/\\\/www.pureconsultant.de\\\/de\\\/management\\\/personalentwicklung-vs-talentmanagement\\\/\"},\"wordCount\":1989,\"image\":{\"@id\":\"https:\\\/\\\/www.pureconsultant.de\\\/de\\\/management\\\/personalentwicklung-vs-talentmanagement\\\/#primaryimage\"},\"thumbnailUrl\":\"https:\\\/\\\/www.pureconsultant.de\\\/wp-content\\\/uploads\\\/visual-selection477.png\",\"keywords\":[\"Personalentwicklung vs. Talentmanagement\"],\"articleSection\":[\"Management\"],\"inLanguage\":\"de\"},{\"@type\":\"WebPage\",\"@id\":\"https:\\\/\\\/www.pureconsultant.de\\\/de\\\/management\\\/personalentwicklung-vs-talentmanagement\\\/\",\"url\":\"https:\\\/\\\/www.pureconsultant.de\\\/de\\\/management\\\/personalentwicklung-vs-talentmanagement\\\/\",\"name\":\"Personalentwicklung vs. Talentmanagement - PURE Consultant\",\"isPartOf\":{\"@id\":\"https:\\\/\\\/www.pureconsultant.de\\\/#website\"},\"primaryImageOfPage\":{\"@id\":\"https:\\\/\\\/www.pureconsultant.de\\\/de\\\/management\\\/personalentwicklung-vs-talentmanagement\\\/#primaryimage\"},\"image\":{\"@id\":\"https:\\\/\\\/www.pureconsultant.de\\\/de\\\/management\\\/personalentwicklung-vs-talentmanagement\\\/#primaryimage\"},\"thumbnailUrl\":\"https:\\\/\\\/www.pureconsultant.de\\\/wp-content\\\/uploads\\\/visual-selection477.png\",\"datePublished\":\"2026-03-13T14:36:06+00:00\",\"dateModified\":\"2026-03-13T14:37:10+00:00\",\"author\":{\"@id\":\"https:\\\/\\\/www.pureconsultant.de\\\/#\\\/schema\\\/person\\\/b879d2f247599ce3a636522dd8344e95\"},\"description\":\"Personalentwicklung vs. Talentmanagement \u2013 entdecken Sie, wie Sie Talente gezielt f\u00f6rdern und langfristig binden. Starten Sie noch heute!\",\"breadcrumb\":{\"@id\":\"https:\\\/\\\/www.pureconsultant.de\\\/de\\\/management\\\/personalentwicklung-vs-talentmanagement\\\/#breadcrumb\"},\"inLanguage\":\"de\",\"potentialAction\":[{\"@type\":\"ReadAction\",\"target\":[\"https:\\\/\\\/www.pureconsultant.de\\\/de\\\/management\\\/personalentwicklung-vs-talentmanagement\\\/\"]}]},{\"@type\":\"ImageObject\",\"inLanguage\":\"de\",\"@id\":\"https:\\\/\\\/www.pureconsultant.de\\\/de\\\/management\\\/personalentwicklung-vs-talentmanagement\\\/#primaryimage\",\"url\":\"https:\\\/\\\/www.pureconsultant.de\\\/wp-content\\\/uploads\\\/visual-selection477.png\",\"contentUrl\":\"https:\\\/\\\/www.pureconsultant.de\\\/wp-content\\\/uploads\\\/visual-selection477.png\"},{\"@type\":\"BreadcrumbList\",\"@id\":\"https:\\\/\\\/www.pureconsultant.de\\\/de\\\/management\\\/personalentwicklung-vs-talentmanagement\\\/#breadcrumb\",\"itemListElement\":[{\"@type\":\"ListItem\",\"position\":1,\"name\":\"Startseite\",\"item\":\"https:\\\/\\\/www.pureconsultant.de\\\/de\\\/\"},{\"@type\":\"ListItem\",\"position\":2,\"name\":\"Personalentwicklung vs. Talentmanagement\"}]},{\"@type\":\"WebSite\",\"@id\":\"https:\\\/\\\/www.pureconsultant.de\\\/#website\",\"url\":\"https:\\\/\\\/www.pureconsultant.de\\\/\",\"name\":\"PURE Consultant\",\"description\":\"Scrum, PMO, Projektmanagement &amp; Prozessmanagement aus K\u00f6ln\",\"potentialAction\":[{\"@type\":\"SearchAction\",\"target\":{\"@type\":\"EntryPoint\",\"urlTemplate\":\"https:\\\/\\\/www.pureconsultant.de\\\/?s={search_term_string}\"},\"query-input\":{\"@type\":\"PropertyValueSpecification\",\"valueRequired\":true,\"valueName\":\"search_term_string\"}}],\"inLanguage\":\"de\"},{\"@type\":\"Person\",\"@id\":\"https:\\\/\\\/www.pureconsultant.de\\\/#\\\/schema\\\/person\\\/b879d2f247599ce3a636522dd8344e95\",\"name\":\"Serhat K\u00fcpeli\",\"image\":{\"@type\":\"ImageObject\",\"inLanguage\":\"de\",\"@id\":\"https:\\\/\\\/secure.gravatar.com\\\/avatar\\\/0886d2e74e7dfa20a0d9157eed001ec6efc4a799c718c80d37ebd532ec3810f1?s=96&d=mm&r=g\",\"url\":\"https:\\\/\\\/secure.gravatar.com\\\/avatar\\\/0886d2e74e7dfa20a0d9157eed001ec6efc4a799c718c80d37ebd532ec3810f1?s=96&d=mm&r=g\",\"contentUrl\":\"https:\\\/\\\/secure.gravatar.com\\\/avatar\\\/0886d2e74e7dfa20a0d9157eed001ec6efc4a799c718c80d37ebd532ec3810f1?s=96&d=mm&r=g\",\"caption\":\"Serhat K\u00fcpeli\"}}]}<\/script>\n<!-- \/ Yoast SEO plugin. -->","yoast_head_json":{"title":"Personalentwicklung vs. Talentmanagement - PURE Consultant","description":"Personalentwicklung vs. Talentmanagement \u2013 entdecken Sie, wie Sie Talente gezielt f\u00f6rdern und langfristig binden. Starten Sie noch heute!","robots":{"index":"index","follow":"follow","max-snippet":"max-snippet:-1","max-image-preview":"max-image-preview:large","max-video-preview":"max-video-preview:-1"},"canonical":"https:\/\/www.pureconsultant.de\/de\/management\/personalentwicklung-vs-talentmanagement\/","og_locale":"de_DE","og_type":"article","og_title":"Personalentwicklung vs. Talentmanagement - PURE Consultant","og_description":"Personalentwicklung vs. Talentmanagement \u2013 entdecken Sie, wie Sie Talente gezielt f\u00f6rdern und langfristig binden. Starten Sie noch heute!","og_url":"https:\/\/www.pureconsultant.de\/de\/management\/personalentwicklung-vs-talentmanagement\/","og_site_name":"PURE Consultant","article_published_time":"2026-03-13T14:36:06+00:00","article_modified_time":"2026-03-13T14:37:10+00:00","og_image":[{"width":1032,"height":648,"url":"https:\/\/www.pureconsultant.de\/wp-content\/uploads\/visual-selection477.png","type":"image\/png"}],"author":"Serhat K\u00fcpeli","twitter_card":"summary_large_image","twitter_misc":{"Verfasst von":"Serhat K\u00fcpeli","Gesch\u00e4tzte Lesezeit":"11\u00a0Minuten"},"schema":{"@context":"https:\/\/schema.org","@graph":[{"@type":"Article","@id":"https:\/\/www.pureconsultant.de\/de\/management\/personalentwicklung-vs-talentmanagement\/#article","isPartOf":{"@id":"https:\/\/www.pureconsultant.de\/de\/management\/personalentwicklung-vs-talentmanagement\/"},"author":{"name":"Serhat K\u00fcpeli","@id":"https:\/\/www.pureconsultant.de\/#\/schema\/person\/b879d2f247599ce3a636522dd8344e95"},"headline":"Personalentwicklung vs. Talentmanagement","datePublished":"2026-03-13T14:36:06+00:00","dateModified":"2026-03-13T14:37:10+00:00","mainEntityOfPage":{"@id":"https:\/\/www.pureconsultant.de\/de\/management\/personalentwicklung-vs-talentmanagement\/"},"wordCount":1989,"image":{"@id":"https:\/\/www.pureconsultant.de\/de\/management\/personalentwicklung-vs-talentmanagement\/#primaryimage"},"thumbnailUrl":"https:\/\/www.pureconsultant.de\/wp-content\/uploads\/visual-selection477.png","keywords":["Personalentwicklung vs. Talentmanagement"],"articleSection":["Management"],"inLanguage":"de"},{"@type":"WebPage","@id":"https:\/\/www.pureconsultant.de\/de\/management\/personalentwicklung-vs-talentmanagement\/","url":"https:\/\/www.pureconsultant.de\/de\/management\/personalentwicklung-vs-talentmanagement\/","name":"Personalentwicklung vs. Talentmanagement - PURE Consultant","isPartOf":{"@id":"https:\/\/www.pureconsultant.de\/#website"},"primaryImageOfPage":{"@id":"https:\/\/www.pureconsultant.de\/de\/management\/personalentwicklung-vs-talentmanagement\/#primaryimage"},"image":{"@id":"https:\/\/www.pureconsultant.de\/de\/management\/personalentwicklung-vs-talentmanagement\/#primaryimage"},"thumbnailUrl":"https:\/\/www.pureconsultant.de\/wp-content\/uploads\/visual-selection477.png","datePublished":"2026-03-13T14:36:06+00:00","dateModified":"2026-03-13T14:37:10+00:00","author":{"@id":"https:\/\/www.pureconsultant.de\/#\/schema\/person\/b879d2f247599ce3a636522dd8344e95"},"description":"Personalentwicklung vs. Talentmanagement \u2013 entdecken Sie, wie Sie Talente gezielt f\u00f6rdern und langfristig binden. Starten Sie noch heute!","breadcrumb":{"@id":"https:\/\/www.pureconsultant.de\/de\/management\/personalentwicklung-vs-talentmanagement\/#breadcrumb"},"inLanguage":"de","potentialAction":[{"@type":"ReadAction","target":["https:\/\/www.pureconsultant.de\/de\/management\/personalentwicklung-vs-talentmanagement\/"]}]},{"@type":"ImageObject","inLanguage":"de","@id":"https:\/\/www.pureconsultant.de\/de\/management\/personalentwicklung-vs-talentmanagement\/#primaryimage","url":"https:\/\/www.pureconsultant.de\/wp-content\/uploads\/visual-selection477.png","contentUrl":"https:\/\/www.pureconsultant.de\/wp-content\/uploads\/visual-selection477.png"},{"@type":"BreadcrumbList","@id":"https:\/\/www.pureconsultant.de\/de\/management\/personalentwicklung-vs-talentmanagement\/#breadcrumb","itemListElement":[{"@type":"ListItem","position":1,"name":"Startseite","item":"https:\/\/www.pureconsultant.de\/de\/"},{"@type":"ListItem","position":2,"name":"Personalentwicklung vs. Talentmanagement"}]},{"@type":"WebSite","@id":"https:\/\/www.pureconsultant.de\/#website","url":"https:\/\/www.pureconsultant.de\/","name":"PURE Consultant","description":"Scrum, PMO, Projektmanagement &amp; Prozessmanagement aus K\u00f6ln","potentialAction":[{"@type":"SearchAction","target":{"@type":"EntryPoint","urlTemplate":"https:\/\/www.pureconsultant.de\/?s={search_term_string}"},"query-input":{"@type":"PropertyValueSpecification","valueRequired":true,"valueName":"search_term_string"}}],"inLanguage":"de"},{"@type":"Person","@id":"https:\/\/www.pureconsultant.de\/#\/schema\/person\/b879d2f247599ce3a636522dd8344e95","name":"Serhat K\u00fcpeli","image":{"@type":"ImageObject","inLanguage":"de","@id":"https:\/\/secure.gravatar.com\/avatar\/0886d2e74e7dfa20a0d9157eed001ec6efc4a799c718c80d37ebd532ec3810f1?s=96&d=mm&r=g","url":"https:\/\/secure.gravatar.com\/avatar\/0886d2e74e7dfa20a0d9157eed001ec6efc4a799c718c80d37ebd532ec3810f1?s=96&d=mm&r=g","contentUrl":"https:\/\/secure.gravatar.com\/avatar\/0886d2e74e7dfa20a0d9157eed001ec6efc4a799c718c80d37ebd532ec3810f1?s=96&d=mm&r=g","caption":"Serhat K\u00fcpeli"}}]}},"_links":{"self":[{"href":"https:\/\/www.pureconsultant.de\/de\/wp-json\/wp\/v2\/posts\/28355","targetHints":{"allow":["GET"]}}],"collection":[{"href":"https:\/\/www.pureconsultant.de\/de\/wp-json\/wp\/v2\/posts"}],"about":[{"href":"https:\/\/www.pureconsultant.de\/de\/wp-json\/wp\/v2\/types\/post"}],"author":[{"embeddable":true,"href":"https:\/\/www.pureconsultant.de\/de\/wp-json\/wp\/v2\/users\/6"}],"replies":[{"embeddable":true,"href":"https:\/\/www.pureconsultant.de\/de\/wp-json\/wp\/v2\/comments?post=28355"}],"version-history":[{"count":2,"href":"https:\/\/www.pureconsultant.de\/de\/wp-json\/wp\/v2\/posts\/28355\/revisions"}],"predecessor-version":[{"id":28358,"href":"https:\/\/www.pureconsultant.de\/de\/wp-json\/wp\/v2\/posts\/28355\/revisions\/28358"}],"wp:attachment":[{"href":"https:\/\/www.pureconsultant.de\/de\/wp-json\/wp\/v2\/media?parent=28355"}],"wp:term":[{"taxonomy":"category","embeddable":true,"href":"https:\/\/www.pureconsultant.de\/de\/wp-json\/wp\/v2\/categories?post=28355"},{"taxonomy":"post_tag","embeddable":true,"href":"https:\/\/www.pureconsultant.de\/de\/wp-json\/wp\/v2\/tags?post=28355"}],"curies":[{"name":"wp","href":"https:\/\/api.w.org\/{rel}","templated":true}]}}