{"id":28349,"date":"2026-03-13T15:27:16","date_gmt":"2026-03-13T14:27:16","guid":{"rendered":"https:\/\/www.pureconsultant.de\/de\/?p=28349"},"modified":"2026-03-13T15:27:45","modified_gmt":"2026-03-13T14:27:45","slug":"ziele-nutzen-der-personalentwicklung","status":"publish","type":"post","link":"https:\/\/www.pureconsultant.de\/de\/management\/ziele-nutzen-der-personalentwicklung\/","title":{"rendered":"Ziele &amp; Nutzen der Personalentwicklung"},"content":{"rendered":"<div class=\"m-block--container u-offset m-block--core--paragraph\">\n<p>Ziele &amp; Nutzen der Personalentwicklung &#8211; <strong><a href=\"https:\/\/www.pureconsultant.de\/de\/management\/personalentwicklung-erklaert\/\">Personalentwicklung<\/a><\/strong> geh\u00f6rt heute zu den strategisch wichtigsten Aufgaben in Unternehmen \u2013 und trotzdem ist sie in vielen Organisationen noch St\u00fcckwerk: Einzelne Trainings, verstreute E\u2011Learnings, gelegentliche F\u00fchrungskr\u00e4fteseminare. Das kostet Geld, bindet Ressourcen \u2013 und bringt oft zu wenig Wirkung.<br>Dieser Beitrag zeigt, welche Ziele Personalentwicklung wirklich verfolgen sollte, welchen konkreten Nutzen sie f\u00fcr Unternehmen, F\u00fchrungskr\u00e4fte und Mitarbeitende stiftet und wie Sie Ihre Ma\u00dfnahmen so ausrichten, dass sie messbar zur Wertsch\u00f6pfung beitragen.<\/p>\n<\/div><div class=\"m-block--container u-offset m-block--core--image\">\n<figure class=\"wp-block-image size-full\"><img loading=\"lazy\" decoding=\"async\" width=\"640\" height=\"648\" src=\"https:\/\/www.pureconsultant.de\/wp-content\/uploads\/visual-selection476.png\" alt=\"Ziele &amp; Nutzen der Personalentwicklung\" class=\"wp-image-28351\" srcset=\"https:\/\/www.pureconsultant.de\/wp-content\/uploads\/visual-selection476.png 640w, https:\/\/www.pureconsultant.de\/wp-content\/uploads\/visual-selection476-40x40.png 40w\" sizes=\"auto, (max-width: 640px) 100vw, 640px\" \/><figcaption class=\"wp-element-caption\">Ziele &#038; Nutzen der Personalentwicklung<\/figcaption><\/figure>\n<\/div><div class=\"m-block--container u-offset m-block--core--separator\">\n<hr class=\"wp-block-separator has-alpha-channel-opacity\"\/>\n<\/div><div class=\"m-block--container u-offset m-block--core--heading\">\n<h2 class=\"wp-block-heading\">1. Was versteht man unter Personalentwicklung?<\/h2>\n<\/div><div class=\"m-block--container u-offset m-block--core--paragraph\">\n<p>Personalentwicklung umfasst alle geplanten, systematischen Ma\u00dfnahmen, mit denen ein Unternehmen die Qualifikation, Leistungsf\u00e4higkeit und Motivation seiner Mitarbeitenden aufbaut, erh\u00e4lt und weiterentwickelt \u2013 im Einklang mit der Unternehmensstrategie.<\/p>\n<\/div><div class=\"m-block--container u-offset m-block--core--paragraph\">\n<p>Dazu geh\u00f6ren unter anderem:<\/p>\n<\/div><div class=\"m-block--container u-offset m-block--core--list\">\n<ul class=\"wp-block-list\"><div class=\"m-block--container u-offset m-block--core--list-item\">\n<li>Aus- und Weiterbildung (Trainings, Seminare, E\u2011Learning, Blended Learning)<\/li>\n<\/div>\n\n<div class=\"m-block--container u-offset m-block--core--list-item\">\n<li>F\u00fchrungskr\u00e4fteentwicklung und Managementprogramme<\/li>\n<\/div>\n\n<div class=\"m-block--container u-offset m-block--core--list-item\">\n<li>Coaching, Mentoring und kollegiale Beratung<\/li>\n<\/div>\n\n<div class=\"m-block--container u-offset m-block--core--list-item\">\n<li>Laufbahn- und Nachfolgeplanung<\/li>\n<\/div>\n\n<div class=\"m-block--container u-offset m-block--core--list-item\">\n<li>Onboarding- und Trainee-Programme<\/li>\n<\/div>\n\n<div class=\"m-block--container u-offset m-block--core--list-item\">\n<li>Job-Rotation, Projekteins\u00e4tze, Talentpools<\/li>\n<\/div>\n\n<div class=\"m-block--container u-offset m-block--core--list-item\">\n<li>Lern- und Feedbackformate im Arbeitsalltag (Learning on the Job)<\/li>\n<\/div><\/ul>\n<\/div><div class=\"m-block--container u-offset m-block--core--paragraph\">\n<p>Wichtig: Personalentwicklung ist kein Selbstzweck. Sie ist ein Managementinstrument, um zuk\u00fcnftige Anforderungen zu erf\u00fcllen und die Organisation langfristig leistungsf\u00e4hig zu halten.<\/p>\n<\/div><div class=\"m-block--container u-offset m-block--core--separator\">\n<hr class=\"wp-block-separator has-alpha-channel-opacity\"\/>\n<\/div><div class=\"m-block--container u-offset m-block--core--heading\">\n<h2 class=\"wp-block-heading\">2. Warum ist Personalentwicklung heute so entscheidend?<\/h2>\n<\/div><div class=\"m-block--container u-offset m-block--core--paragraph\">\n<p>Die Rahmenbedingungen haben sich massiv ver\u00e4ndert:<\/p>\n<\/div><div class=\"m-block--container u-offset m-block--core--list\">\n<ul class=\"wp-block-list\"><div class=\"m-block--container u-offset m-block--core--list-item\">\n<li><strong class=\"\">Fachkr\u00e4ftemangel<\/strong>: Geeignete Kandidaten sind schwer zu finden, Recruiting wird teurer und langwieriger.<\/li>\n<\/div>\n\n<div class=\"m-block--container u-offset m-block--core--list-item\">\n<li><strong class=\"\">Digitalisierung &amp; KI<\/strong>: Berufsbilder und Aufgaben ver\u00e4ndern sich schneller als klassische Ausbildungswege.<\/li>\n<\/div>\n\n<div class=\"m-block--container u-offset m-block--core--list-item\">\n<li><strong class=\"\">Demografischer Wandel<\/strong>: Wissenstr\u00e4ger verlassen das Unternehmen, w\u00e4hrend weniger Nachwuchs nachkommt.<\/li>\n<\/div>\n\n<div class=\"m-block--container u-offset m-block--core--list-item\">\n<li><strong class=\"\">Neue Arbeitsformen<\/strong>: Remote Work, agile Projekte, interdisziplin\u00e4re Teams verlangen neue Kompetenzen.<\/li>\n<\/div>\n\n<div class=\"m-block--container u-offset m-block--core--list-item\">\n<li><strong class=\"\">Anspruchshaltung der Mitarbeitenden<\/strong>: Entwicklungsm\u00f6glichkeiten sind heute zentrales Kriterium bei der Arbeitgeberwahl.<\/li>\n<\/div><\/ul>\n<\/div><div class=\"m-block--container u-offset m-block--core--paragraph\">\n<p>Ohne konsequente Personalentwicklung entsteht eine wachsende L\u00fccke zwischen den Anforderungen des Gesch\u00e4fts und den F\u00e4higkeiten der Belegschaft. Die Folge sind Produktivit\u00e4tsverluste, Qualit\u00e4tsprobleme und steigende Fluktuation.<\/p>\n<\/div><div class=\"m-block--container u-offset m-block--core--separator\">\n<hr class=\"wp-block-separator has-alpha-channel-opacity\"\/>\n<\/div><div class=\"m-block--container u-offset m-block--core--heading\">\n<h2 class=\"wp-block-heading\">3. Zentrale Ziele der Personalentwicklung<\/h2>\n<\/div><div class=\"m-block--container u-offset m-block--core--heading\">\n<h3 class=\"wp-block-heading\">3.1 Strategische Ziele auf Unternehmensebene<\/h3>\n<\/div><div class=\"m-block--container u-offset m-block--core--paragraph\">\n<p>Auf Unternehmensebene sollte Personalentwicklung klare, strategische Ziele adressieren:<\/p>\n<\/div><div class=\"m-block--container u-offset m-block--core--list\">\n<ol class=\"wp-block-list\"><div class=\"m-block--container u-offset m-block--core--list-item\">\n<li><strong class=\"\">Sicherstellung der zuk\u00fcnftigen Wettbewerbsf\u00e4higkeit<\/strong><div class=\"m-block--container u-offset m-block--core--list\">\n<ul class=\"wp-block-list\"><div class=\"m-block--container u-offset m-block--core--list-item\">\n<li>Aufbau der Kompetenzen, die f\u00fcr die Unternehmensstrategie notwendig sind<\/li>\n<\/div>\n\n<div class=\"m-block--container u-offset m-block--core--list-item\">\n<li>Unterst\u00fctzung von Transformationen (z. B. Digitalisierung, neue Gesch\u00e4ftsmodelle)<\/li>\n<\/div><\/ul>\n<\/div><\/li>\n<\/div>\n\n<div class=\"m-block--container u-offset m-block--core--list-item\">\n<li><strong class=\"\">Deckung des quantitativen und qualitativen Personalbedarfs<\/strong><div class=\"m-block--container u-offset m-block--core--list\">\n<ul class=\"wp-block-list\"><div class=\"m-block--container u-offset m-block--core--list-item\">\n<li>rechtzeitiger Aufbau von Experten- und F\u00fchrungskr\u00e4ftekapazit\u00e4ten<\/li>\n<\/div>\n\n<div class=\"m-block--container u-offset m-block--core--list-item\">\n<li>Reduktion externer Rekrutionskosten durch systematisches Talentmanagement<\/li>\n<\/div><\/ul>\n<\/div><\/li>\n<\/div>\n\n<div class=\"m-block--container u-offset m-block--core--list-item\">\n<li><strong class=\"\">Steigerung von Produktivit\u00e4t und Qualit\u00e4t<\/strong><div class=\"m-block--container u-offset m-block--core--list\">\n<ul class=\"wp-block-list\"><div class=\"m-block--container u-offset m-block--core--list-item\">\n<li>Fehlerreduktion durch bessere Qualifikation<\/li>\n<\/div>\n\n<div class=\"m-block--container u-offset m-block--core--list-item\">\n<li>Optimierung von Prozessen durch Methodenkompetenz (z. B. Lean, Projektmanagement)<\/li>\n<\/div><\/ul>\n<\/div><\/li>\n<\/div>\n\n<div class=\"m-block--container u-offset m-block--core--list-item\">\n<li><strong class=\"\">St\u00e4rkung der Arbeitgeberattraktivit\u00e4t (Employer Brand)<\/strong><div class=\"m-block--container u-offset m-block--core--list\">\n<ul class=\"wp-block-list\"><div class=\"m-block--container u-offset m-block--core--list-item\">\n<li>wahrnehmbare Entwicklungsm\u00f6glichkeiten als Differenzierungsmerkmal<\/li>\n<\/div>\n\n<div class=\"m-block--container u-offset m-block--core--list-item\">\n<li>positive Effekte auf Bewerberqualit\u00e4t und Time-to-Hire<\/li>\n<\/div><\/ul>\n<\/div><\/li>\n<\/div>\n\n<div class=\"m-block--container u-offset m-block--core--list-item\">\n<li><strong class=\"\">Risikominimierung und Compliance<\/strong><div class=\"m-block--container u-offset m-block--core--list\">\n<ul class=\"wp-block-list\"><div class=\"m-block--container u-offset m-block--core--list-item\">\n<li>Vermeidung von Haftungsrisiken durch Pflichtschulungen<\/li>\n<\/div>\n\n<div class=\"m-block--container u-offset m-block--core--list-item\">\n<li>Sicherstellung gesetzlicher Anforderungen (z. B. Arbeitssicherheit, Datenschutz)<\/li>\n<\/div><\/ul>\n<\/div><\/li>\n<\/div><\/ol>\n<\/div><div class=\"m-block--container u-offset m-block--core--separator\">\n<hr class=\"wp-block-separator has-alpha-channel-opacity\"\/>\n<\/div><div class=\"m-block--container u-offset m-block--core--heading\">\n<h3 class=\"wp-block-heading\">3.2 Ziele f\u00fcr F\u00fchrungskr\u00e4fte<\/h3>\n<\/div><div class=\"m-block--container u-offset m-block--core--paragraph\">\n<p>Auch f\u00fcr F\u00fchrungskr\u00e4fte ergeben sich spezifische Ziele der Personalentwicklung:<\/p>\n<\/div><div class=\"m-block--container u-offset m-block--core--list\">\n<ul class=\"wp-block-list\"><div class=\"m-block--container u-offset m-block--core--list-item\">\n<li><strong class=\"\">Aufbau wirksamer F\u00fchrungskompetenzen<\/strong><div class=\"m-block--container u-offset m-block--core--list\">\n<ul class=\"wp-block-list\"><div class=\"m-block--container u-offset m-block--core--list-item\">\n<li>F\u00fchren in Ver\u00e4nderungsprozessen<\/li>\n<\/div>\n\n<div class=\"m-block--container u-offset m-block--core--list-item\">\n<li>F\u00fchren auf Distanz \/ hybride Teams<\/li>\n<\/div>\n\n<div class=\"m-block--container u-offset m-block--core--list-item\">\n<li>Konflikt- und Gespr\u00e4chsf\u00fchrung, Feedbackkultur<\/li>\n<\/div><\/ul>\n<\/div><\/li>\n<\/div>\n\n<div class=\"m-block--container u-offset m-block--core--list-item\">\n<li><strong class=\"\">St\u00e4rkung der Rolle als Personalentwickler im Team<\/strong><div class=\"m-block--container u-offset m-block--core--list\">\n<ul class=\"wp-block-list\"><div class=\"m-block--container u-offset m-block--core--list-item\">\n<li>Potenziale erkennen und f\u00f6rdern<\/li>\n<\/div>\n\n<div class=\"m-block--container u-offset m-block--core--list-item\">\n<li>Entwicklungspl\u00e4ne mit Mitarbeitenden gestalten<\/li>\n<\/div>\n\n<div class=\"m-block--container u-offset m-block--core--list-item\">\n<li>Lerngelegenheiten im Tagesgesch\u00e4ft schaffen<\/li>\n<\/div><\/ul>\n<\/div><\/li>\n<\/div>\n\n<div class=\"m-block--container u-offset m-block--core--list-item\">\n<li><strong class=\"\">Professioneller Umgang mit Kennzahlen und HR-Instrumenten<\/strong><div class=\"m-block--container u-offset m-block--core--list\">\n<ul class=\"wp-block-list\"><div class=\"m-block--container u-offset m-block--core--list-item\">\n<li>Nutzung von Skill-Profilen, Kompetenzmodellen, Zielvereinbarungen<\/li>\n<\/div>\n\n<div class=\"m-block--container u-offset m-block--core--list-item\">\n<li>Interpretation von HR-Kennzahlen (Fluktuation, Performance, Engagement)<\/li>\n<\/div><\/ul>\n<\/div><\/li>\n<\/div><\/ul>\n<\/div><div class=\"m-block--container u-offset m-block--core--paragraph\">\n<p>Gut entwickelte F\u00fchrungskr\u00e4fte sind der gr\u00f6\u00dfte Hebel f\u00fcr nachhaltige Personalentwicklung \u2013 oder ihre gr\u00f6\u00dfte Bremse.<\/p>\n<\/div><div class=\"m-block--container u-offset m-block--core--separator\">\n<hr class=\"wp-block-separator has-alpha-channel-opacity\"\/>\n<\/div><div class=\"m-block--container u-offset m-block--core--heading\">\n<h3 class=\"wp-block-heading\">3.3 Ziele f\u00fcr Mitarbeitende<\/h3>\n<\/div><div class=\"m-block--container u-offset m-block--core--paragraph\">\n<p>F\u00fcr Mitarbeitende ist Personalentwicklung vor allem mit drei Erwartungen verbunden:<\/p>\n<\/div><div class=\"m-block--container u-offset m-block--core--list\">\n<ol class=\"wp-block-list\"><div class=\"m-block--container u-offset m-block--core--list-item\">\n<li><strong class=\"\">Berufliche Perspektive<\/strong><div class=\"m-block--container u-offset m-block--core--list\">\n<ul class=\"wp-block-list\"><div class=\"m-block--container u-offset m-block--core--list-item\">\n<li>Klarheit zu Entwicklungspfaden und Karriereoptionen<\/li>\n<\/div>\n\n<div class=\"m-block--container u-offset m-block--core--list-item\">\n<li>M\u00f6glichkeit, sich in fachliche oder f\u00fchrungsbezogene Laufbahnen zu entwickeln<\/li>\n<\/div><\/ul>\n<\/div><\/li>\n<\/div>\n\n<div class=\"m-block--container u-offset m-block--core--list-item\">\n<li><strong class=\"\">Sicherung und Ausbau der Besch\u00e4ftigungsf\u00e4higkeit (Employability)<\/strong><div class=\"m-block--container u-offset m-block--core--list\">\n<ul class=\"wp-block-list\"><div class=\"m-block--container u-offset m-block--core--list-item\">\n<li>Up- und Reskilling, um auch in Zukunft gefragt zu sein<\/li>\n<\/div>\n\n<div class=\"m-block--container u-offset m-block--core--list-item\">\n<li>Anpassung an neue Technologien, Tools und Arbeitsformen<\/li>\n<\/div><\/ul>\n<\/div><\/li>\n<\/div>\n\n<div class=\"m-block--container u-offset m-block--core--list-item\">\n<li><strong class=\"\">Steigerung von Arbeitszufriedenheit und Motivation<\/strong><div class=\"m-block--container u-offset m-block--core--list\">\n<ul class=\"wp-block-list\"><div class=\"m-block--container u-offset m-block--core--list-item\">\n<li>Sinnstiftung durch pers\u00f6nliche Entwicklung<\/li>\n<\/div>\n\n<div class=\"m-block--container u-offset m-block--core--list-item\">\n<li>h\u00f6heres Commitment zum Unternehmen<\/li>\n<\/div><\/ul>\n<\/div><\/li>\n<\/div><\/ol>\n<\/div><div class=\"m-block--container u-offset m-block--core--paragraph\">\n<p>Personalentwicklung ist damit ein wichtiger Baustein der psychologischen Vertragsbeziehung zwischen Unternehmen und Mitarbeitenden: \u201eWir investieren in dich \u2013 du investierst deine Leistung in unser Unternehmen.\u201c<\/p>\n<\/div><div class=\"m-block--container u-offset m-block--core--separator\">\n<hr class=\"wp-block-separator has-alpha-channel-opacity\"\/>\n<\/div><div class=\"m-block--container u-offset m-block--core--heading\">\n<h2 class=\"wp-block-heading\">4. Konkreter Nutzen der Personalentwicklung f\u00fcr Unternehmen<\/h2>\n<\/div><div class=\"m-block--container u-offset m-block--core--heading\">\n<h3 class=\"wp-block-heading\">4.1 Wirtschaftlicher Nutzen<\/h3>\n<\/div><div class=\"m-block--container u-offset m-block--core--paragraph\">\n<p>Professionelle Personalentwicklung stiftet einen klar messbaren wirtschaftlichen Nutzen, u. a. durch:<\/p>\n<\/div><div class=\"m-block--container u-offset m-block--core--list\">\n<ul class=\"wp-block-list\"><div class=\"m-block--container u-offset m-block--core--list-item\">\n<li><strong class=\"\">Reduzierte Fluktuation<\/strong><div class=\"m-block--container u-offset m-block--core--list\">\n<ul class=\"wp-block-list\"><div class=\"m-block--container u-offset m-block--core--list-item\">\n<li>geringere Kosten f\u00fcr Recruiting, Onboarding und Produktivit\u00e4tseinbu\u00dfen<\/li>\n<\/div>\n\n<div class=\"m-block--container u-offset m-block--core--list-item\">\n<li>Bindung von Schl\u00fcsselpersonen und High Potentials<\/li>\n<\/div><\/ul>\n<\/div><\/li>\n<\/div>\n\n<div class=\"m-block--container u-offset m-block--core--list-item\">\n<li><strong class=\"\">H\u00f6here Produktivit\u00e4t<\/strong><div class=\"m-block--container u-offset m-block--core--list\">\n<ul class=\"wp-block-list\"><div class=\"m-block--container u-offset m-block--core--list-item\">\n<li>effizientere Prozesse durch bessere Qualifikation<\/li>\n<\/div>\n\n<div class=\"m-block--container u-offset m-block--core--list-item\">\n<li>weniger Fehler, Nacharbeit und Reklamationen<\/li>\n<\/div><\/ul>\n<\/div><\/li>\n<\/div>\n\n<div class=\"m-block--container u-offset m-block--core--list-item\">\n<li><strong class=\"\">Schnellere Umsetzung strategischer Initiativen<\/strong><div class=\"m-block--container u-offset m-block--core--list\">\n<ul class=\"wp-block-list\"><div class=\"m-block--container u-offset m-block--core--list-item\">\n<li>reibungslosere Transformationen (z. B. Systemeinf\u00fchrungen, neue Gesch\u00e4ftsmodelle)<\/li>\n<\/div>\n\n<div class=\"m-block--container u-offset m-block--core--list-item\">\n<li>k\u00fcrzere Time-to-Competence bei neuen Rollen<\/li>\n<\/div><\/ul>\n<\/div><\/li>\n<\/div>\n\n<div class=\"m-block--container u-offset m-block--core--list-item\">\n<li><strong class=\"\">Weniger externe Beratungskosten<\/strong><div class=\"m-block--container u-offset m-block--core--list\">\n<ul class=\"wp-block-list\"><div class=\"m-block--container u-offset m-block--core--list-item\">\n<li>Aufbau interner Experten und Multiplikatoren<\/li>\n<\/div>\n\n<div class=\"m-block--container u-offset m-block--core--list-item\">\n<li>geringerer Bedarf an externen Trainern bei Standardthemen<\/li>\n<\/div><\/ul>\n<\/div><\/li>\n<\/div><\/ul>\n<\/div><div class=\"m-block--container u-offset m-block--core--separator\">\n<hr class=\"wp-block-separator has-alpha-channel-opacity\"\/>\n<\/div><div class=\"m-block--container u-offset m-block--core--heading\">\n<h3 class=\"wp-block-heading\">4.2 Organisatorischer Nutzen<\/h3>\n<\/div><div class=\"m-block--container u-offset m-block--core--paragraph\">\n<p>Neben harten Kennzahlen gibt es deutliche organisatorische Effekte:<\/p>\n<\/div><div class=\"m-block--container u-offset m-block--core--list\">\n<ul class=\"wp-block-list\"><div class=\"m-block--container u-offset m-block--core--list-item\">\n<li><strong class=\"\">Besseres Wissensmanagement<\/strong><div class=\"m-block--container u-offset m-block--core--list\">\n<ul class=\"wp-block-list\"><div class=\"m-block--container u-offset m-block--core--list-item\">\n<li>systematischer Wissenstransfer zwischen Generationen<\/li>\n<\/div>\n\n<div class=\"m-block--container u-offset m-block--core--list-item\">\n<li>Aufbau von Communities of Practice und internen Expertennetzwerken<\/li>\n<\/div><\/ul>\n<\/div><\/li>\n<\/div>\n\n<div class=\"m-block--container u-offset m-block--core--list-item\">\n<li><strong class=\"\">H\u00f6here Ver\u00e4nderungsbereitschaft<\/strong><div class=\"m-block--container u-offset m-block--core--list\">\n<ul class=\"wp-block-list\"><div class=\"m-block--container u-offset m-block--core--list-item\">\n<li>Mitarbeitende erleben Ver\u00e4nderungen als Lernchance, nicht nur als Bedrohung<\/li>\n<\/div>\n\n<div class=\"m-block--container u-offset m-block--core--list-item\">\n<li>organisationale Lernf\u00e4higkeit steigt<\/li>\n<\/div><\/ul>\n<\/div><\/li>\n<\/div>\n\n<div class=\"m-block--container u-offset m-block--core--list-item\">\n<li><strong class=\"\">Professionalisierung von HR und F\u00fchrung<\/strong><div class=\"m-block--container u-offset m-block--core--list\">\n<ul class=\"wp-block-list\"><div class=\"m-block--container u-offset m-block--core--list-item\">\n<li>klare Rollen, Prozesse und Standards in der Entwicklung<\/li>\n<\/div>\n\n<div class=\"m-block--container u-offset m-block--core--list-item\">\n<li>mehr Verl\u00e4sslichkeit und Transparenz f\u00fcr alle Beteiligten<\/li>\n<\/div><\/ul>\n<\/div><\/li>\n<\/div><\/ul>\n<\/div><div class=\"m-block--container u-offset m-block--core--separator\">\n<hr class=\"wp-block-separator has-alpha-channel-opacity\"\/>\n<\/div><div class=\"m-block--container u-offset m-block--core--heading\">\n<h3 class=\"wp-block-heading\">4.3 Kultureller Nutzen<\/h3>\n<\/div><div class=\"m-block--container u-offset m-block--core--paragraph\">\n<p>Personalentwicklung wirkt immer auch auf die Unternehmenskultur:<\/p>\n<\/div><div class=\"m-block--container u-offset m-block--core--list\">\n<ul class=\"wp-block-list\"><div class=\"m-block--container u-offset m-block--core--list-item\">\n<li><strong class=\"\">Lernkultur statt Fehlerkultur<\/strong><div class=\"m-block--container u-offset m-block--core--list\">\n<ul class=\"wp-block-list\"><div class=\"m-block--container u-offset m-block--core--list-item\">\n<li>Fehler werden als Lernanl\u00e4sse verstanden<\/li>\n<\/div>\n\n<div class=\"m-block--container u-offset m-block--core--list-item\">\n<li>Feedback wird normaler Bestandteil des Alltags<\/li>\n<\/div><\/ul>\n<\/div><\/li>\n<\/div>\n\n<div class=\"m-block--container u-offset m-block--core--list-item\">\n<li><strong class=\"\">St\u00e4rkeres Wir-Gef\u00fchl<\/strong><div class=\"m-block--container u-offset m-block--core--list\">\n<ul class=\"wp-block-list\"><div class=\"m-block--container u-offset m-block--core--list-item\">\n<li>gemeinsame Entwicklungsprogramme f\u00f6rdern Vernetzung \u00fcber Silos hinweg<\/li>\n<\/div>\n\n<div class=\"m-block--container u-offset m-block--core--list-item\">\n<li>h\u00f6here Identifikation mit dem Unternehmen<\/li>\n<\/div><\/ul>\n<\/div><\/li>\n<\/div>\n\n<div class=\"m-block--container u-offset m-block--core--list-item\">\n<li><strong class=\"\">Attraktive Kultur f\u00fcr neue Talente<\/strong><div class=\"m-block--container u-offset m-block--core--list\">\n<ul class=\"wp-block-list\"><div class=\"m-block--container u-offset m-block--core--list-item\">\n<li>\u201eHier kann ich mich entwickeln\u201c wird zu einem echten Argument im Wettbewerb um Fachkr\u00e4fte<\/li>\n<\/div><\/ul>\n<\/div><\/li>\n<\/div><\/ul>\n<\/div><div class=\"m-block--container u-offset m-block--core--separator\">\n<hr class=\"wp-block-separator has-alpha-channel-opacity\"\/>\n<\/div><div class=\"m-block--container u-offset m-block--core--heading\">\n<h2 class=\"wp-block-heading\">5. Typische Ziele der Personalentwicklung \u2013 Beispiele aus der Praxis<\/h2>\n<\/div><div class=\"m-block--container u-offset m-block--core--paragraph\">\n<p>Konkrete Ziele helfen, Personalentwicklung greifbar und messbar zu machen. H\u00e4ufige Zielsetzungen sind zum Beispiel:<\/p>\n<\/div><div class=\"m-block--container u-offset m-block--core--list\">\n<ul class=\"wp-block-list\"><div class=\"m-block--container u-offset m-block--core--list-item\">\n<li>\u201eInnerhalb von 18 Monaten sind alle Projektleiter nach einem einheitlichen Standard qualifiziert und zertifiziert.\u201c<\/li>\n<\/div>\n\n<div class=\"m-block--container u-offset m-block--core--list-item\">\n<li>\u201eDie Time-to-Competence neuer Mitarbeiter in der Kundenbetreuung wird um 30 % reduziert.\u201c<\/li>\n<\/div>\n\n<div class=\"m-block--container u-offset m-block--core--list-item\">\n<li>\u201eBis Ende n\u00e4chsten Jahres sind 70 % der F\u00fchrungskr\u00e4fte in der Lage, Remote-Teams wirksam zu f\u00fchren (gemessen durch Mitarbeiterbefragung).\u201c<\/li>\n<\/div>\n\n<div class=\"m-block--container u-offset m-block--core--list-item\">\n<li>\u201eF\u00fcr alle Schl\u00fcsselpositionen existiert eine besetzbare interne Nachfolgeoption.\u201c<\/li>\n<\/div>\n\n<div class=\"m-block--container u-offset m-block--core--list-item\">\n<li>\u201eDie freiwillige Fluktuation in kritischen Bereichen sinkt um 20 % in drei Jahren.\u201c<\/li>\n<\/div><\/ul>\n<\/div><div class=\"m-block--container u-offset m-block--core--paragraph\">\n<p>Solche Zielbilder verbinden Personalentwicklungsma\u00dfnahmen direkt mit Gesch\u00e4ftsergebnissen und schaffen Klarheit, woran Erfolg gemessen wird.<\/p>\n<\/div><div class=\"m-block--container u-offset m-block--core--separator\">\n<hr class=\"wp-block-separator has-alpha-channel-opacity\"\/>\n<\/div><div class=\"m-block--container u-offset m-block--core--heading\">\n<h2 class=\"wp-block-heading\">6. Wichtige Handlungsfelder der Personalentwicklung<\/h2>\n<\/div><div class=\"m-block--container u-offset m-block--core--heading\">\n<h3 class=\"wp-block-heading\">6.1 Fachliche Qualifizierung<\/h3>\n<\/div><div class=\"m-block--container u-offset m-block--core--paragraph\">\n<p>Ziel: Aufbau und Aktualisierung von Fachwissen und methodischen Kompetenzen.<\/p>\n<\/div><div class=\"m-block--container u-offset m-block--core--paragraph\">\n<p>Beispiele:<\/p>\n<\/div><div class=\"m-block--container u-offset m-block--core--list\">\n<ul class=\"wp-block-list\"><div class=\"m-block--container u-offset m-block--core--list-item\">\n<li>Produktschulungen, Techniktrainings, IT- und Software-Trainings<\/li>\n<\/div>\n\n<div class=\"m-block--container u-offset m-block--core--list-item\">\n<li>Methoden wie Lean Management, Six Sigma, Scrum, PRINCE2<\/li>\n<\/div>\n\n<div class=\"m-block--container u-offset m-block--core--list-item\">\n<li>Zertifizierungen, die f\u00fcr das Gesch\u00e4ftsmodell relevant sind<\/li>\n<\/div><\/ul>\n<\/div><div class=\"m-block--container u-offset m-block--core--paragraph\">\n<p>Nutzen: Sicherstellung der Leistungsf\u00e4higkeit im Kerngesch\u00e4ft, Qualit\u00e4tssteigerung, Reduktion von Fehlern.<\/p>\n<\/div><div class=\"m-block--container u-offset m-block--core--separator\">\n<hr class=\"wp-block-separator has-alpha-channel-opacity\"\/>\n<\/div><div class=\"m-block--container u-offset m-block--core--heading\">\n<h3 class=\"wp-block-heading\">6.2 F\u00fchrungskr\u00e4fte- und Managemententwicklung<\/h3>\n<\/div><div class=\"m-block--container u-offset m-block--core--paragraph\">\n<p>Ziel: Entwicklung wirksamer F\u00fchrung auf allen Ebenen.<\/p>\n<\/div><div class=\"m-block--container u-offset m-block--core--paragraph\">\n<p>Beispiele:<\/p>\n<\/div><div class=\"m-block--container u-offset m-block--core--list\">\n<ul class=\"wp-block-list\"><div class=\"m-block--container u-offset m-block--core--list-item\">\n<li>mehrstufige Programme f\u00fcr Nachwuchsf\u00fchrungskr\u00e4fte, Linienmanager, Top-Management<\/li>\n<\/div>\n\n<div class=\"m-block--container u-offset m-block--core--list-item\">\n<li>Trainings zu Kommunikation, Change Management, Konfliktl\u00f6sung<\/li>\n<\/div>\n\n<div class=\"m-block--container u-offset m-block--core--list-item\">\n<li>individuelle Formate wie Coaching, 360\u00b0-Feedback, Peer-Consulting<\/li>\n<\/div><\/ul>\n<\/div><div class=\"m-block--container u-offset m-block--core--paragraph\">\n<p>Nutzen: Bessere Mitarbeiterf\u00fchrung, weniger Reibungsverluste, h\u00f6here Engagement-Werte, mehr Umsetzungskraft im Unternehmen.<\/p>\n<\/div><div class=\"m-block--container u-offset m-block--core--separator\">\n<hr class=\"wp-block-separator has-alpha-channel-opacity\"\/>\n<\/div><div class=\"m-block--container u-offset m-block--core--heading\">\n<h3 class=\"wp-block-heading\">6.3 Potenzial- und Talententwicklung<\/h3>\n<\/div><div class=\"m-block--container u-offset m-block--core--paragraph\">\n<p>Ziel: Identifikation und F\u00f6rderung von Leistungstr\u00e4gern und Talenten.<\/p>\n<\/div><div class=\"m-block--container u-offset m-block--core--paragraph\">\n<p>Beispiele:<\/p>\n<\/div><div class=\"m-block--container u-offset m-block--core--list\">\n<ul class=\"wp-block-list\"><div class=\"m-block--container u-offset m-block--core--list-item\">\n<li>Talentpools und High-Potential-Programme<\/li>\n<\/div>\n\n<div class=\"m-block--container u-offset m-block--core--list-item\">\n<li>Development Center zur Potenzialanalyse<\/li>\n<\/div>\n\n<div class=\"m-block--container u-offset m-block--core--list-item\">\n<li>gezielte Projekteins\u00e4tze und Auslandseins\u00e4tze<\/li>\n<\/div>\n\n<div class=\"m-block--container u-offset m-block--core--list-item\">\n<li>Mentoring durch erfahrene F\u00fchrungskr\u00e4fte<\/li>\n<\/div><\/ul>\n<\/div><div class=\"m-block--container u-offset m-block--core--paragraph\">\n<p>Nutzen: Sicherung des Management-Nachwuchses, Vermeidung von Schl\u00fcsselpersonen-Risiken, erh\u00f6hte Bindung der Leistungstr\u00e4ger.<\/p>\n<\/div><div class=\"m-block--container u-offset m-block--core--separator\">\n<hr class=\"wp-block-separator has-alpha-channel-opacity\"\/>\n<\/div><div class=\"m-block--container u-offset m-block--core--heading\">\n<h3 class=\"wp-block-heading\">6.4 Organisationsentwicklung und Lernen im System<\/h3>\n<\/div><div class=\"m-block--container u-offset m-block--core--paragraph\">\n<p>Ziel: Nicht nur Einzelne, sondern die gesamte Organisation lern- und anpassungsf\u00e4hig machen.<\/p>\n<\/div><div class=\"m-block--container u-offset m-block--core--paragraph\">\n<p>Ma\u00dfnahmen:<\/p>\n<\/div><div class=\"m-block--container u-offset m-block--core--list\">\n<ul class=\"wp-block-list\"><div class=\"m-block--container u-offset m-block--core--list-item\">\n<li>Teamentwicklungen, Retrospektiven, Lessons Learned<\/li>\n<\/div>\n\n<div class=\"m-block--container u-offset m-block--core--list-item\">\n<li>Begleitung von Reorganisationen und Transformationsprogrammen<\/li>\n<\/div>\n\n<div class=\"m-block--container u-offset m-block--core--list-item\">\n<li>Aufbau von Communities of Practice<\/li>\n<\/div>\n\n<div class=\"m-block--container u-offset m-block--core--list-item\">\n<li>Formate f\u00fcr bereichs\u00fcbergreifenden Austausch (z. B. Learning Labs)<\/li>\n<\/div><\/ul>\n<\/div><div class=\"m-block--container u-offset m-block--core--paragraph\">\n<p>Nutzen: H\u00f6here Ver\u00e4nderungsgeschwindigkeit, weniger Widerst\u00e4nde, bessere Zusammenarbeit.<\/p>\n<\/div><div class=\"m-block--container u-offset m-block--core--separator\">\n<hr class=\"wp-block-separator has-alpha-channel-opacity\"\/>\n<\/div><div class=\"m-block--container u-offset m-block--core--heading\">\n<h2 class=\"wp-block-heading\">7. Wie lassen sich Ziele der Personalentwicklung systematisch ableiten?<\/h2>\n<\/div><div class=\"m-block--container u-offset m-block--core--paragraph\">\n<p>Damit Personalentwicklung nicht aus Einzelma\u00dfnahmen besteht, sollte die Zielableitung einem strukturierten Vorgehen folgen:<\/p>\n<\/div><div class=\"m-block--container u-offset m-block--core--list\">\n<ol class=\"wp-block-list\"><div class=\"m-block--container u-offset m-block--core--list-item\">\n<li><strong class=\"\">Unternehmensstrategie analysieren<\/strong><div class=\"m-block--container u-offset m-block--core--list\">\n<ul class=\"wp-block-list\"><div class=\"m-block--container u-offset m-block--core--list-item\">\n<li>Welche M\u00e4rkte, Produkte, Services sollen in den n\u00e4chsten 3\u20135 Jahren im Fokus stehen?<\/li>\n<\/div>\n\n<div class=\"m-block--container u-offset m-block--core--list-item\">\n<li>Welche Ver\u00e4nderungen sind geplant (Digitalisierung, Internationalisierung, M&amp;A)?<\/li>\n<\/div><\/ul>\n<\/div><\/li>\n<\/div>\n\n<div class=\"m-block--container u-offset m-block--core--list-item\">\n<li><strong class=\"\">Zuk\u00fcnftige Rollen und Kompetenzen definieren<\/strong><div class=\"m-block--container u-offset m-block--core--list\">\n<ul class=\"wp-block-list\"><div class=\"m-block--container u-offset m-block--core--list-item\">\n<li>Welche Schl\u00fcsselrollen werden wichtiger, welche werden sich ver\u00e4ndern oder entfallen?<\/li>\n<\/div>\n\n<div class=\"m-block--container u-offset m-block--core--list-item\">\n<li>Welche Kompetenzen sind f\u00fcr diese Rollen entscheidend (fachlich, methodisch, sozial)?<\/li>\n<\/div><\/ul>\n<\/div><\/li>\n<\/div>\n\n<div class=\"m-block--container u-offset m-block--core--list-item\">\n<li><strong class=\"\">Kompetenzl\u00fccken identifizieren<\/strong><div class=\"m-block--container u-offset m-block--core--list\">\n<ul class=\"wp-block-list\"><div class=\"m-block--container u-offset m-block--core--list-item\">\n<li>Abgleich Ist- vs. Soll-Kompetenzen (z. B. durch Skill-Matrizen, Interviews, Assessments)<\/li>\n<\/div>\n\n<div class=\"m-block--container u-offset m-block--core--list-item\">\n<li>Priorisierung der kritischsten L\u00fccken<\/li>\n<\/div><\/ul>\n<\/div><\/li>\n<\/div>\n\n<div class=\"m-block--container u-offset m-block--core--list-item\">\n<li><strong class=\"\">Konkrete Entwicklungsziele formulieren<\/strong><div class=\"m-block--container u-offset m-block--core--list\">\n<ul class=\"wp-block-list\"><div class=\"m-block--container u-offset m-block--core--list-item\">\n<li>SMARTe Ziele (spezifisch, messbar, attraktiv, realistisch, terminiert)<\/li>\n<\/div>\n\n<div class=\"m-block--container u-offset m-block--core--list-item\">\n<li>klare Zuordnung, wie diese Ziele die Strategie unterst\u00fctzen<\/li>\n<\/div><\/ul>\n<\/div><\/li>\n<\/div>\n\n<div class=\"m-block--container u-offset m-block--core--list-item\">\n<li><strong class=\"\">Passende Ma\u00dfnahmen ableiten<\/strong><div class=\"m-block--container u-offset m-block--core--list\">\n<ul class=\"wp-block-list\"><div class=\"m-block--container u-offset m-block--core--list-item\">\n<li>Lernformen und -formate ausw\u00e4hlen (Training, Coaching, E\u2011Learning, Projekte, Job-Rotation)<\/li>\n<\/div>\n\n<div class=\"m-block--container u-offset m-block--core--list-item\">\n<li>Verantwortlichkeiten und Ressourcen festlegen<\/li>\n<\/div><\/ul>\n<\/div><\/li>\n<\/div>\n\n<div class=\"m-block--container u-offset m-block--core--list-item\">\n<li><strong class=\"\">Erfolgskriterien und Kennzahlen definieren<\/strong><div class=\"m-block--container u-offset m-block--core--list\">\n<ul class=\"wp-block-list\"><div class=\"m-block--container u-offset m-block--core--list-item\">\n<li>Was soll sich konkret ver\u00e4ndern?<\/li>\n<\/div>\n\n<div class=\"m-block--container u-offset m-block--core--list-item\">\n<li>Wie wird gemessen (z. B. Kennzahlen, Test, Feedback, Performance-Daten)?<\/li>\n<\/div><\/ul>\n<\/div><\/li>\n<\/div><\/ol>\n<\/div><div class=\"m-block--container u-offset m-block--core--paragraph\">\n<p>So entsteht ein roter Faden von der Strategie bis zur konkreten Ma\u00dfnahme \u2013 und zur\u00fcck zu den Ergebnissen.<\/p>\n<\/div><div class=\"m-block--container u-offset m-block--core--separator\">\n<hr class=\"wp-block-separator has-alpha-channel-opacity\"\/>\n<\/div><div class=\"m-block--container u-offset m-block--core--heading\">\n<h2 class=\"wp-block-heading\">8. Wie misst man den Nutzen der Personalentwicklung?<\/h2>\n<\/div><div class=\"m-block--container u-offset m-block--core--paragraph\">\n<p>Viele Unternehmen investieren erheblich in Personalentwicklung, tun sich aber schwer mit der Nutzenmessung. Ein pragmatischer Ansatz kombiniert qualitative und quantitative Sichtweisen.<\/p>\n<\/div><div class=\"m-block--container u-offset m-block--core--heading\">\n<h3 class=\"wp-block-heading\">8.1 Ebenen der Wirkung<\/h3>\n<\/div><div class=\"m-block--container u-offset m-block--core--paragraph\">\n<p>Sie k\u00f6nnen auf vier Ebenen unterscheiden:<\/p>\n<\/div><div class=\"m-block--container u-offset m-block--core--list\">\n<ol class=\"wp-block-list\"><div class=\"m-block--container u-offset m-block--core--list-item\">\n<li><strong class=\"\">Zufriedenheit<\/strong><div class=\"m-block--container u-offset m-block--core--list\">\n<ul class=\"wp-block-list\"><div class=\"m-block--container u-offset m-block--core--list-item\">\n<li>Reaktion der Teilnehmenden (z. B. Feedbackb\u00f6gen, NPS)<\/li>\n<\/div>\n\n<div class=\"m-block--container u-offset m-block--core--list-item\">\n<li>\u201eHat mir gefallen?\u201c \u2013 wichtig, aber nicht ausreichend.<\/li>\n<\/div><\/ul>\n<\/div><\/li>\n<\/div>\n\n<div class=\"m-block--container u-offset m-block--core--list-item\">\n<li><strong class=\"\">Lernerfolg<\/strong><div class=\"m-block--container u-offset m-block--core--list\">\n<ul class=\"wp-block-list\"><div class=\"m-block--container u-offset m-block--core--list-item\">\n<li>Tests, praktische \u00dcbungen, Zertifizierungen<\/li>\n<\/div>\n\n<div class=\"m-block--container u-offset m-block--core--list-item\">\n<li>\u201eWas wurde gelernt und verstanden?\u201c<\/li>\n<\/div><\/ul>\n<\/div><\/li>\n<\/div>\n\n<div class=\"m-block--container u-offset m-block--core--list-item\">\n<li><strong class=\"\">Verhaltens\u00e4nderung im Alltag<\/strong><div class=\"m-block--container u-offset m-block--core--list\">\n<ul class=\"wp-block-list\"><div class=\"m-block--container u-offset m-block--core--list-item\">\n<li>Beobachtungen durch F\u00fchrungskr\u00e4fte, 360\u00b0-Feedback, Projektresultate<\/li>\n<\/div>\n\n<div class=\"m-block--container u-offset m-block--core--list-item\">\n<li>\u201eWas wird im Arbeitsalltag tats\u00e4chlich anders gemacht?\u201c<\/li>\n<\/div><\/ul>\n<\/div><\/li>\n<\/div>\n\n<div class=\"m-block--container u-offset m-block--core--list-item\">\n<li><strong class=\"\">Ergebniswirkung f\u00fcrs Unternehmen<\/strong><div class=\"m-block--container u-offset m-block--core--list\">\n<ul class=\"wp-block-list\"><div class=\"m-block--container u-offset m-block--core--list-item\">\n<li>Kennzahlen wie Produktivit\u00e4t, Qualit\u00e4t, Durchlaufzeiten, Fluktuation, Umsatz<\/li>\n<\/div>\n\n<div class=\"m-block--container u-offset m-block--core--list-item\">\n<li>\u201eWelche betriebswirtschaftlichen Effekte wurden erzielt?\u201c<\/li>\n<\/div><\/ul>\n<\/div><\/li>\n<\/div><\/ol>\n<\/div><div class=\"m-block--container u-offset m-block--core--paragraph\">\n<p>Nicht jedes Programm muss auf allen Ebenen gemessen werden \u2013 aber gro\u00dfe Investitionen sollten \u00fcber reine Zufriedenheitsabfragen hinausgehen.<\/p>\n<\/div><div class=\"m-block--container u-offset m-block--core--separator\">\n<hr class=\"wp-block-separator has-alpha-channel-opacity\"\/>\n<\/div><div class=\"m-block--container u-offset m-block--core--heading\">\n<h3 class=\"wp-block-heading\">8.2 Typische Kennzahlen<\/h3>\n<\/div><div class=\"m-block--container u-offset m-block--core--paragraph\">\n<p>M\u00f6gliche Kennzahlen zur Bewertung des Nutzens:<\/p>\n<\/div><div class=\"m-block--container u-offset m-block--core--list\">\n<ul class=\"wp-block-list\"><div class=\"m-block--container u-offset m-block--core--list-item\">\n<li><strong class=\"\">HR-Kennzahlen<\/strong><div class=\"m-block--container u-offset m-block--core--list\">\n<ul class=\"wp-block-list\"><div class=\"m-block--container u-offset m-block--core--list-item\">\n<li>Fluktuationsquote (gesamt \/ High Potentials \/ kritische Rollen)<\/li>\n<\/div>\n\n<div class=\"m-block--container u-offset m-block--core--list-item\">\n<li>interne vs. externe Besetzungsquote bei F\u00fchrungspositionen<\/li>\n<\/div>\n\n<div class=\"m-block--container u-offset m-block--core--list-item\">\n<li>Time-to-Competence f\u00fcr neue Mitarbeitende<\/li>\n<\/div><\/ul>\n<\/div><\/li>\n<\/div>\n\n<div class=\"m-block--container u-offset m-block--core--list-item\">\n<li><strong class=\"\">Performance-Kennzahlen<\/strong><div class=\"m-block--container u-offset m-block--core--list\">\n<ul class=\"wp-block-list\"><div class=\"m-block--container u-offset m-block--core--list-item\">\n<li>Produktivit\u00e4tskennzahlen in qualifizierten Bereichen<\/li>\n<\/div>\n\n<div class=\"m-block--container u-offset m-block--core--list-item\">\n<li>Fehler- \/ Reklamationsquoten<\/li>\n<\/div>\n\n<div class=\"m-block--container u-offset m-block--core--list-item\">\n<li>Projekterfolgsquote (z. B. Budget- und Termintreue)<\/li>\n<\/div><\/ul>\n<\/div><\/li>\n<\/div>\n\n<div class=\"m-block--container u-offset m-block--core--list-item\">\n<li><strong class=\"\">Kultur- und Engagement-Kennzahlen<\/strong><div class=\"m-block--container u-offset m-block--core--list\">\n<ul class=\"wp-block-list\"><div class=\"m-block--container u-offset m-block--core--list-item\">\n<li>Ergebnisse von Mitarbeiterbefragungen<\/li>\n<\/div>\n\n<div class=\"m-block--container u-offset m-block--core--list-item\">\n<li>Beteiligungsquoten an Lernangeboten<\/li>\n<\/div>\n\n<div class=\"m-block--container u-offset m-block--core--list-item\">\n<li>Feedback zur wahrgenommenen Entwicklungschance<\/li>\n<\/div><\/ul>\n<\/div><\/li>\n<\/div><\/ul>\n<\/div><div class=\"m-block--container u-offset m-block--core--paragraph\">\n<p>Wichtig ist nicht die Menge der Kennzahlen, sondern deren Klarheit und Bezug zu den gesetzten Zielen.<\/p>\n<\/div><div class=\"m-block--container u-offset m-block--core--separator\">\n<hr class=\"wp-block-separator has-alpha-channel-opacity\"\/>\n<\/div><div class=\"m-block--container u-offset m-block--core--heading\">\n<h2 class=\"wp-block-heading\">9. H\u00e4ufige Fehlannahmen zu Zielen und Nutzen der Personalentwicklung<\/h2>\n<\/div><div class=\"m-block--container u-offset m-block--core--heading\">\n<h3 class=\"wp-block-heading\">9.1 \u201eMehr Trainings = mehr Entwicklung\u201c<\/h3>\n<\/div><div class=\"m-block--container u-offset m-block--core--paragraph\">\n<p>Viele Organisationen setzen Entwicklung mit Trainingsvolumen gleich. Entscheidender als Anzahl von Seminartagen ist jedoch:<\/p>\n<\/div><div class=\"m-block--container u-offset m-block--core--list\">\n<ul class=\"wp-block-list\"><div class=\"m-block--container u-offset m-block--core--list-item\">\n<li>Transfer in den Alltag<\/li>\n<\/div>\n\n<div class=\"m-block--container u-offset m-block--core--list-item\">\n<li>Einbindung der F\u00fchrungskr\u00e4fte<\/li>\n<\/div>\n\n<div class=\"m-block--container u-offset m-block--core--list-item\">\n<li>Verankerung im Prozess- und Rollenverst\u00e4ndnis<\/li>\n<\/div><\/ul>\n<\/div><div class=\"m-block--container u-offset m-block--core--paragraph\">\n<p>Ein kompakter, gut begleiteter Lernprozess kann wirkungsvoller sein als eine Flut an Einzeltrainings.<\/p>\n<\/div><div class=\"m-block--container u-offset m-block--core--separator\">\n<hr class=\"wp-block-separator has-alpha-channel-opacity\"\/>\n<\/div><div class=\"m-block--container u-offset m-block--core--heading\">\n<h3 class=\"wp-block-heading\">9.2 \u201ePersonalentwicklung ist Aufgabe der HR-Abteilung\u201c<\/h3>\n<\/div><div class=\"m-block--container u-offset m-block--core--paragraph\">\n<p>HR gestaltet Rahmen, Prozesse und Instrumente. Die eigentliche Personalentwicklung findet jedoch im Alltag zwischen F\u00fchrungskraft und Mitarbeitendem statt:<\/p>\n<\/div><div class=\"m-block--container u-offset m-block--core--list\">\n<ul class=\"wp-block-list\"><div class=\"m-block--container u-offset m-block--core--list-item\">\n<li>regelm\u00e4\u00dfige Entwicklungsgespr\u00e4che<\/li>\n<\/div>\n\n<div class=\"m-block--container u-offset m-block--core--list-item\">\n<li>Feedback und Coaching on the Job<\/li>\n<\/div>\n\n<div class=\"m-block--container u-offset m-block--core--list-item\">\n<li>gezielte Projekt- und Aufgabenvergabe mit Lerncharakter<\/li>\n<\/div><\/ul>\n<\/div><div class=\"m-block--container u-offset m-block--core--paragraph\">\n<p>Ohne aktive Rolle der F\u00fchrungskr\u00e4fte bleibt Personalentwicklung eine Insell\u00f6sung.<\/p>\n<\/div><div class=\"m-block--container u-offset m-block--core--separator\">\n<hr class=\"wp-block-separator has-alpha-channel-opacity\"\/>\n<\/div><div class=\"m-block--container u-offset m-block--core--heading\">\n<h3 class=\"wp-block-heading\">9.3 \u201eNutzen der Personalentwicklung ist nicht messbar\u201c<\/h3>\n<\/div><div class=\"m-block--container u-offset m-block--core--paragraph\">\n<p>Vollst\u00e4ndig exakte ROI-Berechnungen sind in der Praxis schwierig. Aber:<\/p>\n<\/div><div class=\"m-block--container u-offset m-block--core--list\">\n<ul class=\"wp-block-list\"><div class=\"m-block--container u-offset m-block--core--list-item\">\n<li>Vorher-Nachher-Vergleiche (z. B. Fehlerquoten, Durchlaufzeiten, Fluktuation)<\/li>\n<\/div>\n\n<div class=\"m-block--container u-offset m-block--core--list-item\">\n<li>Pilotprojekte mit Vergleichsgruppen<\/li>\n<\/div>\n\n<div class=\"m-block--container u-offset m-block--core--list-item\">\n<li>klare Zieldefinitionen vor Start eines Programms<\/li>\n<\/div><\/ul>\n<\/div><div class=\"m-block--container u-offset m-block--core--paragraph\">\n<p>erlauben eine solide N\u00e4herung und liefern ausreichend Transparenz f\u00fcr Managemententscheidungen.<\/p>\n<\/div><div class=\"m-block--container u-offset m-block--core--separator\">\n<hr class=\"wp-block-separator has-alpha-channel-opacity\"\/>\n<\/div><div class=\"m-block--container u-offset m-block--core--heading\">\n<h2 class=\"wp-block-heading\">10. Erfolgsfaktoren f\u00fcr wirksame Personalentwicklung<\/h2>\n<\/div><div class=\"m-block--container u-offset m-block--core--paragraph\">\n<p>Damit die Ziele der Personalentwicklung ihren vollen Nutzen entfalten, haben sich folgende Erfolgsfaktoren bew\u00e4hrt:<\/p>\n<\/div><div class=\"m-block--container u-offset m-block--core--list\">\n<ol class=\"wp-block-list\"><div class=\"m-block--container u-offset m-block--core--list-item\">\n<li><strong class=\"\">Strategische Verankerung<\/strong><div class=\"m-block--container u-offset m-block--core--list\">\n<ul class=\"wp-block-list\"><div class=\"m-block--container u-offset m-block--core--list-item\">\n<li>Personalentwicklung ist Teil der Unternehmensstrategie, nicht nur \u201enice to have\u201c.<\/li>\n<\/div>\n\n<div class=\"m-block--container u-offset m-block--core--list-item\">\n<li>Regelm\u00e4\u00dfiger Austausch zwischen Gesch\u00e4ftsf\u00fchrung, HR und Fachbereichen.<\/li>\n<\/div><\/ul>\n<\/div><\/li>\n<\/div>\n\n<div class=\"m-block--container u-offset m-block--core--list-item\">\n<li><strong class=\"\">Klares Kompetenzmodell<\/strong><div class=\"m-block--container u-offset m-block--core--list\">\n<ul class=\"wp-block-list\"><div class=\"m-block--container u-offset m-block--core--list-item\">\n<li>Verst\u00e4ndliche Beschreibung der relevanten Kompetenzen und Rollenprofile.<\/li>\n<\/div>\n\n<div class=\"m-block--container u-offset m-block--core--list-item\">\n<li>Grundlage f\u00fcr Recruiting, Entwicklung, Performance Management.<\/li>\n<\/div><\/ul>\n<\/div><\/li>\n<\/div>\n\n<div class=\"m-block--container u-offset m-block--core--list-item\">\n<li><strong class=\"\">F\u00fchrungskr\u00e4fte als Enabler<\/strong><div class=\"m-block--container u-offset m-block--core--list\">\n<ul class=\"wp-block-list\"><div class=\"m-block--container u-offset m-block--core--list-item\">\n<li>F\u00fchrungskr\u00e4fte werden bef\u00e4higt, Entwicklung aktiv zu steuern.<\/li>\n<\/div>\n\n<div class=\"m-block--container u-offset m-block--core--list-item\">\n<li>PE-Ziele werden in F\u00fchrungskennzahlen und -ziele integriert.<\/li>\n<\/div><\/ul>\n<\/div><\/li>\n<\/div>\n\n<div class=\"m-block--container u-offset m-block--core--list-item\">\n<li><strong class=\"\">Praxisnahe Lernformate<\/strong><div class=\"m-block--container u-offset m-block--core--list\">\n<ul class=\"wp-block-list\"><div class=\"m-block--container u-offset m-block--core--list-item\">\n<li>Kombination aus Training, Praxisprojekten, Coaching und Reflexion.<\/li>\n<\/div>\n\n<div class=\"m-block--container u-offset m-block--core--list-item\">\n<li>Fokus auf konkrete Anwendung im Arbeitskontext.<\/li>\n<\/div><\/ul>\n<\/div><\/li>\n<\/div>\n\n<div class=\"m-block--container u-offset m-block--core--list-item\">\n<li><strong class=\"\">Systematischer Transfer in den Alltag<\/strong><div class=\"m-block--container u-offset m-block--core--list\">\n<ul class=\"wp-block-list\"><div class=\"m-block--container u-offset m-block--core--list-item\">\n<li>Transferaufgaben, Follow-up-Sessions, Peer-Gruppen.<\/li>\n<\/div>\n\n<div class=\"m-block--container u-offset m-block--core--list-item\">\n<li>Einbindung von Vorgesetzten in Vorbereitung und Nachbereitung.<\/li>\n<\/div><\/ul>\n<\/div><\/li>\n<\/div>\n\n<div class=\"m-block--container u-offset m-block--core--list-item\">\n<li><strong class=\"\">Transparente Kommunikation<\/strong><div class=\"m-block--container u-offset m-block--core--list\">\n<ul class=\"wp-block-list\"><div class=\"m-block--container u-offset m-block--core--list-item\">\n<li>Klarheit, welche Ziele mit Programmen verfolgt werden.<\/li>\n<\/div>\n\n<div class=\"m-block--container u-offset m-block--core--list-item\">\n<li>Sichtbarkeit von Erfolgen und Lernerfahrungen.<\/li>\n<\/div><\/ul>\n<\/div><\/li>\n<\/div>\n\n<div class=\"m-block--container u-offset m-block--core--list-item\">\n<li><strong class=\"\">Kontinuierliche Evaluation und Anpassung<\/strong><div class=\"m-block--container u-offset m-block--core--list\">\n<ul class=\"wp-block-list\"><div class=\"m-block--container u-offset m-block--core--list-item\">\n<li>Regelm\u00e4\u00dfige \u00dcberpr\u00fcfung, ob Ma\u00dfnahmen noch zur Strategie passen.<\/li>\n<\/div>\n\n<div class=\"m-block--container u-offset m-block--core--list-item\">\n<li>Mut, unwirksame Programme einzustellen und neue zu testen.<\/li>\n<\/div><\/ul>\n<\/div><\/li>\n<\/div><\/ol>\n<\/div><div class=\"m-block--container u-offset m-block--core--separator\">\n<hr class=\"wp-block-separator has-alpha-channel-opacity\"\/>\n<\/div><div class=\"m-block--container u-offset m-block--core--heading\">\n<h2 class=\"wp-block-heading\">11. Beispiele f\u00fcr zielgerichtete Personalentwicklungsma\u00dfnahmen<\/h2>\n<\/div><div class=\"m-block--container u-offset m-block--core--paragraph\">\n<p>Zur Verdeutlichung, wie stark Ziele und Nutzen zusammenh\u00e4ngen, einige exemplarische Szenarien:<\/p>\n<\/div><div class=\"m-block--container u-offset m-block--core--heading\">\n<h3 class=\"wp-block-heading\">Beispiel 1: Digitalisierung im Kundenservice<\/h3>\n<\/div><div class=\"m-block--container u-offset m-block--core--paragraph\">\n<p><strong class=\"\">Ausgangslage:<\/strong> Einf\u00fchrung eines neuen Omnichannel-Systems, ver\u00e4nderte Kundenanforderungen.<br class=\"\"><strong class=\"\">Ziele der Personalentwicklung:<\/strong><\/p>\n<\/div><div class=\"m-block--container u-offset m-block--core--list\">\n<ul class=\"wp-block-list\"><div class=\"m-block--container u-offset m-block--core--list-item\">\n<li>Aufbau digitaler Kompetenzen bei allen Service-Mitarbeitenden<\/li>\n<\/div>\n\n<div class=\"m-block--container u-offset m-block--core--list-item\">\n<li>Erh\u00f6hung der Erstl\u00f6sungsquote und Kundenzufriedenheit<\/li>\n<\/div>\n\n<div class=\"m-block--container u-offset m-block--core--list-item\">\n<li>Reduktion von Bearbeitungszeiten<\/li>\n<\/div><\/ul>\n<\/div><div class=\"m-block--container u-offset m-block--core--paragraph\">\n<p><strong class=\"\">Ma\u00dfnahmen:<\/strong><\/p>\n<\/div><div class=\"m-block--container u-offset m-block--core--list\">\n<ul class=\"wp-block-list\"><div class=\"m-block--container u-offset m-block--core--list-item\">\n<li>Schulungen zum neuen System, erg\u00e4nzt um Praxissimulationen<\/li>\n<\/div>\n\n<div class=\"m-block--container u-offset m-block--core--list-item\">\n<li>Coaching-on-the-Job und Shadowing<\/li>\n<\/div>\n\n<div class=\"m-block--container u-offset m-block--core--list-item\">\n<li>Kennzahlenbasierte Erfolgsmessung (z. B. AHT, FCR, NPS)<\/li>\n<\/div><\/ul>\n<\/div><div class=\"m-block--container u-offset m-block--core--paragraph\">\n<p><strong class=\"\">Nutzen:<\/strong><\/p>\n<\/div><div class=\"m-block--container u-offset m-block--core--list\">\n<ul class=\"wp-block-list\"><div class=\"m-block--container u-offset m-block--core--list-item\">\n<li>schnellere Systemakzeptanz<\/li>\n<\/div>\n\n<div class=\"m-block--container u-offset m-block--core--list-item\">\n<li>verbesserte Servicequalit\u00e4t<\/li>\n<\/div>\n\n<div class=\"m-block--container u-offset m-block--core--list-item\">\n<li>messbare Effizienzgewinne<\/li>\n<\/div><\/ul>\n<\/div><div class=\"m-block--container u-offset m-block--core--separator\">\n<hr class=\"wp-block-separator has-alpha-channel-opacity\"\/>\n<\/div><div class=\"m-block--container u-offset m-block--core--heading\">\n<h3 class=\"wp-block-heading\">Beispiel 2: Nachfolgeplanung im mittleren Management<\/h3>\n<\/div><div class=\"m-block--container u-offset m-block--core--paragraph\">\n<p><strong class=\"\">Ausgangslage:<\/strong> In den n\u00e4chsten f\u00fcnf Jahren gehen viele Bereichsleiter in den Ruhestand.<br class=\"\"><strong class=\"\">Ziele der Personalentwicklung:<\/strong><\/p>\n<\/div><div class=\"m-block--container u-offset m-block--core--list\">\n<ul class=\"wp-block-list\"><div class=\"m-block--container u-offset m-block--core--list-item\">\n<li>rechtzeitiger Aufbau eines Pools potenzieller Nachfolger<\/li>\n<\/div>\n\n<div class=\"m-block--container u-offset m-block--core--list-item\">\n<li>Sicherung von Schl\u00fcssel-Know-how<\/li>\n<\/div>\n\n<div class=\"m-block--container u-offset m-block--core--list-item\">\n<li>Minimierung von Besetzungsrisiken<\/li>\n<\/div><\/ul>\n<\/div><div class=\"m-block--container u-offset m-block--core--paragraph\">\n<p><strong class=\"\">Ma\u00dfnahmen:<\/strong><\/p>\n<\/div><div class=\"m-block--container u-offset m-block--core--list\">\n<ul class=\"wp-block-list\"><div class=\"m-block--container u-offset m-block--core--list-item\">\n<li>Potenzialanalyse und Identifikation geeigneter Kandidaten<\/li>\n<\/div>\n\n<div class=\"m-block--container u-offset m-block--core--list-item\">\n<li>mehrstufiges F\u00fchrungsentwicklungsprogramm<\/li>\n<\/div>\n\n<div class=\"m-block--container u-offset m-block--core--list-item\">\n<li>gezielte Projekteins\u00e4tze mit F\u00fchrungsverantwortung<\/li>\n<\/div><\/ul>\n<\/div><div class=\"m-block--container u-offset m-block--core--paragraph\">\n<p><strong class=\"\">Nutzen:<\/strong><\/p>\n<\/div><div class=\"m-block--container u-offset m-block--core--list\">\n<ul class=\"wp-block-list\"><div class=\"m-block--container u-offset m-block--core--list-item\">\n<li>h\u00f6here interne Besetzungsquote<\/li>\n<\/div>\n\n<div class=\"m-block--container u-offset m-block--core--list-item\">\n<li>k\u00fcrzere \u00dcbergangszeiten bei Wechseln<\/li>\n<\/div>\n\n<div class=\"m-block--container u-offset m-block--core--list-item\">\n<li>geringere Kosten f\u00fcr externe Rekrutierung<\/li>\n<\/div><\/ul>\n<\/div><div class=\"m-block--container u-offset m-block--core--separator\">\n<hr class=\"wp-block-separator has-alpha-channel-opacity\"\/>\n<\/div><div class=\"m-block--container u-offset m-block--core--heading\">\n<h3 class=\"wp-block-heading\">Beispiel 3: Agiles Arbeiten in der Produktentwicklung<\/h3>\n<\/div><div class=\"m-block--container u-offset m-block--core--paragraph\">\n<p><strong class=\"\">Ausgangslage:<\/strong> Einf\u00fchrung agiler Methoden zur Beschleunigung von Innovationszyklen.<br class=\"\"><strong class=\"\">Ziele der Personalentwicklung:<\/strong><\/p>\n<\/div><div class=\"m-block--container u-offset m-block--core--list\">\n<ul class=\"wp-block-list\"><div class=\"m-block--container u-offset m-block--core--list-item\">\n<li>Aufbau von Kompetenzen in agilen Frameworks (Scrum, Kanban etc.)<\/li>\n<\/div>\n\n<div class=\"m-block--container u-offset m-block--core--list-item\">\n<li>Verbesserung der bereichs\u00fcbergreifenden Zusammenarbeit<\/li>\n<\/div>\n\n<div class=\"m-block--container u-offset m-block--core--list-item\">\n<li>Reduktion von Time-to-Market<\/li>\n<\/div><\/ul>\n<\/div><div class=\"m-block--container u-offset m-block--core--paragraph\">\n<p><strong class=\"\">Ma\u00dfnahmen:<\/strong><\/p>\n<\/div><div class=\"m-block--container u-offset m-block--core--list\">\n<ul class=\"wp-block-list\"><div class=\"m-block--container u-offset m-block--core--list-item\">\n<li>Role-based Trainings f\u00fcr Product Owner, Scrum Master, Teammitglieder<\/li>\n<\/div>\n\n<div class=\"m-block--container u-offset m-block--core--list-item\">\n<li>Begleitung durch Agile Coaches<\/li>\n<\/div>\n\n<div class=\"m-block--container u-offset m-block--core--list-item\">\n<li>Etablierung regelm\u00e4\u00dfiger Retrospektiven und Lernformate<\/li>\n<\/div><\/ul>\n<\/div><div class=\"m-block--container u-offset m-block--core--paragraph\">\n<p><strong class=\"\">Nutzen:<\/strong><\/p>\n<\/div><div class=\"m-block--container u-offset m-block--core--list\">\n<ul class=\"wp-block-list\"><div class=\"m-block--container u-offset m-block--core--list-item\">\n<li>schnellere Releases<\/li>\n<\/div>\n\n<div class=\"m-block--container u-offset m-block--core--list-item\">\n<li>h\u00f6here Transparenz im Projektportfolio<\/li>\n<\/div>\n\n<div class=\"m-block--container u-offset m-block--core--list-item\">\n<li>st\u00e4rkere Eigenverantwortung der Teams<\/li>\n<\/div><\/ul>\n<\/div><div class=\"m-block--container u-offset m-block--core--separator\">\n<hr class=\"wp-block-separator has-alpha-channel-opacity\"\/>\n<\/div><div class=\"m-block--container u-offset m-block--core--heading\">\n<h2 class=\"wp-block-heading\">12. Fazit: Personalentwicklung als strategische Investition \u2013 nicht als Kostenfaktor<\/h2>\n<\/div><div class=\"m-block--container u-offset m-block--core--paragraph\">\n<p>Ziele und Nutzen der Personalentwicklung lassen sich klar beschreiben und belegen:<br class=\"\">Wer Personalentwicklung konsequent an der Unternehmensstrategie ausrichtet, schafft einen messbaren Mehrwert \u2013 wirtschaftlich, organisatorisch und kulturell. Der Schl\u00fcssel liegt in der Verbindung von klaren Zielen, praxisnahen Ma\u00dfnahmen und einer ehrlichen Evaluation der Ergebnisse.<\/p>\n<\/div><div class=\"m-block--container u-offset m-block--core--paragraph\">\n<p>Unternehmen, die heute in die Entwicklung ihrer Mitarbeitenden und F\u00fchrungskr\u00e4fte investieren, sichern sich nicht nur Fachkr\u00e4fte, sondern schaffen eine lernf\u00e4hige, anpassungsstarke Organisation. In Zeiten von Fachkr\u00e4ftemangel, Digitalisierung und permanentem Wandel ist das einer der wichtigsten Wettbewerbsvorteile.<\/p>\n<\/div><div class=\"m-block--container u-offset m-block--core--paragraph\">\n<p>Wenn Sie Ihre Personalentwicklungsstrategie \u00fcberpr\u00fcfen oder neu aufsetzen m\u00f6chten und Wert auf eine klare, umsetzungsorientierte Vorgehensweise legen, kann eine <strong><a href=\"https:\/\/de.linkedin.com\/company\/pcgpureconsultantgmbh\">externe Sparringspartnerschaft<\/a><\/strong> hilfreich sein \u2013 etwa f\u00fcr die Entwicklung eines Kompetenzmodells, die Konzeption eines PE-Portfolios oder die Messung von Wirkung und Nutzen.<\/p>\n<\/div>","protected":false},"excerpt":{"rendered":"<p>Ziele &amp; Nutzen der Personalentwicklung &#8211; Personalentwicklung geh\u00f6rt heute zu den strategisch wichtigsten Aufgaben in Unternehmen \u2013 und trotzdem ist sie in vielen Organisationen noch St\u00fcckwerk: Einzelne Trainings, verstreute E\u2011Learnings, gelegentliche F\u00fchrungskr\u00e4fteseminare. Das kostet Geld, bindet Ressourcen \u2013 und bringt oft zu wenig Wirkung.Dieser Beitrag zeigt, welche Ziele Personalentwicklung wirklich verfolgen sollte, welchen konkreten Nutzen [&hellip;]<\/p>\n","protected":false},"author":6,"featured_media":0,"comment_status":"closed","ping_status":"closed","sticky":false,"template":"","format":"standard","meta":{"_acf_changed":false,"inline_featured_image":false,"footnotes":""},"categories":[57],"tags":[3161],"class_list":["post-28349","post","type-post","status-publish","format-standard","hentry","category-management","tag-ziele-nutzen-der-personalentwicklung"],"acf":[],"yoast_head":"<!-- This site is optimized with the Yoast SEO plugin v27.5 - https:\/\/yoast.com\/product\/yoast-seo-wordpress\/ -->\n<title>Ziele &amp; Nutzen der Personalentwicklung - PURE Consultant<\/title>\n<meta name=\"description\" content=\"Ziele &amp; Nutzen der Personalentwicklung: F\u00f6rdern Sie Talente, sichern Sie Wachstum. Erfahren Sie mehr und starten Sie durch!\" \/>\n<meta name=\"robots\" content=\"index, follow, max-snippet:-1, max-image-preview:large, max-video-preview:-1\" \/>\n<link rel=\"canonical\" href=\"https:\/\/www.pureconsultant.de\/de\/management\/ziele-nutzen-der-personalentwicklung\/\" \/>\n<meta property=\"og:locale\" content=\"de_DE\" \/>\n<meta property=\"og:type\" content=\"article\" \/>\n<meta property=\"og:title\" content=\"Ziele &amp; Nutzen der Personalentwicklung - PURE Consultant\" \/>\n<meta property=\"og:description\" content=\"Ziele &amp; Nutzen der Personalentwicklung: F\u00f6rdern Sie Talente, sichern Sie Wachstum. Erfahren Sie mehr und starten Sie durch!\" \/>\n<meta property=\"og:url\" content=\"https:\/\/www.pureconsultant.de\/de\/management\/ziele-nutzen-der-personalentwicklung\/\" \/>\n<meta property=\"og:site_name\" content=\"PURE Consultant\" \/>\n<meta property=\"article:published_time\" content=\"2026-03-13T14:27:16+00:00\" \/>\n<meta property=\"article:modified_time\" content=\"2026-03-13T14:27:45+00:00\" \/>\n<meta property=\"og:image\" content=\"https:\/\/www.pureconsultant.de\/wp-content\/uploads\/visual-selection476.png\" \/>\n\t<meta property=\"og:image:width\" content=\"640\" \/>\n\t<meta property=\"og:image:height\" content=\"648\" \/>\n\t<meta property=\"og:image:type\" content=\"image\/png\" \/>\n<meta name=\"author\" content=\"Serhat K\u00fcpeli\" \/>\n<meta name=\"twitter:card\" content=\"summary_large_image\" \/>\n<meta name=\"twitter:label1\" content=\"Verfasst von\" \/>\n\t<meta name=\"twitter:data1\" content=\"Serhat K\u00fcpeli\" \/>\n\t<meta name=\"twitter:label2\" content=\"Gesch\u00e4tzte Lesezeit\" \/>\n\t<meta name=\"twitter:data2\" content=\"12\u00a0Minuten\" \/>\n<script type=\"application\/ld+json\" class=\"yoast-schema-graph\">{\"@context\":\"https:\\\/\\\/schema.org\",\"@graph\":[{\"@type\":\"Article\",\"@id\":\"https:\\\/\\\/www.pureconsultant.de\\\/de\\\/management\\\/ziele-nutzen-der-personalentwicklung\\\/#article\",\"isPartOf\":{\"@id\":\"https:\\\/\\\/www.pureconsultant.de\\\/de\\\/management\\\/ziele-nutzen-der-personalentwicklung\\\/\"},\"author\":{\"name\":\"Serhat K\u00fcpeli\",\"@id\":\"https:\\\/\\\/www.pureconsultant.de\\\/#\\\/schema\\\/person\\\/b879d2f247599ce3a636522dd8344e95\"},\"headline\":\"Ziele &amp; Nutzen der Personalentwicklung\",\"datePublished\":\"2026-03-13T14:27:16+00:00\",\"dateModified\":\"2026-03-13T14:27:45+00:00\",\"mainEntityOfPage\":{\"@id\":\"https:\\\/\\\/www.pureconsultant.de\\\/de\\\/management\\\/ziele-nutzen-der-personalentwicklung\\\/\"},\"wordCount\":2142,\"image\":{\"@id\":\"https:\\\/\\\/www.pureconsultant.de\\\/de\\\/management\\\/ziele-nutzen-der-personalentwicklung\\\/#primaryimage\"},\"thumbnailUrl\":\"https:\\\/\\\/www.pureconsultant.de\\\/wp-content\\\/uploads\\\/visual-selection476.png\",\"keywords\":[\"Ziele &amp; Nutzen der Personalentwicklung\"],\"articleSection\":[\"Management\"],\"inLanguage\":\"de\"},{\"@type\":\"WebPage\",\"@id\":\"https:\\\/\\\/www.pureconsultant.de\\\/de\\\/management\\\/ziele-nutzen-der-personalentwicklung\\\/\",\"url\":\"https:\\\/\\\/www.pureconsultant.de\\\/de\\\/management\\\/ziele-nutzen-der-personalentwicklung\\\/\",\"name\":\"Ziele &amp; Nutzen der Personalentwicklung - PURE Consultant\",\"isPartOf\":{\"@id\":\"https:\\\/\\\/www.pureconsultant.de\\\/#website\"},\"primaryImageOfPage\":{\"@id\":\"https:\\\/\\\/www.pureconsultant.de\\\/de\\\/management\\\/ziele-nutzen-der-personalentwicklung\\\/#primaryimage\"},\"image\":{\"@id\":\"https:\\\/\\\/www.pureconsultant.de\\\/de\\\/management\\\/ziele-nutzen-der-personalentwicklung\\\/#primaryimage\"},\"thumbnailUrl\":\"https:\\\/\\\/www.pureconsultant.de\\\/wp-content\\\/uploads\\\/visual-selection476.png\",\"datePublished\":\"2026-03-13T14:27:16+00:00\",\"dateModified\":\"2026-03-13T14:27:45+00:00\",\"author\":{\"@id\":\"https:\\\/\\\/www.pureconsultant.de\\\/#\\\/schema\\\/person\\\/b879d2f247599ce3a636522dd8344e95\"},\"description\":\"Ziele & Nutzen der Personalentwicklung: F\u00f6rdern Sie Talente, sichern Sie Wachstum. Erfahren Sie mehr und starten Sie durch!\",\"breadcrumb\":{\"@id\":\"https:\\\/\\\/www.pureconsultant.de\\\/de\\\/management\\\/ziele-nutzen-der-personalentwicklung\\\/#breadcrumb\"},\"inLanguage\":\"de\",\"potentialAction\":[{\"@type\":\"ReadAction\",\"target\":[\"https:\\\/\\\/www.pureconsultant.de\\\/de\\\/management\\\/ziele-nutzen-der-personalentwicklung\\\/\"]}]},{\"@type\":\"ImageObject\",\"inLanguage\":\"de\",\"@id\":\"https:\\\/\\\/www.pureconsultant.de\\\/de\\\/management\\\/ziele-nutzen-der-personalentwicklung\\\/#primaryimage\",\"url\":\"https:\\\/\\\/www.pureconsultant.de\\\/wp-content\\\/uploads\\\/visual-selection476.png\",\"contentUrl\":\"https:\\\/\\\/www.pureconsultant.de\\\/wp-content\\\/uploads\\\/visual-selection476.png\"},{\"@type\":\"BreadcrumbList\",\"@id\":\"https:\\\/\\\/www.pureconsultant.de\\\/de\\\/management\\\/ziele-nutzen-der-personalentwicklung\\\/#breadcrumb\",\"itemListElement\":[{\"@type\":\"ListItem\",\"position\":1,\"name\":\"Startseite\",\"item\":\"https:\\\/\\\/www.pureconsultant.de\\\/de\\\/\"},{\"@type\":\"ListItem\",\"position\":2,\"name\":\"Ziele &amp; Nutzen der Personalentwicklung\"}]},{\"@type\":\"WebSite\",\"@id\":\"https:\\\/\\\/www.pureconsultant.de\\\/#website\",\"url\":\"https:\\\/\\\/www.pureconsultant.de\\\/\",\"name\":\"PURE Consultant\",\"description\":\"Scrum, PMO, Projektmanagement &amp; Prozessmanagement aus K\u00f6ln\",\"potentialAction\":[{\"@type\":\"SearchAction\",\"target\":{\"@type\":\"EntryPoint\",\"urlTemplate\":\"https:\\\/\\\/www.pureconsultant.de\\\/?s={search_term_string}\"},\"query-input\":{\"@type\":\"PropertyValueSpecification\",\"valueRequired\":true,\"valueName\":\"search_term_string\"}}],\"inLanguage\":\"de\"},{\"@type\":\"Person\",\"@id\":\"https:\\\/\\\/www.pureconsultant.de\\\/#\\\/schema\\\/person\\\/b879d2f247599ce3a636522dd8344e95\",\"name\":\"Serhat K\u00fcpeli\",\"image\":{\"@type\":\"ImageObject\",\"inLanguage\":\"de\",\"@id\":\"https:\\\/\\\/secure.gravatar.com\\\/avatar\\\/0886d2e74e7dfa20a0d9157eed001ec6efc4a799c718c80d37ebd532ec3810f1?s=96&d=mm&r=g\",\"url\":\"https:\\\/\\\/secure.gravatar.com\\\/avatar\\\/0886d2e74e7dfa20a0d9157eed001ec6efc4a799c718c80d37ebd532ec3810f1?s=96&d=mm&r=g\",\"contentUrl\":\"https:\\\/\\\/secure.gravatar.com\\\/avatar\\\/0886d2e74e7dfa20a0d9157eed001ec6efc4a799c718c80d37ebd532ec3810f1?s=96&d=mm&r=g\",\"caption\":\"Serhat K\u00fcpeli\"}}]}<\/script>\n<!-- \/ Yoast SEO plugin. -->","yoast_head_json":{"title":"Ziele &amp; Nutzen der Personalentwicklung - PURE Consultant","description":"Ziele & Nutzen der Personalentwicklung: F\u00f6rdern Sie Talente, sichern Sie Wachstum. Erfahren Sie mehr und starten Sie durch!","robots":{"index":"index","follow":"follow","max-snippet":"max-snippet:-1","max-image-preview":"max-image-preview:large","max-video-preview":"max-video-preview:-1"},"canonical":"https:\/\/www.pureconsultant.de\/de\/management\/ziele-nutzen-der-personalentwicklung\/","og_locale":"de_DE","og_type":"article","og_title":"Ziele &amp; Nutzen der Personalentwicklung - PURE Consultant","og_description":"Ziele & Nutzen der Personalentwicklung: F\u00f6rdern Sie Talente, sichern Sie Wachstum. Erfahren Sie mehr und starten Sie durch!","og_url":"https:\/\/www.pureconsultant.de\/de\/management\/ziele-nutzen-der-personalentwicklung\/","og_site_name":"PURE Consultant","article_published_time":"2026-03-13T14:27:16+00:00","article_modified_time":"2026-03-13T14:27:45+00:00","og_image":[{"width":640,"height":648,"url":"https:\/\/www.pureconsultant.de\/wp-content\/uploads\/visual-selection476.png","type":"image\/png"}],"author":"Serhat K\u00fcpeli","twitter_card":"summary_large_image","twitter_misc":{"Verfasst von":"Serhat K\u00fcpeli","Gesch\u00e4tzte Lesezeit":"12\u00a0Minuten"},"schema":{"@context":"https:\/\/schema.org","@graph":[{"@type":"Article","@id":"https:\/\/www.pureconsultant.de\/de\/management\/ziele-nutzen-der-personalentwicklung\/#article","isPartOf":{"@id":"https:\/\/www.pureconsultant.de\/de\/management\/ziele-nutzen-der-personalentwicklung\/"},"author":{"name":"Serhat K\u00fcpeli","@id":"https:\/\/www.pureconsultant.de\/#\/schema\/person\/b879d2f247599ce3a636522dd8344e95"},"headline":"Ziele &amp; Nutzen der Personalentwicklung","datePublished":"2026-03-13T14:27:16+00:00","dateModified":"2026-03-13T14:27:45+00:00","mainEntityOfPage":{"@id":"https:\/\/www.pureconsultant.de\/de\/management\/ziele-nutzen-der-personalentwicklung\/"},"wordCount":2142,"image":{"@id":"https:\/\/www.pureconsultant.de\/de\/management\/ziele-nutzen-der-personalentwicklung\/#primaryimage"},"thumbnailUrl":"https:\/\/www.pureconsultant.de\/wp-content\/uploads\/visual-selection476.png","keywords":["Ziele &amp; Nutzen der Personalentwicklung"],"articleSection":["Management"],"inLanguage":"de"},{"@type":"WebPage","@id":"https:\/\/www.pureconsultant.de\/de\/management\/ziele-nutzen-der-personalentwicklung\/","url":"https:\/\/www.pureconsultant.de\/de\/management\/ziele-nutzen-der-personalentwicklung\/","name":"Ziele &amp; Nutzen der Personalentwicklung - PURE Consultant","isPartOf":{"@id":"https:\/\/www.pureconsultant.de\/#website"},"primaryImageOfPage":{"@id":"https:\/\/www.pureconsultant.de\/de\/management\/ziele-nutzen-der-personalentwicklung\/#primaryimage"},"image":{"@id":"https:\/\/www.pureconsultant.de\/de\/management\/ziele-nutzen-der-personalentwicklung\/#primaryimage"},"thumbnailUrl":"https:\/\/www.pureconsultant.de\/wp-content\/uploads\/visual-selection476.png","datePublished":"2026-03-13T14:27:16+00:00","dateModified":"2026-03-13T14:27:45+00:00","author":{"@id":"https:\/\/www.pureconsultant.de\/#\/schema\/person\/b879d2f247599ce3a636522dd8344e95"},"description":"Ziele & Nutzen der Personalentwicklung: F\u00f6rdern Sie Talente, sichern Sie Wachstum. Erfahren Sie mehr und starten Sie durch!","breadcrumb":{"@id":"https:\/\/www.pureconsultant.de\/de\/management\/ziele-nutzen-der-personalentwicklung\/#breadcrumb"},"inLanguage":"de","potentialAction":[{"@type":"ReadAction","target":["https:\/\/www.pureconsultant.de\/de\/management\/ziele-nutzen-der-personalentwicklung\/"]}]},{"@type":"ImageObject","inLanguage":"de","@id":"https:\/\/www.pureconsultant.de\/de\/management\/ziele-nutzen-der-personalentwicklung\/#primaryimage","url":"https:\/\/www.pureconsultant.de\/wp-content\/uploads\/visual-selection476.png","contentUrl":"https:\/\/www.pureconsultant.de\/wp-content\/uploads\/visual-selection476.png"},{"@type":"BreadcrumbList","@id":"https:\/\/www.pureconsultant.de\/de\/management\/ziele-nutzen-der-personalentwicklung\/#breadcrumb","itemListElement":[{"@type":"ListItem","position":1,"name":"Startseite","item":"https:\/\/www.pureconsultant.de\/de\/"},{"@type":"ListItem","position":2,"name":"Ziele &amp; Nutzen der Personalentwicklung"}]},{"@type":"WebSite","@id":"https:\/\/www.pureconsultant.de\/#website","url":"https:\/\/www.pureconsultant.de\/","name":"PURE Consultant","description":"Scrum, PMO, Projektmanagement &amp; Prozessmanagement aus K\u00f6ln","potentialAction":[{"@type":"SearchAction","target":{"@type":"EntryPoint","urlTemplate":"https:\/\/www.pureconsultant.de\/?s={search_term_string}"},"query-input":{"@type":"PropertyValueSpecification","valueRequired":true,"valueName":"search_term_string"}}],"inLanguage":"de"},{"@type":"Person","@id":"https:\/\/www.pureconsultant.de\/#\/schema\/person\/b879d2f247599ce3a636522dd8344e95","name":"Serhat K\u00fcpeli","image":{"@type":"ImageObject","inLanguage":"de","@id":"https:\/\/secure.gravatar.com\/avatar\/0886d2e74e7dfa20a0d9157eed001ec6efc4a799c718c80d37ebd532ec3810f1?s=96&d=mm&r=g","url":"https:\/\/secure.gravatar.com\/avatar\/0886d2e74e7dfa20a0d9157eed001ec6efc4a799c718c80d37ebd532ec3810f1?s=96&d=mm&r=g","contentUrl":"https:\/\/secure.gravatar.com\/avatar\/0886d2e74e7dfa20a0d9157eed001ec6efc4a799c718c80d37ebd532ec3810f1?s=96&d=mm&r=g","caption":"Serhat K\u00fcpeli"}}]}},"_links":{"self":[{"href":"https:\/\/www.pureconsultant.de\/de\/wp-json\/wp\/v2\/posts\/28349","targetHints":{"allow":["GET"]}}],"collection":[{"href":"https:\/\/www.pureconsultant.de\/de\/wp-json\/wp\/v2\/posts"}],"about":[{"href":"https:\/\/www.pureconsultant.de\/de\/wp-json\/wp\/v2\/types\/post"}],"author":[{"embeddable":true,"href":"https:\/\/www.pureconsultant.de\/de\/wp-json\/wp\/v2\/users\/6"}],"replies":[{"embeddable":true,"href":"https:\/\/www.pureconsultant.de\/de\/wp-json\/wp\/v2\/comments?post=28349"}],"version-history":[{"count":2,"href":"https:\/\/www.pureconsultant.de\/de\/wp-json\/wp\/v2\/posts\/28349\/revisions"}],"predecessor-version":[{"id":28352,"href":"https:\/\/www.pureconsultant.de\/de\/wp-json\/wp\/v2\/posts\/28349\/revisions\/28352"}],"wp:attachment":[{"href":"https:\/\/www.pureconsultant.de\/de\/wp-json\/wp\/v2\/media?parent=28349"}],"wp:term":[{"taxonomy":"category","embeddable":true,"href":"https:\/\/www.pureconsultant.de\/de\/wp-json\/wp\/v2\/categories?post=28349"},{"taxonomy":"post_tag","embeddable":true,"href":"https:\/\/www.pureconsultant.de\/de\/wp-json\/wp\/v2\/tags?post=28349"}],"curies":[{"name":"wp","href":"https:\/\/api.w.org\/{rel}","templated":true}]}}