{"id":28344,"date":"2026-03-13T15:03:08","date_gmt":"2026-03-13T14:03:08","guid":{"rendered":"https:\/\/www.pureconsultant.de\/de\/?p=28344"},"modified":"2026-03-13T15:03:36","modified_gmt":"2026-03-13T14:03:36","slug":"personalentwicklung-erklaert","status":"publish","type":"post","link":"https:\/\/www.pureconsultant.de\/de\/management\/personalentwicklung-erklaert\/","title":{"rendered":"Personalentwicklung erkl\u00e4rt"},"content":{"rendered":"<div class=\"m-block--container u-offset m-block--core--paragraph\">\n<p>Personalentwicklung erkl\u00e4rt &#8211; Personalentwicklung ist l\u00e4ngst kein \u201eNice-to-have\u201c mehr, sondern eine zentrale Stellschraube f\u00fcr Wettbewerbsf\u00e4higkeit, Innovationskraft und Arbeitgeberattraktivit\u00e4t. Gerade in wissensintensiven Bereichen stehen Entscheider und F\u00fchrungskr\u00e4fte vor der Frage: Wie entwickeln wir unsere Mitarbeitenden so, dass sowohl die Gesch\u00e4ftsstrategie als auch individuelle Karriereziele profitieren? Dieser Beitrag erkl\u00e4rt Personalentwicklung fundiert, praxisnah und verst\u00e4ndlich \u2013 von den Grundlagen \u00fcber Methoden bis hin zu konkreten Schritten f\u00fcr Projekte, Teams und ganze Organisationen.<\/p>\n<\/div><div class=\"m-block--container u-offset m-block--core--image\">\n<figure class=\"wp-block-image size-full\"><img loading=\"lazy\" decoding=\"async\" width=\"912\" height=\"582\" src=\"https:\/\/www.pureconsultant.de\/wp-content\/uploads\/visual-selection475.png\" alt=\"Personalentwicklung erkl\u00e4rt\" class=\"wp-image-28346\" srcset=\"https:\/\/www.pureconsultant.de\/wp-content\/uploads\/visual-selection475.png 912w, https:\/\/www.pureconsultant.de\/wp-content\/uploads\/visual-selection475-768x490.png 768w, https:\/\/www.pureconsultant.de\/wp-content\/uploads\/visual-selection475-63x40.png 63w\" sizes=\"auto, (max-width: 912px) 100vw, 912px\" \/><figcaption class=\"wp-element-caption\">Personalentwicklung erkl\u00e4rt<\/figcaption><\/figure>\n<\/div><div class=\"m-block--container u-offset m-block--core--separator\">\n<hr class=\"wp-block-separator has-alpha-channel-opacity\"\/>\n<\/div><div class=\"m-block--container u-offset m-block--core--heading\">\n<h2 class=\"wp-block-heading\">Was ist Personalentwicklung? Eine pr\u00e4zise Definition<\/h2>\n<\/div><div class=\"m-block--container u-offset m-block--core--paragraph\">\n<p><strong class=\"\">Personalentwicklung umfasst alle geplanten, systematischen Ma\u00dfnahmen, mit denen eine Organisation die fachlichen, methodischen, sozialen und pers\u00f6nlichen Kompetenzen ihrer Mitarbeitenden aufbaut, erh\u00e4lt und an zuk\u00fcnftige Anforderungen anpasst.<\/strong><\/p>\n<\/div><div class=\"m-block--container u-offset m-block--core--paragraph\">\n<p>Kurz gesagt: Personalentwicklung ist die gezielte F\u00f6rderung von Mitarbeitenden, damit sie ihre aktuellen und zuk\u00fcnftigen Aufgaben bestm\u00f6glich erf\u00fcllen k\u00f6nnen \u2013 im Einklang mit der Unternehmensstrategie.<\/p>\n<\/div><div class=\"m-block--container u-offset m-block--core--paragraph\">\n<p>Wichtige Merkmale:<\/p>\n<\/div><div class=\"m-block--container u-offset m-block--core--list\">\n<ul class=\"wp-block-list\"><div class=\"m-block--container u-offset m-block--core--list-item\">\n<li><strong class=\"\">Systematisch:<\/strong> Kein Zufallsprodukt, sondern geplant, gesteuert und evaluiert.<\/li>\n<\/div>\n\n<div class=\"m-block--container u-offset m-block--core--list-item\">\n<li><strong class=\"\">Strategisch ausgerichtet:<\/strong> Dient der Umsetzung von Unternehmenszielen (z.\u202fB. Digitalisierung, Wachstum, Internationalisierung).<\/li>\n<\/div>\n\n<div class=\"m-block--container u-offset m-block--core--list-item\">\n<li><strong class=\"\">Individuell und kollektiv:<\/strong> F\u00f6rdert einzelne Personen, Teams und ganze Funktionsbereiche.<\/li>\n<\/div>\n\n<div class=\"m-block--container u-offset m-block--core--list-item\">\n<li><strong class=\"\">Kompetenzorientiert:<\/strong> Fokus auf F\u00e4higkeiten, Verhalten und Mindset, nicht nur auf Abschl\u00fcsse oder Zertifikate.<\/li>\n<\/div><\/ul>\n<\/div><div class=\"m-block--container u-offset m-block--core--separator\">\n<hr class=\"wp-block-separator has-alpha-channel-opacity\"\/>\n<\/div><div class=\"m-block--container u-offset m-block--core--heading\">\n<h2 class=\"wp-block-heading\">Ziele der Personalentwicklung: Wozu der ganze Aufwand?<\/h2>\n<\/div><div class=\"m-block--container u-offset m-block--core--paragraph\">\n<p>Personalentwicklung ist kein Selbstzweck. Sie verfolgt immer mehrere Ziele auf drei Ebenen:<\/p>\n<\/div><div class=\"m-block--container u-offset m-block--core--heading\">\n<h3 class=\"wp-block-heading\">1. Unternehmensziele<\/h3>\n<\/div><div class=\"m-block--container u-offset m-block--core--list\">\n<ul class=\"wp-block-list\"><div class=\"m-block--container u-offset m-block--core--list-item\">\n<li>Sicherstellung der <strong class=\"\">strategischen Handlungsf\u00e4higkeit<\/strong> (z.\u202fB. Aufbau von Daten- und KI-Kompetenzen)<\/li>\n<\/div>\n\n<div class=\"m-block--container u-offset m-block--core--list-item\">\n<li>St\u00e4rkung der <strong class=\"\">Wettbewerbsf\u00e4higkeit<\/strong> durch qualifizierte, lernf\u00e4hige Belegschaft<\/li>\n<\/div>\n\n<div class=\"m-block--container u-offset m-block--core--list-item\">\n<li><strong class=\"\">Flexibilisierung<\/strong>: Mitarbeitende k\u00f6nnen neue Rollen, Projekte und Technologien schneller \u00fcbernehmen<\/li>\n<\/div>\n\n<div class=\"m-block--container u-offset m-block--core--list-item\">\n<li>Unterst\u00fctzung von <strong class=\"\">Ver\u00e4nderungsprozessen<\/strong> (Transformation, Reorganisation, Kulturwandel)<\/li>\n<\/div><\/ul>\n<\/div><div class=\"m-block--container u-offset m-block--core--heading\">\n<h3 class=\"wp-block-heading\">2. Personelle Ziele<\/h3>\n<\/div><div class=\"m-block--container u-offset m-block--core--list\">\n<ul class=\"wp-block-list\"><div class=\"m-block--container u-offset m-block--core--list-item\">\n<li><strong class=\"\">Kompetenzaufbau<\/strong> (Fach-, Methoden-, Sozial- und Selbstkompetenz)<\/li>\n<\/div>\n\n<div class=\"m-block--container u-offset m-block--core--list-item\">\n<li><strong class=\"\">Karriere- und Laufbahnplanung<\/strong>, z.\u202fB. Experten- oder F\u00fchrungslaufbahnen<\/li>\n<\/div>\n\n<div class=\"m-block--container u-offset m-block--core--list-item\">\n<li>Steigerung von <strong class=\"\">Motivation, Engagement und Bindung<\/strong> (Retention)<\/li>\n<\/div>\n\n<div class=\"m-block--container u-offset m-block--core--list-item\">\n<li><strong class=\"\">Employability<\/strong>: langfristige Besch\u00e4ftigungsf\u00e4higkeit im und au\u00dferhalb des Unternehmens<\/li>\n<\/div><\/ul>\n<\/div><div class=\"m-block--container u-offset m-block--core--heading\">\n<h3 class=\"wp-block-heading\">3. \u00d6konomische Ziele<\/h3>\n<\/div><div class=\"m-block--container u-offset m-block--core--list\">\n<ul class=\"wp-block-list\"><div class=\"m-block--container u-offset m-block--core--list-item\">\n<li>Reduzierung von <strong class=\"\">Fehler-, Qualit\u00e4ts- und Konfliktkosten<\/strong><\/li>\n<\/div>\n\n<div class=\"m-block--container u-offset m-block--core--list-item\">\n<li>Schnellere <strong class=\"\">Einarbeitung<\/strong> neuer Mitarbeitender<\/li>\n<\/div>\n\n<div class=\"m-block--container u-offset m-block--core--list-item\">\n<li>H\u00f6here <strong class=\"\">Produktivit\u00e4t<\/strong> durch professionelle Aufgabenerf\u00fcllung<\/li>\n<\/div>\n\n<div class=\"m-block--container u-offset m-block--core--list-item\">\n<li>Geringere <strong class=\"\">Fluktuations- und Rekrutierungskosten<\/strong> durch bessere Mitarbeiterbindung<\/li>\n<\/div><\/ul>\n<\/div><div class=\"m-block--container u-offset m-block--core--paragraph\">\n<p>Wenn Personalentwicklung professionell aufgesetzt ist, zahlt sie messbar auf Ergebnis- und Erfolgskennzahlen ein \u2013 auch wenn nicht jede Ma\u00dfnahme direkt in Euro messbar ist.<\/p>\n<\/div><div class=\"m-block--container u-offset m-block--core--separator\">\n<hr class=\"wp-block-separator has-alpha-channel-opacity\"\/>\n<\/div><div class=\"m-block--container u-offset m-block--core--heading\">\n<h2 class=\"wp-block-heading\">Abgrenzung: Was geh\u00f6rt zur Personalentwicklung \u2013 und was nicht?<\/h2>\n<\/div><div class=\"m-block--container u-offset m-block--core--paragraph\">\n<p>H\u00e4ufig werden Begriffe wie Personalentwicklung, Weiterbildung, Talentmanagement oder Organisationsentwicklung durcheinandergeworfen. Eine klare Trennung hilft in der Praxis.<\/p>\n<\/div><div class=\"m-block--container u-offset m-block--core--paragraph\">\n<p><strong class=\"\">Zur Personalentwicklung geh\u00f6ren typischerweise:<\/strong><\/p>\n<\/div><div class=\"m-block--container u-offset m-block--core--list\">\n<ul class=\"wp-block-list\"><div class=\"m-block--container u-offset m-block--core--list-item\">\n<li>Qualifizierungsma\u00dfnahmen (Trainings, Seminare, E-Learning)<\/li>\n<\/div>\n\n<div class=\"m-block--container u-offset m-block--core--list-item\">\n<li>Coaching und Mentoring<\/li>\n<\/div>\n\n<div class=\"m-block--container u-offset m-block--core--list-item\">\n<li>Entwicklungs- und Feedbackgespr\u00e4che<\/li>\n<\/div>\n\n<div class=\"m-block--container u-offset m-block--core--list-item\">\n<li>Laufbahn- und Nachfolgeplanung<\/li>\n<\/div>\n\n<div class=\"m-block--container u-offset m-block--core--list-item\">\n<li>F\u00f6rderung von High Potentials<\/li>\n<\/div>\n\n<div class=\"m-block--container u-offset m-block--core--list-item\">\n<li>Lern- und Wissensmanagement<\/li>\n<\/div><\/ul>\n<\/div><div class=\"m-block--container u-offset m-block--core--paragraph\">\n<p><strong class=\"\">Verwandte, aber unterschiedliche Bereiche:<\/strong><\/p>\n<\/div><div class=\"m-block--container u-offset m-block--core--list\">\n<ul class=\"wp-block-list\"><div class=\"m-block--container u-offset m-block--core--list-item\">\n<li><strong class=\"\">Weiterbildung:<\/strong> Fokus auf formale Lernangebote; ist ein Teil der Personalentwicklung.<\/li>\n<\/div>\n\n<div class=\"m-block--container u-offset m-block--core--list-item\">\n<li><strong class=\"\">Talentmanagement:<\/strong> Identifikation und gezielte F\u00f6rderung von Schl\u00fcsselpersonen und High Potentials; \u00fcberschneidet sich inhaltlich mit Personalentwicklung.<\/li>\n<\/div>\n\n<div class=\"m-block--container u-offset m-block--core--list-item\">\n<li><strong class=\"\">Organisationsentwicklung:<\/strong> Ver\u00e4ndert Strukturen, Prozesse und Kultur; Personalentwicklung unterst\u00fctzt diese Ver\u00e4nderungen auf individueller Ebene.<\/li>\n<\/div>\n\n<div class=\"m-block--container u-offset m-block--core--list-item\">\n<li><strong class=\"\">Recruiting:<\/strong> Beschafft neue Mitarbeitende; Personalentwicklung entwickelt jene, die bereits da sind \u2013 beides sollte jedoch strategisch verzahnt werden.<\/li>\n<\/div><\/ul>\n<\/div><div class=\"m-block--container u-offset m-block--core--separator\">\n<hr class=\"wp-block-separator has-alpha-channel-opacity\"\/>\n<\/div><div class=\"m-block--container u-offset m-block--core--heading\">\n<h2 class=\"wp-block-heading\">Kernbausteine: Was umfasst ein professionelles Personalentwicklungssystem?<\/h2>\n<\/div><div class=\"m-block--container u-offset m-block--core--paragraph\">\n<p>Ein robustes System der Personalentwicklung l\u00e4sst sich in vier zentrale Bausteine gliedern:<\/p>\n<\/div><div class=\"m-block--container u-offset m-block--core--list\">\n<ol class=\"wp-block-list\"><div class=\"m-block--container u-offset m-block--core--list-item\">\n<li><strong class=\"\">Analyse der Anforderungen und Potenziale<\/strong><\/li>\n<\/div>\n\n<div class=\"m-block--container u-offset m-block--core--list-item\">\n<li><strong class=\"\">Planung von Entwicklungszielen und Ma\u00dfnahmen<\/strong><\/li>\n<\/div>\n\n<div class=\"m-block--container u-offset m-block--core--list-item\">\n<li><strong class=\"\">Umsetzung der Entwicklungsma\u00dfnahmen<\/strong><\/li>\n<\/div>\n\n<div class=\"m-block--container u-offset m-block--core--list-item\">\n<li><strong class=\"\">Evaluation und kontinuierliche Verbesserung<\/strong><\/li>\n<\/div><\/ol>\n<\/div><div class=\"m-block--container u-offset m-block--core--heading\">\n<h3 class=\"wp-block-heading\">1. Analyse: Wo stehen wir \u2013 und was brauchen wir?<\/h3>\n<\/div><div class=\"m-block--container u-offset m-block--core--paragraph\">\n<p>Typische Fragen:<\/p>\n<\/div><div class=\"m-block--container u-offset m-block--core--list\">\n<ul class=\"wp-block-list\"><div class=\"m-block--container u-offset m-block--core--list-item\">\n<li>Welche <strong class=\"\">strategischen Ziele<\/strong> verfolgen wir (z.\u202fB. Marktanteile, neue Gesch\u00e4ftsmodelle, Digitalisierung)?<\/li>\n<\/div>\n\n<div class=\"m-block--container u-offset m-block--core--list-item\">\n<li>Welche <strong class=\"\">Kompetenzen<\/strong> braucht das Unternehmen heute und morgen?<\/li>\n<\/div>\n\n<div class=\"m-block--container u-offset m-block--core--list-item\">\n<li>Welche <strong class=\"\">Kompetenzen<\/strong> bringen unsere Mitarbeitenden tats\u00e4chlich mit?<\/li>\n<\/div>\n\n<div class=\"m-block--container u-offset m-block--core--list-item\">\n<li>Wo bestehen <strong class=\"\">Kompetenzl\u00fccken<\/strong> (Skill Gaps)?<\/li>\n<\/div>\n\n<div class=\"m-block--container u-offset m-block--core--list-item\">\n<li>Welche <strong class=\"\">Zielgruppen<\/strong> sind besonders kritisch (z.\u202fB. Projektleiter, Schl\u00fcsselfunktionen, Nachwuchsf\u00fchrungskr\u00e4fte)?<\/li>\n<\/div><\/ul>\n<\/div><div class=\"m-block--container u-offset m-block--core--paragraph\">\n<p>Praxisnahe Instrumente:<\/p>\n<\/div><div class=\"m-block--container u-offset m-block--core--list\">\n<ul class=\"wp-block-list\"><div class=\"m-block--container u-offset m-block--core--list-item\">\n<li>Stellen- und Rollenprofile mit klaren Kompetenzanforderungen<\/li>\n<\/div>\n\n<div class=\"m-block--container u-offset m-block--core--list-item\">\n<li>Mitarbeitergespr\u00e4che und Potenzialanalysen<\/li>\n<\/div>\n\n<div class=\"m-block--container u-offset m-block--core--list-item\">\n<li><strong><a href=\"https:\/\/www.pureconsultant.de\/de\/management\/360-grad-feedback\/\" type=\"post\" id=\"9509\">360\u00b0-Feedback<\/a><\/strong><\/li>\n<\/div>\n\n<div class=\"m-block--container u-offset m-block--core--list-item\">\n<li>Skill-Matrizen f\u00fcr Teams oder Bereiche<\/li>\n<\/div>\n\n<div class=\"m-block--container u-offset m-block--core--list-item\">\n<li>Auswertung von Projekt-Reviews, Fehleranalysen, Kundenfeedback<\/li>\n<\/div><\/ul>\n<\/div><div class=\"m-block--container u-offset m-block--core--heading\">\n<h3 class=\"wp-block-heading\">2. Planung: Was wollen wir konkret erreichen?<\/h3>\n<\/div><div class=\"m-block--container u-offset m-block--core--paragraph\">\n<p>Aus der Analyse werden folgende Elemente abgeleitet:<\/p>\n<\/div><div class=\"m-block--container u-offset m-block--core--list\">\n<ul class=\"wp-block-list\"><div class=\"m-block--container u-offset m-block--core--list-item\">\n<li><strong class=\"\">PE-Strategie:<\/strong> Ausrichtung an Unternehmensstrategie, Zielgruppen, Priorit\u00e4ten<\/li>\n<\/div>\n\n<div class=\"m-block--container u-offset m-block--core--list-item\">\n<li><strong class=\"\">Entwicklungsziele:<\/strong> z.\u202fB. \u201eIn 18 Monaten sind alle Projektleiter in agilen Methoden zertifiziert\u201c<\/li>\n<\/div>\n\n<div class=\"m-block--container u-offset m-block--core--list-item\">\n<li><strong class=\"\">Zielgruppen-Programme:<\/strong> z.\u202fB. \u201eF\u00fchrungskr\u00e4fte-Entwicklungsprogramm\u201c, \u201eExpertenlaufbahn\u201c, \u201eProjektmanagement-Akademie\u201c<\/li>\n<\/div>\n\n<div class=\"m-block--container u-offset m-block--core--list-item\">\n<li><strong class=\"\">Budget- und Ressourcenplanung:<\/strong> interne Trainer, externe Partner, digitale Lernplattformen<\/li>\n<\/div>\n\n<div class=\"m-block--container u-offset m-block--core--list-item\">\n<li><strong class=\"\">Regelkommunikation:<\/strong> wie Mitarbeitende \u00fcber Angebote und Entwicklungen informiert werden<\/li>\n<\/div><\/ul>\n<\/div><div class=\"m-block--container u-offset m-block--core--heading\">\n<h3 class=\"wp-block-heading\">3. Umsetzung: Mit welchen Methoden entwickeln wir Menschen wirklich weiter?<\/h3>\n<\/div><div class=\"m-block--container u-offset m-block--core--paragraph\">\n<p>Personalentwicklung ist weit mehr als Seminare. Ma\u00dfnahmen lassen sich grob in drei Kategorien einteilen:<\/p>\n<\/div><div class=\"m-block--container u-offset m-block--core--heading\">\n<h3 class=\"wp-block-heading\">Formale Lernformen (\u201eon the job nah, aber geplant\u201c)<\/h3>\n<\/div><div class=\"m-block--container u-offset m-block--core--list\">\n<ul class=\"wp-block-list\"><div class=\"m-block--container u-offset m-block--core--list-item\">\n<li>Pr\u00e4senztrainings und Workshops<\/li>\n<\/div>\n\n<div class=\"m-block--container u-offset m-block--core--list-item\">\n<li>Online-Seminare, Webinare<\/li>\n<\/div>\n\n<div class=\"m-block--container u-offset m-block--core--list-item\">\n<li>Blended-Learning-Konzepte<\/li>\n<\/div>\n\n<div class=\"m-block--container u-offset m-block--core--list-item\">\n<li>Zertifikatslehrg\u00e4nge (z.\u202fB. Projektmanagement, F\u00fchrung, Fach-Expertise)<\/li>\n<\/div><\/ul>\n<\/div><div class=\"m-block--container u-offset m-block--core--heading\">\n<h3 class=\"wp-block-heading\">Erfahrungsbasiertes Lernen (\u201eon the job\u201c)<\/h3>\n<\/div><div class=\"m-block--container u-offset m-block--core--list\">\n<ul class=\"wp-block-list\"><div class=\"m-block--container u-offset m-block--core--list-item\">\n<li>Herausfordernde Projekte oder Projektleitungsrollen<\/li>\n<\/div>\n\n<div class=\"m-block--container u-offset m-block--core--list-item\">\n<li>Job Enrichment und Job Enlargement (Aufgabenanreicherung\/-erweiterung)<\/li>\n<\/div>\n\n<div class=\"m-block--container u-offset m-block--core--list-item\">\n<li>Job Rotation (bewusster Wechsel von Aufgabenbereichen)<\/li>\n<\/div>\n\n<div class=\"m-block--container u-offset m-block--core--list-item\">\n<li>Mitarbeit in bereichs\u00fcbergreifenden Teams (z.\u202fB. Transformationsprojekte)<\/li>\n<\/div><\/ul>\n<\/div><div class=\"m-block--container u-offset m-block--core--heading\">\n<h3 class=\"wp-block-heading\">Soziales und individuelles Lernen<\/h3>\n<\/div><div class=\"m-block--container u-offset m-block--core--list\">\n<ul class=\"wp-block-list\"><div class=\"m-block--container u-offset m-block--core--list-item\">\n<li>Mentoring-Programme (Senior\u2013Junior-Tandems)<\/li>\n<\/div>\n\n<div class=\"m-block--container u-offset m-block--core--list-item\">\n<li>Coaching (intern oder extern)<\/li>\n<\/div>\n\n<div class=\"m-block--container u-offset m-block--core--list-item\">\n<li>Kollegiale Fallberatung und Lernzirkel<\/li>\n<\/div>\n\n<div class=\"m-block--container u-offset m-block--core--list-item\">\n<li>Communities of Practice und interne Wissensnetzwerke<\/li>\n<\/div><\/ul>\n<\/div><div class=\"m-block--container u-offset m-block--core--paragraph\">\n<p>In der Praxis hat sich die <strong class=\"\">70-20-10-Regel<\/strong> bew\u00e4hrt:<\/p>\n<\/div><div class=\"m-block--container u-offset m-block--core--list\">\n<ul class=\"wp-block-list\"><div class=\"m-block--container u-offset m-block--core--list-item\">\n<li><strong class=\"\">70\u202f%<\/strong> Lernen durch herausfordernde Aufgaben und Erfahrungen,<\/li>\n<\/div>\n\n<div class=\"m-block--container u-offset m-block--core--list-item\">\n<li><strong class=\"\">20\u202f%<\/strong> durch Austausch mit anderen (F\u00fchrung, Kollegen, Mentoren),<\/li>\n<\/div>\n\n<div class=\"m-block--container u-offset m-block--core--list-item\">\n<li><strong class=\"\">10\u202f%<\/strong> durch formale Trainings.<\/li>\n<\/div><\/ul>\n<\/div><div class=\"m-block--container u-offset m-block--core--heading\">\n<h3 class=\"wp-block-heading\">4. Evaluation: Was bringt unsere Personalentwicklung wirklich?<\/h3>\n<\/div><div class=\"m-block--container u-offset m-block--core--paragraph\">\n<p>Ohne Evaluation bleibt Personalentwicklung eine Black Box. Sinnvolle Fragen:<\/p>\n<\/div><div class=\"m-block--container u-offset m-block--core--list\">\n<ul class=\"wp-block-list\"><div class=\"m-block--container u-offset m-block--core--list-item\">\n<li>Wurden <strong class=\"\">Lernziele<\/strong> erreicht (Wissens- oder Kompetenzzuwachs)?<\/li>\n<\/div>\n\n<div class=\"m-block--container u-offset m-block--core--list-item\">\n<li>Ver\u00e4ndert sich <strong class=\"\">Verhalten im Arbeitsalltag<\/strong> (Anwendung im Job)?<\/li>\n<\/div>\n\n<div class=\"m-block--container u-offset m-block--core--list-item\">\n<li>Welche Effekte zeigen sich auf <strong class=\"\">Kennzahlen<\/strong> (Qualit\u00e4t, Durchlaufzeiten, Kundenzufriedenheit, Fluktuation)?<\/li>\n<\/div>\n\n<div class=\"m-block--container u-offset m-block--core--list-item\">\n<li>Wie bewerten <strong class=\"\">Mitarbeitende und F\u00fchrungskr\u00e4fte<\/strong> die Ma\u00dfnahmen?<\/li>\n<\/div><\/ul>\n<\/div><div class=\"m-block--container u-offset m-block--core--paragraph\">\n<p>M\u00f6gliche Instrumente:<\/p>\n<\/div><div class=\"m-block--container u-offset m-block--core--list\">\n<ul class=\"wp-block-list\"><div class=\"m-block--container u-offset m-block--core--list-item\">\n<li>Feedbackb\u00f6gen unmittelbar nach Trainings (Zufriedenheit)<\/li>\n<\/div>\n\n<div class=\"m-block--container u-offset m-block--core--list-item\">\n<li>Follow-up-Feedback nach 3\u20136 Monaten (Transfer in den Alltag)<\/li>\n<\/div>\n\n<div class=\"m-block--container u-offset m-block--core--list-item\">\n<li>Gespr\u00e4che zwischen F\u00fchrungskraft und Mitarbeitendem zu Lernzielen und Umsetzung<\/li>\n<\/div>\n\n<div class=\"m-block--container u-offset m-block--core--list-item\">\n<li>Vorher-\/Nachher-Vergleich bestimmter Kennzahlen<\/li>\n<\/div><\/ul>\n<\/div><div class=\"m-block--container u-offset m-block--core--separator\">\n<hr class=\"wp-block-separator has-alpha-channel-opacity\"\/>\n<\/div><div class=\"m-block--container u-offset m-block--core--heading\">\n<h2 class=\"wp-block-heading\">Arten und Schwerpunkte der Personalentwicklung<\/h2>\n<\/div><div class=\"m-block--container u-offset m-block--core--paragraph\">\n<p>In der Praxis ist es hilfreich, Personalentwicklung nach unterschiedlichen Dimensionen zu strukturieren.<\/p>\n<\/div><div class=\"m-block--container u-offset m-block--core--heading\">\n<h3 class=\"wp-block-heading\">Zielgruppe<\/h3>\n<\/div><div class=\"m-block--container u-offset m-block--core--list\">\n<ul class=\"wp-block-list\"><div class=\"m-block--container u-offset m-block--core--list-item\">\n<li><strong class=\"\">Fachkr\u00e4fteentwicklung<\/strong><div class=\"m-block--container u-offset m-block--core--list\">\n<ul class=\"wp-block-list\"><div class=\"m-block--container u-offset m-block--core--list-item\">\n<li>Vertiefung von Fachkompetenz (z.\u202fB. IT, Engineering, Controlling)<\/li>\n<\/div>\n\n<div class=\"m-block--container u-offset m-block--core--list-item\">\n<li>Methodenkompetenz (z.\u202fB. Probleml\u00f6sung, Prozessmanagement)<\/li>\n<\/div><\/ul>\n<\/div><\/li>\n<\/div>\n\n<div class=\"m-block--container u-offset m-block--core--list-item\">\n<li><strong class=\"\">F\u00fchrungskr\u00e4fteentwicklung<\/strong><div class=\"m-block--container u-offset m-block--core--list\">\n<ul class=\"wp-block-list\"><div class=\"m-block--container u-offset m-block--core--list-item\">\n<li>F\u00fchrungsverst\u00e4ndnis, Rollenkl\u00e4rung<\/li>\n<\/div>\n\n<div class=\"m-block--container u-offset m-block--core--list-item\">\n<li>Kommunikation, Feedback, Konfliktmanagement<\/li>\n<\/div>\n\n<div class=\"m-block--container u-offset m-block--core--list-item\">\n<li>F\u00fchren von verteilten und hybriden Teams<\/li>\n<\/div><\/ul>\n<\/div><\/li>\n<\/div>\n\n<div class=\"m-block--container u-offset m-block--core--list-item\">\n<li><strong class=\"\">Projektmanagement-Entwicklung<\/strong><div class=\"m-block--container u-offset m-block--core--list\">\n<ul class=\"wp-block-list\"><div class=\"m-block--container u-offset m-block--core--list-item\">\n<li>Klassische, agile und hybride PM-Methoden<\/li>\n<\/div>\n\n<div class=\"m-block--container u-offset m-block--core--list-item\">\n<li>Steuerung komplexer Projekte und Stakeholder-Management<\/li>\n<\/div>\n\n<div class=\"m-block--container u-offset m-block--core--list-item\">\n<li>F\u00fchrung ohne disziplinarische Macht (laterale F\u00fchrung)<\/li>\n<\/div><\/ul>\n<\/div><\/li>\n<\/div>\n\n<div class=\"m-block--container u-offset m-block--core--list-item\">\n<li><strong class=\"\">Nachwuchskr\u00e4fte &amp; Talente<\/strong><div class=\"m-block--container u-offset m-block--core--list\">\n<ul class=\"wp-block-list\"><div class=\"m-block--container u-offset m-block--core--list-item\">\n<li>Traineeprogramme<\/li>\n<\/div>\n\n<div class=\"m-block--container u-offset m-block--core--list-item\">\n<li>High-Potential-Programme<\/li>\n<\/div>\n\n<div class=\"m-block--container u-offset m-block--core--list-item\">\n<li>gezielte Laufbahnplanung<\/li>\n<\/div><\/ul>\n<\/div><\/li>\n<\/div><\/ul>\n<\/div><div class=\"m-block--container u-offset m-block--core--heading\">\n<h3 class=\"wp-block-heading\">Kompetenzarten<\/h3>\n<\/div><div class=\"m-block--container u-offset m-block--core--list\">\n<ul class=\"wp-block-list\"><div class=\"m-block--container u-offset m-block--core--list-item\">\n<li><strong class=\"\">Fachkompetenz:<\/strong> berufsspezifisches Wissen und K\u00f6nnen<\/li>\n<\/div>\n\n<div class=\"m-block--container u-offset m-block--core--list-item\">\n<li><strong class=\"\">Methodenkompetenz:<\/strong> strukturierte Vorgehensweisen, Probleml\u00f6sungs- und Analysef\u00e4higkeiten<\/li>\n<\/div>\n\n<div class=\"m-block--container u-offset m-block--core--list-item\">\n<li><strong class=\"\">Sozialkompetenz:<\/strong> Teamf\u00e4higkeit, Kommunikation, Konfliktf\u00e4higkeit, Empathie<\/li>\n<\/div>\n\n<div class=\"m-block--container u-offset m-block--core--list-item\">\n<li><strong class=\"\">Selbstkompetenz:<\/strong> Selbstorganisation, Resilienz, Reflexionsf\u00e4higkeit, Lernf\u00e4higkeit<\/li>\n<\/div><\/ul>\n<\/div><div class=\"m-block--container u-offset m-block--core--heading\">\n<h3 class=\"wp-block-heading\">Entwicklungsrichtung<\/h3>\n<\/div><div class=\"m-block--container u-offset m-block--core--list\">\n<ul class=\"wp-block-list\"><div class=\"m-block--container u-offset m-block--core--list-item\">\n<li><strong class=\"\">Horizontale Entwicklung:<\/strong> Verbreiterung des Aufgaben- und Wissensspektrums<\/li>\n<\/div>\n\n<div class=\"m-block--container u-offset m-block--core--list-item\">\n<li><strong class=\"\">Vertikale Entwicklung:<\/strong> \u00dcbernahme von mehr Verantwortung, komplexeren Aufgaben und F\u00fchrung<\/li>\n<\/div>\n\n<div class=\"m-block--container u-offset m-block--core--list-item\">\n<li><strong class=\"\">Projekt- und Expertenlaufbahnen:<\/strong> Alternativen zur klassischen F\u00fchrungskarriere<\/li>\n<\/div><\/ul>\n<\/div><div class=\"m-block--container u-offset m-block--core--separator\">\n<hr class=\"wp-block-separator has-alpha-channel-opacity\"\/>\n<\/div><div class=\"m-block--container u-offset m-block--core--heading\">\n<h2 class=\"wp-block-heading\">Typische Instrumente und Ma\u00dfnahmen der Personalentwicklung \u2013 kurz erkl\u00e4rt<\/h2>\n<\/div><div class=\"m-block--container u-offset m-block--core--paragraph\">\n<p>Nachfolgend eine kompakte \u00dcbersicht h\u00e4ufiger Ma\u00dfnahmen:<\/p>\n<\/div><div class=\"m-block--container u-offset m-block--core--paragraph\">\n<p><strong class=\"\">1. Mitarbeiter- und Entwicklungsgespr\u00e4che<\/strong><\/p>\n<\/div><div class=\"m-block--container u-offset m-block--core--list\">\n<ul class=\"wp-block-list\"><div class=\"m-block--container u-offset m-block--core--list-item\">\n<li>j\u00e4hrliche oder halbj\u00e4hrliche Gespr\u00e4che zwischen F\u00fchrungskraft und Mitarbeitendem<\/li>\n<\/div>\n\n<div class=\"m-block--container u-offset m-block--core--list-item\">\n<li>Kl\u00e4rung von Zielen, Erwartungen, St\u00e4rken, Entwicklungsfeldern<\/li>\n<\/div>\n\n<div class=\"m-block--container u-offset m-block--core--list-item\">\n<li>Vereinbarung konkreter Entwicklungsma\u00dfnahmen<\/li>\n<\/div><\/ul>\n<\/div><div class=\"m-block--container u-offset m-block--core--paragraph\">\n<p><strong class=\"\">2. Pers\u00f6nliche Entwicklungspl\u00e4ne<\/strong><\/p>\n<\/div><div class=\"m-block--container u-offset m-block--core--list\">\n<ul class=\"wp-block-list\"><div class=\"m-block--container u-offset m-block--core--list-item\">\n<li>schriftlich fixierte Entwicklungsziele pro Person<\/li>\n<\/div>\n\n<div class=\"m-block--container u-offset m-block--core--list-item\">\n<li>klare Meilensteine, Zeitr\u00e4ume und Ma\u00dfnahmen<\/li>\n<\/div>\n\n<div class=\"m-block--container u-offset m-block--core--list-item\">\n<li>Abstimmung mit Unternehmens- und Bereichszielen<\/li>\n<\/div><\/ul>\n<\/div><div class=\"m-block--container u-offset m-block--core--paragraph\">\n<p><strong class=\"\">3. Trainings und Seminare<\/strong><\/p>\n<\/div><div class=\"m-block--container u-offset m-block--core--list\">\n<ul class=\"wp-block-list\"><div class=\"m-block--container u-offset m-block--core--list-item\">\n<li>fokussiert auf bestimmte F\u00e4higkeiten (z.\u202fB. Pr\u00e4sentation, F\u00fchrung, agiles Arbeiten)<\/li>\n<\/div>\n\n<div class=\"m-block--container u-offset m-block--core--list-item\">\n<li>Pr\u00e4senz, online oder blended<\/li>\n<\/div>\n\n<div class=\"m-block--container u-offset m-block--core--list-item\">\n<li>sinnvoll eingebettet in Vor- und Nachbereitung im Arbeitskontext<\/li>\n<\/div><\/ul>\n<\/div><div class=\"m-block--container u-offset m-block--core--paragraph\">\n<p><strong class=\"\">4. Mentoring<\/strong><\/p>\n<\/div><div class=\"m-block--container u-offset m-block--core--list\">\n<ul class=\"wp-block-list\"><div class=\"m-block--container u-offset m-block--core--list-item\">\n<li>erfahrene Mitarbeitende begleiten weniger Erfahrene<\/li>\n<\/div>\n\n<div class=\"m-block--container u-offset m-block--core--list-item\">\n<li>Fokus auf Erfahrungsweitergabe, Netzwerke, informelles Wissen<\/li>\n<\/div>\n\n<div class=\"m-block--container u-offset m-block--core--list-item\">\n<li>oft mit klaren Zielen und Laufzeiten angelegt<\/li>\n<\/div><\/ul>\n<\/div><div class=\"m-block--container u-offset m-block--core--paragraph\">\n<p><strong class=\"\">5. Coaching<\/strong><\/p>\n<\/div><div class=\"m-block--container u-offset m-block--core--list\">\n<ul class=\"wp-block-list\"><div class=\"m-block--container u-offset m-block--core--list-item\">\n<li>individuelle Begleitung bei konkreten Herausforderungen (z.\u202fB. neue F\u00fchrungsrolle)<\/li>\n<\/div>\n\n<div class=\"m-block--container u-offset m-block--core--list-item\">\n<li>reflektiert Verhalten, Muster und Entscheidungslogik<\/li>\n<\/div>\n\n<div class=\"m-block--container u-offset m-block--core--list-item\">\n<li>meist durch externe oder speziell geschulte interne Coaches<\/li>\n<\/div><\/ul>\n<\/div><div class=\"m-block--container u-offset m-block--core--paragraph\">\n<p><strong class=\"\">6. Projektarbeit und Job Rotation<\/strong><\/p>\n<\/div><div class=\"m-block--container u-offset m-block--core--list\">\n<ul class=\"wp-block-list\"><div class=\"m-block--container u-offset m-block--core--list-item\">\n<li>bewusste Zuteilung zu Projekten au\u00dferhalb der Komfortzone<\/li>\n<\/div>\n\n<div class=\"m-block--container u-offset m-block--core--list-item\">\n<li>zeitlich begrenzter Wechsel in andere Abteilungen oder Rollen<\/li>\n<\/div>\n\n<div class=\"m-block--container u-offset m-block--core--list-item\">\n<li>Ziel: Aufbau neuer Kompetenzen und Perspektiven<\/li>\n<\/div><\/ul>\n<\/div><div class=\"m-block--container u-offset m-block--core--paragraph\">\n<p><strong class=\"\">7. E-Learning, Lernplattformen, Microlearning<\/strong><\/p>\n<\/div><div class=\"m-block--container u-offset m-block--core--list\">\n<ul class=\"wp-block-list\"><div class=\"m-block--container u-offset m-block--core--list-item\">\n<li>zeit- und ortsunabh\u00e4ngiges Lernen<\/li>\n<\/div>\n\n<div class=\"m-block--container u-offset m-block--core--list-item\">\n<li>kurze Lerneinheiten, die in den Arbeitsalltag passen<\/li>\n<\/div>\n\n<div class=\"m-block--container u-offset m-block--core--list-item\">\n<li>Kombination von Videos, Tests, Praxisaufgaben<\/li>\n<\/div><\/ul>\n<\/div><div class=\"m-block--container u-offset m-block--core--separator\">\n<hr class=\"wp-block-separator has-alpha-channel-opacity\"\/>\n<\/div><div class=\"m-block--container u-offset m-block--core--heading\">\n<h2 class=\"wp-block-heading\">Rolle von HR, F\u00fchrungskr\u00e4ften und Mitarbeitenden: Wer ist wof\u00fcr verantwortlich?<\/h2>\n<\/div><div class=\"m-block--container u-offset m-block--core--paragraph\">\n<p>Personalentwicklung funktioniert nur, wenn Rollen und Verantwortlichkeiten klar sind.<\/p>\n<\/div><div class=\"m-block--container u-offset m-block--core--heading\">\n<h3 class=\"wp-block-heading\">HR \/ Personalentwicklung<\/h3>\n<\/div><div class=\"m-block--container u-offset m-block--core--list\">\n<ul class=\"wp-block-list\"><div class=\"m-block--container u-offset m-block--core--list-item\">\n<li>Entwickelt <strong class=\"\">Strategie, Konzepte und Programme<\/strong><\/li>\n<\/div>\n\n<div class=\"m-block--container u-offset m-block--core--list-item\">\n<li>Stellt <strong class=\"\">Instrumente und Prozesse<\/strong> bereit (z.\u202fB. Mitarbeitergespr\u00e4che, Skill-Profile)<\/li>\n<\/div>\n\n<div class=\"m-block--container u-offset m-block--core--list-item\">\n<li>Koordiniert und organisiert <strong class=\"\">Ma\u00dfnahmen<\/strong> (Auswahl von Trainern, Tools, Plattformen)<\/li>\n<\/div>\n\n<div class=\"m-block--container u-offset m-block--core--list-item\">\n<li>Ber\u00e4t <strong class=\"\">F\u00fchrungskr\u00e4fte<\/strong> in Entwicklungsfragen<\/li>\n<\/div>\n\n<div class=\"m-block--container u-offset m-block--core--list-item\">\n<li>Sorgt f\u00fcr <strong class=\"\">Evaluation<\/strong> und Weiterentwicklung der PE<\/li>\n<\/div><\/ul>\n<\/div><div class=\"m-block--container u-offset m-block--core--heading\">\n<h3 class=\"wp-block-heading\">F\u00fchrungskr\u00e4fte<\/h3>\n<\/div><div class=\"m-block--container u-offset m-block--core--list\">\n<ul class=\"wp-block-list\"><div class=\"m-block--container u-offset m-block--core--list-item\">\n<li>\u00dcbersetzen Unternehmensziele in <strong class=\"\">konkrete Kompetenzanforderungen<\/strong> f\u00fcr ihr Team<\/li>\n<\/div>\n\n<div class=\"m-block--container u-offset m-block--core--list-item\">\n<li>F\u00fchren regelm\u00e4\u00dfige <strong class=\"\">Entwicklungs- und Feedbackgespr\u00e4che<\/strong><\/li>\n<\/div>\n\n<div class=\"m-block--container u-offset m-block--core--list-item\">\n<li>Erkennen <strong class=\"\">Potenziale und Entwicklungsbedarfe<\/strong><\/li>\n<\/div>\n\n<div class=\"m-block--container u-offset m-block--core--list-item\">\n<li>Schaffen <strong class=\"\">Lerngelegenheiten im Alltag<\/strong> (Projekte, Aufgaben, Verantwortung)<\/li>\n<\/div>\n\n<div class=\"m-block--container u-offset m-block--core--list-item\">\n<li>Leben <strong class=\"\">Lernkultur<\/strong> vor (Fehlerkultur, Feedback, Wissensaustausch)<\/li>\n<\/div><\/ul>\n<\/div><div class=\"m-block--container u-offset m-block--core--heading\">\n<h3 class=\"wp-block-heading\">Mitarbeitende<\/h3>\n<\/div><div class=\"m-block--container u-offset m-block--core--list\">\n<ul class=\"wp-block-list\"><div class=\"m-block--container u-offset m-block--core--list-item\">\n<li>\u00dcbernehmen <strong class=\"\">Verantwortung f\u00fcr die eigene Entwicklung<\/strong><\/li>\n<\/div>\n\n<div class=\"m-block--container u-offset m-block--core--list-item\">\n<li>Bringen <strong class=\"\">Entwicklungsw\u00fcnsche und Karriereziele<\/strong> ein<\/li>\n<\/div>\n\n<div class=\"m-block--container u-offset m-block--core--list-item\">\n<li>Nutzen Lernangebote aktiv und <strong class=\"\">\u00fcbertragen Erkenntnisse in die Praxis<\/strong><\/li>\n<\/div>\n\n<div class=\"m-block--container u-offset m-block--core--list-item\">\n<li>Geben <strong class=\"\">Feedback<\/strong> zu Ma\u00dfnahmen und Formaten<\/li>\n<\/div>\n\n<div class=\"m-block--container u-offset m-block--core--list-item\">\n<li>Pflegen <strong class=\"\">lebenslanges Lernen<\/strong> als Teil ihrer professionellen Rolle<\/li>\n<\/div><\/ul>\n<\/div><div class=\"m-block--container u-offset m-block--core--separator\">\n<hr class=\"wp-block-separator has-alpha-channel-opacity\"\/>\n<\/div><div class=\"m-block--container u-offset m-block--core--heading\">\n<h2 class=\"wp-block-heading\">Personalentwicklung im Projektumfeld: Besonderheiten f\u00fcr Projektmanager und Teams<\/h2>\n<\/div><div class=\"m-block--container u-offset m-block--core--paragraph\">\n<p>In projektorientierten Organisationen spielt Personalentwicklung eine besondere Rolle:<\/p>\n<\/div><div class=\"m-block--container u-offset m-block--core--list\">\n<ul class=\"wp-block-list\"><div class=\"m-block--container u-offset m-block--core--list-item\">\n<li>Rollen wie <strong class=\"\">Projektleiter, Product Owner, Scrum Master<\/strong> ben\u00f6tigen spezifische Kompetenzen, die oft quer zu Linienfunktionen liegen.<\/li>\n<\/div>\n\n<div class=\"m-block--container u-offset m-block--core--list-item\">\n<li>Projektteams sind h\u00e4ufig <strong class=\"\">interdisziplin\u00e4r und tempor\u00e4r<\/strong>, was besondere Anforderungen an Kommunikation, F\u00fchrung und Zusammenarbeit stellt.<\/li>\n<\/div><\/ul>\n<\/div><div class=\"m-block--container u-offset m-block--core--paragraph\">\n<p>Wichtige Entwicklungsfelder:<\/p>\n<\/div><div class=\"m-block--container u-offset m-block--core--list\">\n<ul class=\"wp-block-list\"><div class=\"m-block--container u-offset m-block--core--list-item\">\n<li><strong class=\"\">Projektmanagement-Methoden<\/strong> (klassisch, agil, hybrid)<\/li>\n<\/div>\n\n<div class=\"m-block--container u-offset m-block--core--list-item\">\n<li><strong class=\"\">Stakeholder-Management<\/strong> und Kommunikation<\/li>\n<\/div>\n\n<div class=\"m-block--container u-offset m-block--core--list-item\">\n<li><strong class=\"\">Laterale F\u00fchrung<\/strong> ohne disziplinarische Macht<\/li>\n<\/div>\n\n<div class=\"m-block--container u-offset m-block--core--list-item\">\n<li>Umgang mit <strong class=\"\">Unsicherheit, Komplexit\u00e4t und Ver\u00e4nderungen<\/strong><\/li>\n<\/div>\n\n<div class=\"m-block--container u-offset m-block--core--list-item\">\n<li><strong class=\"\">Konfliktmanagement<\/strong> in Projekt- und Matrixstrukturen<\/li>\n<\/div><\/ul>\n<\/div><div class=\"m-block--container u-offset m-block--core--paragraph\">\n<p>Praxisnahe Formen der Personalentwicklung im Projektkontext:<\/p>\n<\/div><div class=\"m-block--container u-offset m-block--core--list\">\n<ul class=\"wp-block-list\"><div class=\"m-block--container u-offset m-block--core--list-item\">\n<li>Projektmanagement-Akademien mit klaren Stufen (Basis, Advanced, komplexe Projekte)<\/li>\n<\/div>\n\n<div class=\"m-block--container u-offset m-block--core--list-item\">\n<li>Zertifizierungen (z.\u202fB. IPMA, PMI, PRINCE2, agile Frameworks)<\/li>\n<\/div>\n\n<div class=\"m-block--container u-offset m-block--core--list-item\">\n<li>Hospitation und <strong class=\"\">Co-Leadership<\/strong> bei gro\u00dfen Projekten<\/li>\n<\/div>\n\n<div class=\"m-block--container u-offset m-block--core--list-item\">\n<li><strong class=\"\">Projekt-Reviews<\/strong> als Lernraum (Lessons Learned, Retrospektiven)<\/li>\n<\/div><\/ul>\n<\/div><div class=\"m-block--container u-offset m-block--core--separator\">\n<hr class=\"wp-block-separator has-alpha-channel-opacity\"\/>\n<\/div><div class=\"m-block--container u-offset m-block--core--heading\">\n<h2 class=\"wp-block-heading\">Erfolgsfaktoren: Woran erkennt man professionelle Personalentwicklung?<\/h2>\n<\/div><div class=\"m-block--container u-offset m-block--core--paragraph\">\n<p>In der Praxis lassen sich erfolgreiche Personalentwicklungssysteme recht klar von \u201eMa\u00dfnahmen-Sammlungen\u201c unterscheiden. Entscheidende Erfolgsfaktoren sind:<\/p>\n<\/div><div class=\"m-block--container u-offset m-block--core--list\">\n<ol class=\"wp-block-list\"><div class=\"m-block--container u-offset m-block--core--list-item\">\n<li><strong class=\"\">Strategische Anbindung<\/strong><div class=\"m-block--container u-offset m-block--core--list\">\n<ul class=\"wp-block-list\"><div class=\"m-block--container u-offset m-block--core--list-item\">\n<li>PE ist direkt mit Unternehmensstrategie, Business-Zielen und HR-Strategie verkn\u00fcpft.<\/li>\n<\/div>\n\n<div class=\"m-block--container u-offset m-block--core--list-item\">\n<li>Es gibt klare Priorit\u00e4ten statt zuf\u00e4lliger Ma\u00dfnahmen.<\/li>\n<\/div><\/ul>\n<\/div><\/li>\n<\/div>\n\n<div class=\"m-block--container u-offset m-block--core--list-item\">\n<li><strong class=\"\">Klar definierte Rollen<\/strong><div class=\"m-block--container u-offset m-block--core--list\">\n<ul class=\"wp-block-list\"><div class=\"m-block--container u-offset m-block--core--list-item\">\n<li>HR, F\u00fchrungskr\u00e4fte und Mitarbeitende wissen, was von ihnen erwartet wird.<\/li>\n<\/div>\n\n<div class=\"m-block--container u-offset m-block--core--list-item\">\n<li>F\u00fchrungskr\u00e4fte verstehen Personalentwicklung als Kernaufgabe, nicht als \u201enice extra\u201c.<\/li>\n<\/div><\/ul>\n<\/div><\/li>\n<\/div>\n\n<div class=\"m-block--container u-offset m-block--core--list-item\">\n<li><strong class=\"\">Bedarfsorientierung statt Gie\u00dfkanne<\/strong><div class=\"m-block--container u-offset m-block--core--list\">\n<ul class=\"wp-block-list\"><div class=\"m-block--container u-offset m-block--core--list-item\">\n<li>Ma\u00dfnahmen orientieren sich an echten Kompetenzbedarfen und nicht nur an Modethemen.<\/li>\n<\/div>\n\n<div class=\"m-block--container u-offset m-block--core--list-item\">\n<li>Zielgruppen-Programme adressieren konkrete Rollen (z.\u202fB. Projektleiter, Teamleiter, Experten).<\/li>\n<\/div><\/ul>\n<\/div><\/li>\n<\/div>\n\n<div class=\"m-block--container u-offset m-block--core--list-item\">\n<li><strong class=\"\">Verankerung im Arbeitsalltag<\/strong><div class=\"m-block--container u-offset m-block--core--list\">\n<ul class=\"wp-block-list\"><div class=\"m-block--container u-offset m-block--core--list-item\">\n<li>Transfer in die Praxis wird bewusst gestaltet (Transferaufgaben, Follow-up, Coaching).<\/li>\n<\/div>\n\n<div class=\"m-block--container u-offset m-block--core--list-item\">\n<li>Lerngelegenheiten im Job werden systematisch genutzt.<\/li>\n<\/div><\/ul>\n<\/div><\/li>\n<\/div>\n\n<div class=\"m-block--container u-offset m-block--core--list-item\">\n<li><strong class=\"\">Messbarkeit und Transparenz<\/strong><div class=\"m-block--container u-offset m-block--core--list\">\n<ul class=\"wp-block-list\"><div class=\"m-block--container u-offset m-block--core--list-item\">\n<li>Klare Ziele und Kennzahlen sind definiert.<\/li>\n<\/div>\n\n<div class=\"m-block--container u-offset m-block--core--list-item\">\n<li>Ergebnisse werden regelm\u00e4\u00dfig \u00fcberpr\u00fcft und kommuniziert.<\/li>\n<\/div><\/ul>\n<\/div><\/li>\n<\/div>\n\n<div class=\"m-block--container u-offset m-block--core--list-item\">\n<li><strong class=\"\">Lern- und Fehlerkultur<\/strong><div class=\"m-block--container u-offset m-block--core--list\">\n<ul class=\"wp-block-list\"><div class=\"m-block--container u-offset m-block--core--list-item\">\n<li>Fehler werden als Lernchance genutzt, nicht als reine Schuldfrage.<\/li>\n<\/div>\n\n<div class=\"m-block--container u-offset m-block--core--list-item\">\n<li>Offener Austausch und Feedback sind im Alltag verankert.<\/li>\n<\/div><\/ul>\n<\/div><\/li>\n<\/div><\/ol>\n<\/div><div class=\"m-block--container u-offset m-block--core--separator\">\n<hr class=\"wp-block-separator has-alpha-channel-opacity\"\/>\n<\/div><div class=\"m-block--container u-offset m-block--core--heading\">\n<h2 class=\"wp-block-heading\">Typische Fehler und Stolpersteine in der Personalentwicklung<\/h2>\n<\/div><div class=\"m-block--container u-offset m-block--core--paragraph\">\n<p>Trotz guter Absichten scheitern viele Initiativen \u2013 oft an denselben Punkten:<\/p>\n<\/div><div class=\"m-block--container u-offset m-block--core--list\">\n<ul class=\"wp-block-list\"><div class=\"m-block--container u-offset m-block--core--list-item\">\n<li><strong class=\"\">Fehlende strategische Einbettung<\/strong><div class=\"m-block--container u-offset m-block--core--list\">\n<ul class=\"wp-block-list\"><div class=\"m-block--container u-offset m-block--core--list-item\">\n<li>Ma\u00dfnahmen sind nett, aber nicht erkennbar mit den Unternehmenszielen verkn\u00fcpft.<\/li>\n<\/div><\/ul>\n<\/div><\/li>\n<\/div>\n\n<div class=\"m-block--container u-offset m-block--core--list-item\">\n<li><strong class=\"\">Aktionismus<\/strong><div class=\"m-block--container u-offset m-block--core--list\">\n<ul class=\"wp-block-list\"><div class=\"m-block--container u-offset m-block--core--list-item\">\n<li>Es werden Trainings \u201eeingekauft\u201c, ohne vorherigen Bedarf zu kl\u00e4ren.<\/li>\n<\/div><\/ul>\n<\/div><\/li>\n<\/div>\n\n<div class=\"m-block--container u-offset m-block--core--list-item\">\n<li><strong class=\"\">Einmalma\u00dfnahmen statt Entwicklungspfad<\/strong><div class=\"m-block--container u-offset m-block--core--list\">\n<ul class=\"wp-block-list\"><div class=\"m-block--container u-offset m-block--core--list-item\">\n<li>Ein Seminar allein ver\u00e4ndert selten Verhalten; es braucht l\u00e4ngerfristige Lernpfade.<\/li>\n<\/div><\/ul>\n<\/div><\/li>\n<\/div>\n\n<div class=\"m-block--container u-offset m-block--core--list-item\">\n<li><strong class=\"\">Kein Transfer in den Arbeitsalltag<\/strong><div class=\"m-block--container u-offset m-block--core--list\">\n<ul class=\"wp-block-list\"><div class=\"m-block--container u-offset m-block--core--list-item\">\n<li>Vorgesetzte unterst\u00fctzen den Praxistransfer nicht oder wissen nichts von den Lernzielen.<\/li>\n<\/div><\/ul>\n<\/div><\/li>\n<\/div>\n\n<div class=\"m-block--container u-offset m-block--core--list-item\">\n<li><strong class=\"\">Mangelnde Evaluation<\/strong><div class=\"m-block--container u-offset m-block--core--list\">\n<ul class=\"wp-block-list\"><div class=\"m-block--container u-offset m-block--core--list-item\">\n<li>Niemand pr\u00fcft, ob Ma\u00dfnahmen wirken \u2013 die PE bleibt eine \u201eBlack Box\u201c.<\/li>\n<\/div><\/ul>\n<\/div><\/li>\n<\/div>\n\n<div class=\"m-block--container u-offset m-block--core--list-item\">\n<li><strong class=\"\">\u00dcberfrachtete Programme<\/strong><div class=\"m-block--container u-offset m-block--core--list\">\n<ul class=\"wp-block-list\"><div class=\"m-block--container u-offset m-block--core--list-item\">\n<li>Zu viele Inhalte, zu wenig Fokus, kaum Raum f\u00fcr \u00dcbung und Reflexion.<\/li>\n<\/div><\/ul>\n<\/div><\/li>\n<\/div><\/ul>\n<\/div><div class=\"m-block--container u-offset m-block--core--separator\">\n<hr class=\"wp-block-separator has-alpha-channel-opacity\"\/>\n<\/div><div class=\"m-block--container u-offset m-block--core--heading\">\n<h2 class=\"wp-block-heading\">Wie starten oder professionalisieren Sie Personalentwicklung in Ihrem Unternehmen? Ein pragmatischer Fahrplan<\/h2>\n<\/div><div class=\"m-block--container u-offset m-block--core--paragraph\">\n<p>F\u00fcr viele Organisationen \u2013 besonders im Mittelstand \u2013 stellt sich die Frage: <strong class=\"\">Wo fangen wir an?<\/strong> Ein schlanker, realistischer Einstieg kann so aussehen:<\/p>\n<\/div><div class=\"m-block--container u-offset m-block--core--heading\">\n<h3 class=\"wp-block-heading\">Ausgangslage kl\u00e4ren<\/h3>\n<\/div><div class=\"m-block--container u-offset m-block--core--list\">\n<ul class=\"wp-block-list\"><div class=\"m-block--container u-offset m-block--core--list-item\">\n<li>Welche <strong class=\"\">strategischen Herausforderungen<\/strong> stehen an (z.\u202fB. Wachstum, Digitalisierung, Nachfolge)?<\/li>\n<\/div>\n\n<div class=\"m-block--container u-offset m-block--core--list-item\">\n<li>Wo <strong class=\"\">klemmt es heute<\/strong> sichtbar (z.\u202fB. Projekt\u00fcberlastung, F\u00fchrungsprobleme, hohe Fluktuation in bestimmten Bereichen)?<\/li>\n<\/div>\n\n<div class=\"m-block--container u-offset m-block--core--list-item\">\n<li>Welche <strong class=\"\">Rollen<\/strong> sind besonders kritisch (z.\u202fB. Projektleiter, Teamleiter, Experten)?<\/li>\n<\/div><\/ul>\n<\/div><div class=\"m-block--container u-offset m-block--core--heading\">\n<h3 class=\"wp-block-heading\">Kompetenzanforderungen definieren<\/h3>\n<\/div><div class=\"m-block--container u-offset m-block--core--list\">\n<ul class=\"wp-block-list\"><div class=\"m-block--container u-offset m-block--core--list-item\">\n<li>F\u00fcr 3\u20135 zentrale Rollen klare <strong class=\"\">Kompetenzprofile<\/strong> erstellen<\/li>\n<\/div>\n\n<div class=\"m-block--container u-offset m-block--core--list-item\">\n<li>Wichtig: nicht nur Fachwissen, sondern auch Methoden-, Sozial- und Selbstkompetenzen benennen<\/li>\n<\/div>\n\n<div class=\"m-block--container u-offset m-block--core--list-item\">\n<li>Gemeinsam mit ausgew\u00e4hlten F\u00fchrungskr\u00e4ften und Experten abstimmen<\/li>\n<\/div><\/ul>\n<\/div><div class=\"m-block--container u-offset m-block--core--heading\">\n<h3 class=\"wp-block-heading\">Ist-Stand und L\u00fccken bewerten<\/h3>\n<\/div><div class=\"m-block--container u-offset m-block--core--list\">\n<ul class=\"wp-block-list\"><div class=\"m-block--container u-offset m-block--core--list-item\">\n<li>Einfaches, praxisnahes Vorgehen:<div class=\"m-block--container u-offset m-block--core--list\">\n<ul class=\"wp-block-list\"><div class=\"m-block--container u-offset m-block--core--list-item\">\n<li>Selbsteinsch\u00e4tzung der Mitarbeitenden<\/li>\n<\/div>\n\n<div class=\"m-block--container u-offset m-block--core--list-item\">\n<li>Einsch\u00e4tzung der F\u00fchrungskr\u00e4fte<\/li>\n<\/div>\n\n<div class=\"m-block--container u-offset m-block--core--list-item\">\n<li>Erg\u00e4nzend: Projektreviews, Kundenfeedback, Kennzahlen<\/li>\n<\/div><\/ul>\n<\/div><\/li>\n<\/div><\/ul>\n<\/div><div class=\"m-block--container u-offset m-block--core--heading\">\n<h3 class=\"wp-block-heading\">Fokussierte Entwicklungsziele setzen<\/h3>\n<\/div><div class=\"m-block--container u-offset m-block--core--list\">\n<ul class=\"wp-block-list\"><div class=\"m-block--container u-offset m-block--core--list-item\">\n<li>Statt \u201ealles auf einmal\u201c: Priorisieren, z.\u202fB.:<div class=\"m-block--container u-offset m-block--core--list\">\n<ul class=\"wp-block-list\"><div class=\"m-block--container u-offset m-block--core--list-item\">\n<li>Projektleiter in agilen und hybriden Methoden st\u00e4rken<\/li>\n<\/div>\n\n<div class=\"m-block--container u-offset m-block--core--list-item\">\n<li>Erstlinienf\u00fchrungskr\u00e4fte in F\u00fchrung und Kommunikation professionalisieren<\/li>\n<\/div>\n\n<div class=\"m-block--container u-offset m-block--core--list-item\">\n<li>Expertenlaufbahn definieren und sichtbar machen<\/li>\n<\/div><\/ul>\n<\/div><\/li>\n<\/div><\/ul>\n<\/div><div class=\"m-block--container u-offset m-block--core--heading\">\n<h3 class=\"wp-block-heading\">Passende Ma\u00dfnahmenpakete schn\u00fcren<\/h3>\n<\/div><div class=\"m-block--container u-offset m-block--core--list\">\n<ul class=\"wp-block-list\"><div class=\"m-block--container u-offset m-block--core--list-item\">\n<li>Kombination aus:<div class=\"m-block--container u-offset m-block--core--list\">\n<ul class=\"wp-block-list\"><div class=\"m-block--container u-offset m-block--core--list-item\">\n<li>gezielten Trainings (Pr\u00e4senz\/online)<\/li>\n<\/div>\n\n<div class=\"m-block--container u-offset m-block--core--list-item\">\n<li>Coaching \/ Mentoring<\/li>\n<\/div>\n\n<div class=\"m-block--container u-offset m-block--core--list-item\">\n<li>konkreten Lernprojekten im Alltag<\/li>\n<\/div><\/ul>\n<\/div><\/li>\n<\/div>\n\n<div class=\"m-block--container u-offset m-block--core--list-item\">\n<li>Realistische Zeit- und Budgetplanung, abgestimmt mit Gesch\u00e4ftsf\u00fchrung<\/li>\n<\/div><\/ul>\n<\/div><div class=\"m-block--container u-offset m-block--core--heading\">\n<h3 class=\"wp-block-heading\">Transfer und Evaluation sicherstellen<\/h3>\n<\/div><div class=\"m-block--container u-offset m-block--core--list\">\n<ul class=\"wp-block-list\"><div class=\"m-block--container u-offset m-block--core--list-item\">\n<li>Klar definieren: Was soll sich im Verhalten und in den Ergebnissen \u00e4ndern?<\/li>\n<\/div>\n\n<div class=\"m-block--container u-offset m-block--core--list-item\">\n<li>F\u00fchrungskr\u00e4fte aktiv einbinden: vorbereitende und nachbereitende Gespr\u00e4che<\/li>\n<\/div>\n\n<div class=\"m-block--container u-offset m-block--core--list-item\">\n<li>Nach 6\u201312 Monaten: Zwischenbilanz, Anpassung der Programme<\/li>\n<\/div><\/ul>\n<\/div><div class=\"m-block--container u-offset m-block--core--separator\">\n<hr class=\"wp-block-separator has-alpha-channel-opacity\"\/>\n<\/div><div class=\"m-block--container u-offset m-block--core--heading\">\n<h2 class=\"wp-block-heading\">H\u00e4ufige Fragen zur Personalentwicklung \u2013 kompakt beantwortet<\/h2>\n<\/div><div class=\"m-block--container u-offset m-block--core--paragraph\">\n<p><strong class=\"\">Was sind konkrete Beispiele f\u00fcr Personalentwicklungsma\u00dfnahmen?<\/strong><\/p>\n<\/div><div class=\"m-block--container u-offset m-block--core--list\">\n<ul class=\"wp-block-list\"><div class=\"m-block--container u-offset m-block--core--list-item\">\n<li>F\u00fchrungskr\u00e4ftetrainings, Projektmanagement-Lehrg\u00e4nge, Mentoring-Programme<\/li>\n<\/div>\n\n<div class=\"m-block--container u-offset m-block--core--list-item\">\n<li>Hospitationen in anderen Abteilungen, internationale Eins\u00e4tze<\/li>\n<\/div>\n\n<div class=\"m-block--container u-offset m-block--core--list-item\">\n<li>E-Learning-Kurse zu Fachthemen, Soft Skills oder Tools<\/li>\n<\/div>\n\n<div class=\"m-block--container u-offset m-block--core--list-item\">\n<li>Coaching f\u00fcr neue F\u00fchrungskr\u00e4fte oder Projektleiter<\/li>\n<\/div><\/ul>\n<\/div><div class=\"m-block--container u-offset m-block--core--paragraph\">\n<p><strong class=\"\">Wie unterscheidet sich Personalentwicklung von Weiterbildung?<\/strong><\/p>\n<\/div><div class=\"m-block--container u-offset m-block--core--paragraph\">\n<p>Weiterbildung umfasst vor allem <strong class=\"\">Lernangebote<\/strong> (Kurse, Seminare, Schulungen). Personalentwicklung ist weiter gefasst: Sie beinhaltet die <strong class=\"\">Analyse von Anforderungen<\/strong>, individuelle Entwicklungsplanung, Begleitung durch F\u00fchrungskr\u00e4fte, Lerngelegenheiten im Job und Evaluation \u2013 Weiterbildung ist ein Baustein davon.<\/p>\n<\/div><div class=\"m-block--container u-offset m-block--core--paragraph\">\n<p><strong class=\"\">Welche Rolle spielt die F\u00fchrungskraft?<\/strong><\/p>\n<\/div><div class=\"m-block--container u-offset m-block--core--paragraph\">\n<p>F\u00fchrungskr\u00e4fte sind die <strong class=\"\">wichtigsten Multiplikatoren<\/strong>: Sie kennen die Anforderungen im Alltag, erleben St\u00e4rken und Entwicklungsfelder ihrer Mitarbeitenden und schaffen Lerngelegenheiten. Ohne ihr aktives Mitwirken bleibt Personalentwicklung auf dem Papier.<\/p>\n<\/div><div class=\"m-block--container u-offset m-block--core--paragraph\">\n<p><strong class=\"\">Wie kann ich Personalentwicklung messen?<\/strong><\/p>\n<\/div><div class=\"m-block--container u-offset m-block--core--paragraph\">\n<p>Ans\u00e4tze reichen von einfachen <strong class=\"\">Feedbackb\u00f6gen<\/strong> bis zu umfassenden Kennzahlensystemen. Sinnvoll sind u.\u202fa.:<\/p>\n<\/div><div class=\"m-block--container u-offset m-block--core--list\">\n<ul class=\"wp-block-list\"><div class=\"m-block--container u-offset m-block--core--list-item\">\n<li>Erreichung von Lernzielen (Selbst- und Fremdeinsch\u00e4tzung)<\/li>\n<\/div>\n\n<div class=\"m-block--container u-offset m-block--core--list-item\">\n<li>Beobachtete Verhaltens\u00e4nderungen<\/li>\n<\/div>\n\n<div class=\"m-block--container u-offset m-block--core--list-item\">\n<li>Ver\u00e4nderungen in relevanten Kennzahlen (z.\u202fB. Fehlerquoten, Projekterfolg, Fluktuation)<\/li>\n<\/div>\n\n<div class=\"m-block--container u-offset m-block--core--list-item\">\n<li>Feedback von Kunden und internen Stakeholdern<\/li>\n<\/div><\/ul>\n<\/div><div class=\"m-block--container u-offset m-block--core--separator\">\n<hr class=\"wp-block-separator has-alpha-channel-opacity\"\/>\n<\/div><div class=\"m-block--container u-offset m-block--core--heading\">\n<h2 class=\"wp-block-heading\">Fazit: Personalentwicklung als strategischer Hebel nutzen<\/h2>\n<\/div><div class=\"m-block--container u-offset m-block--core--paragraph\">\n<p>Personalentwicklung erkl\u00e4rt sich nicht allein \u00fcber Seminarkataloge oder E-Learning-Plattformen. Sie wird erst dann wirksam, wenn sie:<\/p>\n<\/div><div class=\"m-block--container u-offset m-block--core--list\">\n<ul class=\"wp-block-list\"><div class=\"m-block--container u-offset m-block--core--list-item\">\n<li>konsequent an <strong class=\"\">Gesch\u00e4ftszielen<\/strong> ausgerichtet ist,<\/li>\n<\/div>\n\n<div class=\"m-block--container u-offset m-block--core--list-item\">\n<li>mit klaren <strong class=\"\">Rollen und Verantwortlichkeiten<\/strong> hinterlegt wird,<\/li>\n<\/div>\n\n<div class=\"m-block--container u-offset m-block--core--list-item\">\n<li><strong class=\"\">Bedarfe<\/strong> pr\u00e4zise analysiert, statt nur Modethemen zu bedienen,<\/li>\n<\/div>\n\n<div class=\"m-block--container u-offset m-block--core--list-item\">\n<li>Lernen im <strong class=\"\">Arbeitsalltag<\/strong> verankert und<\/li>\n<\/div>\n\n<div class=\"m-block--container u-offset m-block--core--list-item\">\n<li>Wirkungen <strong class=\"\">messbar<\/strong> macht und nachsteuert.<\/li>\n<\/div><\/ul>\n<\/div><div class=\"m-block--container u-offset m-block--core--paragraph\">\n<p>Gerade f\u00fcr Entscheider, Projektmanager und F\u00fchrungskr\u00e4fte ist es entscheidend, Personalentwicklung nicht als \u201eHR-Thema\u201c abzutun, sondern als <strong class=\"\">unternehmerisches Steuerungsinstrument<\/strong> zu begreifen. Denn qualifizierte, lernbereite und entwicklungsorientierte Mitarbeitende sind einer der wenigen nachhaltigen Wettbewerbsvorteile, die sich nicht einfach kopieren lassen.<\/p>\n<\/div><div class=\"m-block--container u-offset m-block--core--paragraph\">\n<p>Wenn Sie Ihre Personalentwicklung vom Ma\u00dfnahmen-Sammelsurium zu einem strategischen Hebel entwickeln m\u00f6chten \u2013 etwa mit Fokus auf <a href=\"https:\/\/www.pureconsultant.de\/de\/projektmanagement\/projektorganisation\/\" type=\"post\" id=\"5642\"><strong>Projektorganisation<\/strong><\/a>, F\u00fchrung oder Transformationsvorhaben \u2013 lohnt sich ein externer Blick von erfahrenen Beratern. Die <strong><a href=\"https:\/\/de.linkedin.com\/company\/pcgpureconsultantgmbh\">PURE Consultant<\/a><\/strong> unterst\u00fctzt Unternehmen dabei, Personalentwicklung, Projektmanagement und Organisationsentwicklung so zu verzahnen, dass sie sp\u00fcrbar zur Umsetzung Ihrer Gesch\u00e4ftsstrategie beitragen.<\/p>\n<\/div>","protected":false},"excerpt":{"rendered":"<p>Personalentwicklung erkl\u00e4rt &#8211; Personalentwicklung ist l\u00e4ngst kein \u201eNice-to-have\u201c mehr, sondern eine zentrale Stellschraube f\u00fcr Wettbewerbsf\u00e4higkeit, Innovationskraft und Arbeitgeberattraktivit\u00e4t. Gerade in wissensintensiven Bereichen stehen Entscheider und F\u00fchrungskr\u00e4fte vor der Frage: Wie entwickeln wir unsere Mitarbeitenden so, dass sowohl die Gesch\u00e4ftsstrategie als auch individuelle Karriereziele profitieren? Dieser Beitrag erkl\u00e4rt Personalentwicklung fundiert, praxisnah und verst\u00e4ndlich \u2013 von den [&hellip;]<\/p>\n","protected":false},"author":6,"featured_media":0,"comment_status":"closed","ping_status":"closed","sticky":false,"template":"","format":"standard","meta":{"_acf_changed":false,"inline_featured_image":false,"footnotes":""},"categories":[57],"tags":[3160],"class_list":["post-28344","post","type-post","status-publish","format-standard","hentry","category-management","tag-personalentwicklung-erklaert"],"acf":[],"yoast_head":"<!-- This site is optimized with the Yoast SEO plugin v27.4 - https:\/\/yoast.com\/product\/yoast-seo-wordpress\/ -->\n<title>Personalentwicklung erkl\u00e4rt - PURE Consultant<\/title>\n<meta name=\"description\" content=\"Personalentwicklung erkl\u00e4rt: Verstehen Sie, wie gezielte F\u00f6rderung Talente st\u00e4rkt und Ihr Unternehmen voranbringt. Jetzt mehr erfahren!\" \/>\n<meta name=\"robots\" content=\"index, follow, max-snippet:-1, max-image-preview:large, max-video-preview:-1\" \/>\n<link rel=\"canonical\" href=\"https:\/\/www.pureconsultant.de\/de\/management\/personalentwicklung-erklaert\/\" \/>\n<meta property=\"og:locale\" content=\"de_DE\" \/>\n<meta property=\"og:type\" content=\"article\" \/>\n<meta property=\"og:title\" content=\"Personalentwicklung erkl\u00e4rt - PURE Consultant\" \/>\n<meta property=\"og:description\" content=\"Personalentwicklung erkl\u00e4rt: Verstehen Sie, wie gezielte F\u00f6rderung Talente st\u00e4rkt und Ihr Unternehmen voranbringt. Jetzt mehr erfahren!\" \/>\n<meta property=\"og:url\" content=\"https:\/\/www.pureconsultant.de\/de\/management\/personalentwicklung-erklaert\/\" \/>\n<meta property=\"og:site_name\" content=\"PURE Consultant\" \/>\n<meta property=\"article:published_time\" content=\"2026-03-13T14:03:08+00:00\" \/>\n<meta property=\"article:modified_time\" content=\"2026-03-13T14:03:36+00:00\" \/>\n<meta property=\"og:image\" content=\"https:\/\/www.pureconsultant.de\/wp-content\/uploads\/visual-selection475.png\" \/>\n\t<meta property=\"og:image:width\" content=\"912\" \/>\n\t<meta property=\"og:image:height\" content=\"582\" \/>\n\t<meta property=\"og:image:type\" content=\"image\/png\" \/>\n<meta name=\"author\" content=\"Serhat K\u00fcpeli\" \/>\n<meta name=\"twitter:card\" content=\"summary_large_image\" \/>\n<meta name=\"twitter:label1\" content=\"Verfasst von\" \/>\n\t<meta name=\"twitter:data1\" content=\"Serhat K\u00fcpeli\" \/>\n\t<meta name=\"twitter:label2\" content=\"Gesch\u00e4tzte Lesezeit\" \/>\n\t<meta name=\"twitter:data2\" content=\"12\u00a0Minuten\" \/>\n<script type=\"application\/ld+json\" class=\"yoast-schema-graph\">{\"@context\":\"https:\\\/\\\/schema.org\",\"@graph\":[{\"@type\":\"Article\",\"@id\":\"https:\\\/\\\/www.pureconsultant.de\\\/de\\\/management\\\/personalentwicklung-erklaert\\\/#article\",\"isPartOf\":{\"@id\":\"https:\\\/\\\/www.pureconsultant.de\\\/de\\\/management\\\/personalentwicklung-erklaert\\\/\"},\"author\":{\"name\":\"Serhat K\u00fcpeli\",\"@id\":\"https:\\\/\\\/www.pureconsultant.de\\\/#\\\/schema\\\/person\\\/b879d2f247599ce3a636522dd8344e95\"},\"headline\":\"Personalentwicklung erkl\u00e4rt\",\"datePublished\":\"2026-03-13T14:03:08+00:00\",\"dateModified\":\"2026-03-13T14:03:36+00:00\",\"mainEntityOfPage\":{\"@id\":\"https:\\\/\\\/www.pureconsultant.de\\\/de\\\/management\\\/personalentwicklung-erklaert\\\/\"},\"wordCount\":2220,\"image\":{\"@id\":\"https:\\\/\\\/www.pureconsultant.de\\\/de\\\/management\\\/personalentwicklung-erklaert\\\/#primaryimage\"},\"thumbnailUrl\":\"https:\\\/\\\/www.pureconsultant.de\\\/wp-content\\\/uploads\\\/visual-selection475.png\",\"keywords\":[\"Personalentwicklung erkl\u00e4rt\"],\"articleSection\":[\"Management\"],\"inLanguage\":\"de\"},{\"@type\":\"WebPage\",\"@id\":\"https:\\\/\\\/www.pureconsultant.de\\\/de\\\/management\\\/personalentwicklung-erklaert\\\/\",\"url\":\"https:\\\/\\\/www.pureconsultant.de\\\/de\\\/management\\\/personalentwicklung-erklaert\\\/\",\"name\":\"Personalentwicklung erkl\u00e4rt - PURE Consultant\",\"isPartOf\":{\"@id\":\"https:\\\/\\\/www.pureconsultant.de\\\/#website\"},\"primaryImageOfPage\":{\"@id\":\"https:\\\/\\\/www.pureconsultant.de\\\/de\\\/management\\\/personalentwicklung-erklaert\\\/#primaryimage\"},\"image\":{\"@id\":\"https:\\\/\\\/www.pureconsultant.de\\\/de\\\/management\\\/personalentwicklung-erklaert\\\/#primaryimage\"},\"thumbnailUrl\":\"https:\\\/\\\/www.pureconsultant.de\\\/wp-content\\\/uploads\\\/visual-selection475.png\",\"datePublished\":\"2026-03-13T14:03:08+00:00\",\"dateModified\":\"2026-03-13T14:03:36+00:00\",\"author\":{\"@id\":\"https:\\\/\\\/www.pureconsultant.de\\\/#\\\/schema\\\/person\\\/b879d2f247599ce3a636522dd8344e95\"},\"description\":\"Personalentwicklung erkl\u00e4rt: Verstehen Sie, wie gezielte F\u00f6rderung Talente st\u00e4rkt und Ihr Unternehmen voranbringt. Jetzt mehr erfahren!\",\"breadcrumb\":{\"@id\":\"https:\\\/\\\/www.pureconsultant.de\\\/de\\\/management\\\/personalentwicklung-erklaert\\\/#breadcrumb\"},\"inLanguage\":\"de\",\"potentialAction\":[{\"@type\":\"ReadAction\",\"target\":[\"https:\\\/\\\/www.pureconsultant.de\\\/de\\\/management\\\/personalentwicklung-erklaert\\\/\"]}]},{\"@type\":\"ImageObject\",\"inLanguage\":\"de\",\"@id\":\"https:\\\/\\\/www.pureconsultant.de\\\/de\\\/management\\\/personalentwicklung-erklaert\\\/#primaryimage\",\"url\":\"https:\\\/\\\/www.pureconsultant.de\\\/wp-content\\\/uploads\\\/visual-selection475.png\",\"contentUrl\":\"https:\\\/\\\/www.pureconsultant.de\\\/wp-content\\\/uploads\\\/visual-selection475.png\"},{\"@type\":\"BreadcrumbList\",\"@id\":\"https:\\\/\\\/www.pureconsultant.de\\\/de\\\/management\\\/personalentwicklung-erklaert\\\/#breadcrumb\",\"itemListElement\":[{\"@type\":\"ListItem\",\"position\":1,\"name\":\"Startseite\",\"item\":\"https:\\\/\\\/www.pureconsultant.de\\\/de\\\/\"},{\"@type\":\"ListItem\",\"position\":2,\"name\":\"Personalentwicklung erkl\u00e4rt\"}]},{\"@type\":\"WebSite\",\"@id\":\"https:\\\/\\\/www.pureconsultant.de\\\/#website\",\"url\":\"https:\\\/\\\/www.pureconsultant.de\\\/\",\"name\":\"PURE Consultant\",\"description\":\"Scrum, PMO, Projektmanagement &amp; Prozessmanagement aus K\u00f6ln\",\"potentialAction\":[{\"@type\":\"SearchAction\",\"target\":{\"@type\":\"EntryPoint\",\"urlTemplate\":\"https:\\\/\\\/www.pureconsultant.de\\\/?s={search_term_string}\"},\"query-input\":{\"@type\":\"PropertyValueSpecification\",\"valueRequired\":true,\"valueName\":\"search_term_string\"}}],\"inLanguage\":\"de\"},{\"@type\":\"Person\",\"@id\":\"https:\\\/\\\/www.pureconsultant.de\\\/#\\\/schema\\\/person\\\/b879d2f247599ce3a636522dd8344e95\",\"name\":\"Serhat K\u00fcpeli\",\"image\":{\"@type\":\"ImageObject\",\"inLanguage\":\"de\",\"@id\":\"https:\\\/\\\/secure.gravatar.com\\\/avatar\\\/0886d2e74e7dfa20a0d9157eed001ec6efc4a799c718c80d37ebd532ec3810f1?s=96&d=mm&r=g\",\"url\":\"https:\\\/\\\/secure.gravatar.com\\\/avatar\\\/0886d2e74e7dfa20a0d9157eed001ec6efc4a799c718c80d37ebd532ec3810f1?s=96&d=mm&r=g\",\"contentUrl\":\"https:\\\/\\\/secure.gravatar.com\\\/avatar\\\/0886d2e74e7dfa20a0d9157eed001ec6efc4a799c718c80d37ebd532ec3810f1?s=96&d=mm&r=g\",\"caption\":\"Serhat K\u00fcpeli\"}}]}<\/script>\n<!-- \/ Yoast SEO plugin. -->","yoast_head_json":{"title":"Personalentwicklung erkl\u00e4rt - PURE Consultant","description":"Personalentwicklung erkl\u00e4rt: Verstehen Sie, wie gezielte F\u00f6rderung Talente st\u00e4rkt und Ihr Unternehmen voranbringt. Jetzt mehr erfahren!","robots":{"index":"index","follow":"follow","max-snippet":"max-snippet:-1","max-image-preview":"max-image-preview:large","max-video-preview":"max-video-preview:-1"},"canonical":"https:\/\/www.pureconsultant.de\/de\/management\/personalentwicklung-erklaert\/","og_locale":"de_DE","og_type":"article","og_title":"Personalentwicklung erkl\u00e4rt - PURE Consultant","og_description":"Personalentwicklung erkl\u00e4rt: Verstehen Sie, wie gezielte F\u00f6rderung Talente st\u00e4rkt und Ihr Unternehmen voranbringt. Jetzt mehr erfahren!","og_url":"https:\/\/www.pureconsultant.de\/de\/management\/personalentwicklung-erklaert\/","og_site_name":"PURE Consultant","article_published_time":"2026-03-13T14:03:08+00:00","article_modified_time":"2026-03-13T14:03:36+00:00","og_image":[{"width":912,"height":582,"url":"https:\/\/www.pureconsultant.de\/wp-content\/uploads\/visual-selection475.png","type":"image\/png"}],"author":"Serhat K\u00fcpeli","twitter_card":"summary_large_image","twitter_misc":{"Verfasst von":"Serhat K\u00fcpeli","Gesch\u00e4tzte Lesezeit":"12\u00a0Minuten"},"schema":{"@context":"https:\/\/schema.org","@graph":[{"@type":"Article","@id":"https:\/\/www.pureconsultant.de\/de\/management\/personalentwicklung-erklaert\/#article","isPartOf":{"@id":"https:\/\/www.pureconsultant.de\/de\/management\/personalentwicklung-erklaert\/"},"author":{"name":"Serhat K\u00fcpeli","@id":"https:\/\/www.pureconsultant.de\/#\/schema\/person\/b879d2f247599ce3a636522dd8344e95"},"headline":"Personalentwicklung erkl\u00e4rt","datePublished":"2026-03-13T14:03:08+00:00","dateModified":"2026-03-13T14:03:36+00:00","mainEntityOfPage":{"@id":"https:\/\/www.pureconsultant.de\/de\/management\/personalentwicklung-erklaert\/"},"wordCount":2220,"image":{"@id":"https:\/\/www.pureconsultant.de\/de\/management\/personalentwicklung-erklaert\/#primaryimage"},"thumbnailUrl":"https:\/\/www.pureconsultant.de\/wp-content\/uploads\/visual-selection475.png","keywords":["Personalentwicklung erkl\u00e4rt"],"articleSection":["Management"],"inLanguage":"de"},{"@type":"WebPage","@id":"https:\/\/www.pureconsultant.de\/de\/management\/personalentwicklung-erklaert\/","url":"https:\/\/www.pureconsultant.de\/de\/management\/personalentwicklung-erklaert\/","name":"Personalentwicklung erkl\u00e4rt - PURE Consultant","isPartOf":{"@id":"https:\/\/www.pureconsultant.de\/#website"},"primaryImageOfPage":{"@id":"https:\/\/www.pureconsultant.de\/de\/management\/personalentwicklung-erklaert\/#primaryimage"},"image":{"@id":"https:\/\/www.pureconsultant.de\/de\/management\/personalentwicklung-erklaert\/#primaryimage"},"thumbnailUrl":"https:\/\/www.pureconsultant.de\/wp-content\/uploads\/visual-selection475.png","datePublished":"2026-03-13T14:03:08+00:00","dateModified":"2026-03-13T14:03:36+00:00","author":{"@id":"https:\/\/www.pureconsultant.de\/#\/schema\/person\/b879d2f247599ce3a636522dd8344e95"},"description":"Personalentwicklung erkl\u00e4rt: Verstehen Sie, wie gezielte F\u00f6rderung Talente st\u00e4rkt und Ihr Unternehmen voranbringt. Jetzt mehr erfahren!","breadcrumb":{"@id":"https:\/\/www.pureconsultant.de\/de\/management\/personalentwicklung-erklaert\/#breadcrumb"},"inLanguage":"de","potentialAction":[{"@type":"ReadAction","target":["https:\/\/www.pureconsultant.de\/de\/management\/personalentwicklung-erklaert\/"]}]},{"@type":"ImageObject","inLanguage":"de","@id":"https:\/\/www.pureconsultant.de\/de\/management\/personalentwicklung-erklaert\/#primaryimage","url":"https:\/\/www.pureconsultant.de\/wp-content\/uploads\/visual-selection475.png","contentUrl":"https:\/\/www.pureconsultant.de\/wp-content\/uploads\/visual-selection475.png"},{"@type":"BreadcrumbList","@id":"https:\/\/www.pureconsultant.de\/de\/management\/personalentwicklung-erklaert\/#breadcrumb","itemListElement":[{"@type":"ListItem","position":1,"name":"Startseite","item":"https:\/\/www.pureconsultant.de\/de\/"},{"@type":"ListItem","position":2,"name":"Personalentwicklung erkl\u00e4rt"}]},{"@type":"WebSite","@id":"https:\/\/www.pureconsultant.de\/#website","url":"https:\/\/www.pureconsultant.de\/","name":"PURE Consultant","description":"Scrum, PMO, Projektmanagement &amp; Prozessmanagement aus K\u00f6ln","potentialAction":[{"@type":"SearchAction","target":{"@type":"EntryPoint","urlTemplate":"https:\/\/www.pureconsultant.de\/?s={search_term_string}"},"query-input":{"@type":"PropertyValueSpecification","valueRequired":true,"valueName":"search_term_string"}}],"inLanguage":"de"},{"@type":"Person","@id":"https:\/\/www.pureconsultant.de\/#\/schema\/person\/b879d2f247599ce3a636522dd8344e95","name":"Serhat K\u00fcpeli","image":{"@type":"ImageObject","inLanguage":"de","@id":"https:\/\/secure.gravatar.com\/avatar\/0886d2e74e7dfa20a0d9157eed001ec6efc4a799c718c80d37ebd532ec3810f1?s=96&d=mm&r=g","url":"https:\/\/secure.gravatar.com\/avatar\/0886d2e74e7dfa20a0d9157eed001ec6efc4a799c718c80d37ebd532ec3810f1?s=96&d=mm&r=g","contentUrl":"https:\/\/secure.gravatar.com\/avatar\/0886d2e74e7dfa20a0d9157eed001ec6efc4a799c718c80d37ebd532ec3810f1?s=96&d=mm&r=g","caption":"Serhat K\u00fcpeli"}}]}},"_links":{"self":[{"href":"https:\/\/www.pureconsultant.de\/de\/wp-json\/wp\/v2\/posts\/28344","targetHints":{"allow":["GET"]}}],"collection":[{"href":"https:\/\/www.pureconsultant.de\/de\/wp-json\/wp\/v2\/posts"}],"about":[{"href":"https:\/\/www.pureconsultant.de\/de\/wp-json\/wp\/v2\/types\/post"}],"author":[{"embeddable":true,"href":"https:\/\/www.pureconsultant.de\/de\/wp-json\/wp\/v2\/users\/6"}],"replies":[{"embeddable":true,"href":"https:\/\/www.pureconsultant.de\/de\/wp-json\/wp\/v2\/comments?post=28344"}],"version-history":[{"count":2,"href":"https:\/\/www.pureconsultant.de\/de\/wp-json\/wp\/v2\/posts\/28344\/revisions"}],"predecessor-version":[{"id":28347,"href":"https:\/\/www.pureconsultant.de\/de\/wp-json\/wp\/v2\/posts\/28344\/revisions\/28347"}],"wp:attachment":[{"href":"https:\/\/www.pureconsultant.de\/de\/wp-json\/wp\/v2\/media?parent=28344"}],"wp:term":[{"taxonomy":"category","embeddable":true,"href":"https:\/\/www.pureconsultant.de\/de\/wp-json\/wp\/v2\/categories?post=28344"},{"taxonomy":"post_tag","embeddable":true,"href":"https:\/\/www.pureconsultant.de\/de\/wp-json\/wp\/v2\/tags?post=28344"}],"curies":[{"name":"wp","href":"https:\/\/api.w.org\/{rel}","templated":true}]}}