{"id":28324,"date":"2026-03-12T14:29:56","date_gmt":"2026-03-12T13:29:56","guid":{"rendered":"https:\/\/www.pureconsultant.de\/de\/?p=28324"},"modified":"2026-03-12T14:30:11","modified_gmt":"2026-03-12T13:30:11","slug":"kritik-grenzen-der-x-y-theorie","status":"publish","type":"post","link":"https:\/\/www.pureconsultant.de\/de\/management\/kritik-grenzen-der-x-y-theorie\/","title":{"rendered":"Kritik &amp; Grenzen der X-Y-Theorie"},"content":{"rendered":"<div class=\"m-block--container u-offset m-block--core--paragraph\">\n<p>Kritik &amp; Grenzen der X-Y-Theorie &#8211; Die X-Y-Theorie von Douglas McGregor geh\u00f6rt zu den Klassikern der Managementlehre. Viele F\u00fchrungskr\u00e4fte kennen zumindest grob die Unterscheidung zwischen \u201eTheorie X\u201c (Menschen sind eher arbeitsunwillig) und \u201eTheorie Y\u201c (Menschen arbeiten gern und verantwortungsvoll). Doch wie tragf\u00e4hig ist dieses Modell in der Praxis moderner Organisationen? Wo liegen die Grenzen, und welche Risiken entstehen, wenn man F\u00fchrungsentscheidungen einseitig darauf aufbaut?<br>Dieser Artikel beleuchtet die Kritik und Grenzen der <strong><a href=\"https:\/\/www.pureconsultant.de\/de\/management\/x-y-theorie\/\">X-Y-Theorie<\/a><\/strong> fundiert, ordnet sie in den aktuellen F\u00fchrungsdiskurs ein und zeigt, wie Sie das Modell sinnvoll \u2013 und vor allem reflektiert \u2013 nutzen k\u00f6nnen.<\/p>\n<\/div><div class=\"m-block--container u-offset m-block--core--image\">\n<figure class=\"wp-block-image size-large\"><img loading=\"lazy\" decoding=\"async\" width=\"876\" height=\"1044\" src=\"https:\/\/www.pureconsultant.de\/wp-content\/uploads\/visual-selection355.svg\" alt=\"Kritik &amp; Grenzen der X-Y-Theorie\" class=\"wp-image-28326\"\/><figcaption class=\"wp-element-caption\">Kritik &#038; Grenzen der X-Y-Theorie<\/figcaption><\/figure>\n<\/div><div class=\"m-block--container u-offset m-block--core--separator\">\n<hr class=\"wp-block-separator has-alpha-channel-opacity\"\/>\n<\/div><div class=\"m-block--container u-offset m-block--core--heading\">\n<h2 class=\"wp-block-heading\">Kurze Einordnung: Worum geht es bei der X-Y-Theorie?<\/h2>\n<\/div><div class=\"m-block--container u-offset m-block--core--paragraph\">\n<p>Die X-Y-Theorie von McGregor beschreibt zwei grundlegend unterschiedliche Menschenbilder von Mitarbeitenden:<\/p>\n<\/div><div class=\"m-block--container u-offset m-block--core--list\">\n<ul class=\"wp-block-list\"><div class=\"m-block--container u-offset m-block--core--list-item\">\n<li><strong class=\"\">Theorie X<\/strong>:<div class=\"m-block--container u-offset m-block--core--list\">\n<ul class=\"wp-block-list\"><div class=\"m-block--container u-offset m-block--core--list-item\">\n<li>Menschen sind von Natur aus arbeitsunwillig<\/li>\n<\/div>\n\n<div class=\"m-block--container u-offset m-block--core--list-item\">\n<li>Sie vermeiden Verantwortung<\/li>\n<\/div>\n\n<div class=\"m-block--container u-offset m-block--core--list-item\">\n<li>Sie ben\u00f6tigen strenge Kontrolle und klare Anweisungen<\/li>\n<\/div>\n\n<div class=\"m-block--container u-offset m-block--core--list-item\">\n<li>Motivation entsteht prim\u00e4r \u00fcber Druck, Kontrolle und materielle Anreize<\/li>\n<\/div><\/ul>\n<\/div><\/li>\n<\/div>\n\n<div class=\"m-block--container u-offset m-block--core--list-item\">\n<li><strong class=\"\">Theorie Y<\/strong>:<div class=\"m-block--container u-offset m-block--core--list\">\n<ul class=\"wp-block-list\"><div class=\"m-block--container u-offset m-block--core--list-item\">\n<li>Arbeit kann als Quelle von Zufriedenheit erlebt werden<\/li>\n<\/div>\n\n<div class=\"m-block--container u-offset m-block--core--list-item\">\n<li>Menschen sind grunds\u00e4tzlich motiviert und lernbereit<\/li>\n<\/div>\n\n<div class=\"m-block--container u-offset m-block--core--list-item\">\n<li>Sie \u00fcbernehmen gerne Verantwortung<\/li>\n<\/div>\n\n<div class=\"m-block--container u-offset m-block--core--list-item\">\n<li>Motivation entsteht durch Autonomie, Sinn, Beteiligung und Entwicklung<\/li>\n<\/div><\/ul>\n<\/div><\/li>\n<\/div><\/ul>\n<\/div><div class=\"m-block--container u-offset m-block--core--paragraph\">\n<p>Wichtig: McGregor beschreibt <strong class=\"\">keine Typen von Mitarbeitenden<\/strong>, sondern <strong class=\"\">Menschenbilder von F\u00fchrungskr\u00e4ften<\/strong>, die sich dann auf F\u00fchrungsstil, Strukturen und Kultur auswirken.<\/p>\n<\/div><div class=\"m-block--container u-offset m-block--core--separator\">\n<hr class=\"wp-block-separator has-alpha-channel-opacity\"\/>\n<\/div><div class=\"m-block--container u-offset m-block--core--heading\">\n<h2 class=\"wp-block-heading\">Warum die X-Y-Theorie bis heute so beliebt ist<\/h2>\n<\/div><div class=\"m-block--container u-offset m-block--core--paragraph\">\n<p>Bevor wir in die Kritik einsteigen, lohnt sich der Blick auf den Nutzen \u2013 denn ohne diesen h\u00e4tte das Modell nie eine so gro\u00dfe Verbreitung gefunden.<\/p>\n<\/div><div class=\"m-block--container u-offset m-block--core--paragraph\">\n<p><strong class=\"\">St\u00e4rken und Vorteile der X-Y-Theorie:<\/strong><\/p>\n<\/div><div class=\"m-block--container u-offset m-block--core--list\">\n<ul class=\"wp-block-list\"><div class=\"m-block--container u-offset m-block--core--list-item\">\n<li><strong class=\"\">Einfaches, eing\u00e4ngiges Raster<\/strong> zur Reflexion des eigenen F\u00fchrungsverst\u00e4ndnisses<\/li>\n<\/div>\n\n<div class=\"m-block--container u-offset m-block--core--list-item\">\n<li><strong class=\"\">Bewusstmachung impliziter Annahmen<\/strong>: Welche Haltung habe ich eigentlich zu Mitarbeitenden?<\/li>\n<\/div>\n\n<div class=\"m-block--container u-offset m-block--core--list-item\">\n<li><strong class=\"\">Br\u00fccke zur modernen F\u00fchrungslogik<\/strong> (Partizipation, Empowerment, New Work) \u00fcber Theorie Y<\/li>\n<\/div>\n\n<div class=\"m-block--container u-offset m-block--core--list-item\">\n<li><strong class=\"\">Guter Einstiegspunkt in F\u00fchrungstrainings<\/strong> und Teamentwicklung<\/li>\n<\/div>\n\n<div class=\"m-block--container u-offset m-block--core--list-item\">\n<li><strong class=\"\">Diskussionsansto\u00df<\/strong> f\u00fcr Fragen wie:<div class=\"m-block--container u-offset m-block--core--list\">\n<ul class=\"wp-block-list\"><div class=\"m-block--container u-offset m-block--core--list-item\">\n<li>\u201eVertraue ich meinem Team wirklich?\u201c<\/li>\n<\/div>\n\n<div class=\"m-block--container u-offset m-block--core--list-item\">\n<li>\u201eWo \u00fcbertreibe ich Kontrolle?\u201c<\/li>\n<\/div>\n\n<div class=\"m-block--container u-offset m-block--core--list-item\">\n<li>\u201eWo \u00fcberfordere ich mit Selbstverantwortung?\u201c<\/li>\n<\/div><\/ul>\n<\/div><\/li>\n<\/div><\/ul>\n<\/div><div class=\"m-block--container u-offset m-block--core--paragraph\">\n<p>Genau diese Einfachheit ist aber zugleich eine der gr\u00f6\u00dften Schw\u00e4chen \u2013 und der Ausgangspunkt vieler Kritikpunkte.<\/p>\n<\/div><div class=\"m-block--container u-offset m-block--core--separator\">\n<hr class=\"wp-block-separator has-alpha-channel-opacity\"\/>\n<\/div><div class=\"m-block--container u-offset m-block--core--heading\">\n<h2 class=\"wp-block-heading\">Zentrale Kritikpunkte an der X-Y-Theorie<\/h2>\n<\/div><div class=\"m-block--container u-offset m-block--core--paragraph\">\n<p>Im Folgenden die wichtigsten Kritikpunkte, wie sie in Wissenschaft und Praxis immer wieder genannt werden. Damit erhalten Sie einen strukturierten \u00dcberblick \u00fcber die Grenzen der X-Y-Theorie.<\/p>\n<\/div><div class=\"m-block--container u-offset m-block--core--heading\">\n<h3 class=\"wp-block-heading\">1. Vereinfachendes Menschenbild (Dichotomie X vs. Y)<\/h3>\n<\/div><div class=\"m-block--container u-offset m-block--core--paragraph\">\n<p>Die vielleicht grundlegendste Kritik: Die X-Y-Theorie reduziert komplexe Verhaltens- und Motivationsmuster auf eine <strong class=\"\">entweder-oder-Logik<\/strong>.<\/p>\n<\/div><div class=\"m-block--container u-offset m-block--core--list\">\n<ul class=\"wp-block-list\"><div class=\"m-block--container u-offset m-block--core--list-item\">\n<li>Menschen werden indirekt in zwei Lager einsortiert: eher faul oder eher engagiert.<\/li>\n<\/div>\n\n<div class=\"m-block--container u-offset m-block--core--list-item\">\n<li>In der Realit\u00e4t zeigen Mitarbeitende <strong class=\"\">situativ stark schwankende Motivation<\/strong> \u2013 je nach Aufgabe, Kontext, Lebensphase und Rahmenbedingungen.<\/li>\n<\/div>\n\n<div class=\"m-block--container u-offset m-block--core--list-item\">\n<li>F\u00fchrungskr\u00e4fte sind oft selbst <strong class=\"\">gleichzeitig X und Y<\/strong>:<div class=\"m-block--container u-offset m-block--core--list\">\n<ul class=\"wp-block-list\"><div class=\"m-block--container u-offset m-block--core--list-item\">\n<li>Misstrauisch bei kritischen Projekten<\/li>\n<\/div>\n\n<div class=\"m-block--container u-offset m-block--core--list-item\">\n<li>Vertrauensvoll bei Routinethemen oder mit langj\u00e4hrigen Top-Performern<\/li>\n<\/div><\/ul>\n<\/div><\/li>\n<\/div><\/ul>\n<\/div><div class=\"m-block--container u-offset m-block--core--paragraph\">\n<p><strong class=\"\">Konsequenz:<\/strong><br class=\"\">Als Reflexionsinstrument ist die Dichotomie hilfreich. Als Erkl\u00e4rung der Realit\u00e4t ist sie zu grob. Wer sich zu stark auf das Schwarz-Wei\u00df-Denken einl\u00e4sst, untersch\u00e4tzt die <strong class=\"\">Mehrdimensionalit\u00e4t menschlichen Verhaltens<\/strong>.<\/p>\n<\/div><div class=\"m-block--container u-offset m-block--core--separator\">\n<hr class=\"wp-block-separator has-alpha-channel-opacity\"\/>\n<\/div><div class=\"m-block--container u-offset m-block--core--heading\">\n<h3 class=\"wp-block-heading\">2. Mangel an konkreten Handlungsanweisungen<\/h3>\n<\/div><div class=\"m-block--container u-offset m-block--core--paragraph\">\n<p>Ein weiterer zentraler Kritikpunkt: Die X-Y-Theorie liefert <strong class=\"\">kaum operative Hinweise<\/strong>, wie F\u00fchrung im Alltag gestaltet werden soll.<\/p>\n<\/div><div class=\"m-block--container u-offset m-block--core--list\">\n<ul class=\"wp-block-list\"><div class=\"m-block--container u-offset m-block--core--list-item\">\n<li>Es bleibt unklar, <strong class=\"\">wie genau<\/strong> eine F\u00fchrungskraft z.\u202fB. von einem X-gepr\u00e4gten zu einem Y-gepr\u00e4gten F\u00fchrungsstil gelangen kann.<\/li>\n<\/div>\n\n<div class=\"m-block--container u-offset m-block--core--list-item\">\n<li>Es fehlen konkrete Antworten auf Fragen wie:<div class=\"m-block--container u-offset m-block--core--list\">\n<ul class=\"wp-block-list\"><div class=\"m-block--container u-offset m-block--core--list-item\">\n<li>Wie f\u00fchre ich ein Team mit sehr heterogener Motivation?<\/li>\n<\/div>\n\n<div class=\"m-block--container u-offset m-block--core--list-item\">\n<li>Was bedeutet Theorie Y in stark regulierten Umgebungen (Compliance, Sicherheit, Auditpflichten)?<\/li>\n<\/div>\n\n<div class=\"m-block--container u-offset m-block--core--list-item\">\n<li>Wie viel Kontrolle ist trotz Y-orientiertem Menschenbild notwendig?<\/li>\n<\/div><\/ul>\n<\/div><\/li>\n<\/div><\/ul>\n<\/div><div class=\"m-block--container u-offset m-block--core--paragraph\">\n<p><strong class=\"\">Praktisches Problem:<\/strong><br class=\"\">Unternehmen, die die X-Y-Theorie unreflektiert in Leitbilder \u00fcbernehmen (\u201eWir glauben an das Gute im Menschen\u201c), aber keine <strong class=\"\">konkreten F\u00fchrungsinstrumente, Prozesse und Kompetenzen<\/strong> nachziehen, landen h\u00e4ufig bei <strong class=\"\">Symbolpolitik<\/strong> statt gelebter Kultur.<\/p>\n<\/div><div class=\"m-block--container u-offset m-block--core--separator\">\n<hr class=\"wp-block-separator has-alpha-channel-opacity\"\/>\n<\/div><div class=\"m-block--container u-offset m-block--core--heading\">\n<h3 class=\"wp-block-heading\">3. Gefahr der selbsterf\u00fcllenden Prophezeiung<\/h3>\n<\/div><div class=\"m-block--container u-offset m-block--core--paragraph\">\n<p>Besonders kritisch ist die X-Y-Theorie dort, wo sie <strong class=\"\">Haltungen verfestigt<\/strong>, anstatt sie zu hinterfragen. McGregor selbst hat dies \u00fcbrigens thematisiert.<\/p>\n<\/div><div class=\"m-block--container u-offset m-block--core--list\">\n<ul class=\"wp-block-list\"><div class=\"m-block--container u-offset m-block--core--list-item\">\n<li>Wer \u00fcberwiegend im Sinne von Theorie X denkt (\u201eMitarbeitende sind bequem, m\u00fcssen kontrolliert werden\u201c), wird:<div class=\"m-block--container u-offset m-block--core--list\">\n<ul class=\"wp-block-list\"><div class=\"m-block--container u-offset m-block--core--list-item\">\n<li>stark kontrollierende Strukturen einf\u00fchren<\/li>\n<\/div>\n\n<div class=\"m-block--container u-offset m-block--core--list-item\">\n<li>wenig Verantwortung delegieren<\/li>\n<\/div>\n\n<div class=\"m-block--container u-offset m-block--core--list-item\">\n<li>Misstrauen signalisieren<\/li>\n<\/div><\/ul>\n<\/div><\/li>\n<\/div>\n\n<div class=\"m-block--container u-offset m-block--core--list-item\">\n<li>Mitarbeitende reagieren darauf oft mit:<div class=\"m-block--container u-offset m-block--core--list\">\n<ul class=\"wp-block-list\"><div class=\"m-block--container u-offset m-block--core--list-item\">\n<li>R\u00fcckzug in Mindestleistung<\/li>\n<\/div>\n\n<div class=\"m-block--container u-offset m-block--core--list-item\">\n<li>Vermeidung von Verantwortung<\/li>\n<\/div>\n\n<div class=\"m-block--container u-offset m-block--core--list-item\">\n<li>taktischem Verhalten (\u201eDienst nach Vorschrift\u201c)<\/li>\n<\/div><\/ul>\n<\/div><\/li>\n<\/div><\/ul>\n<\/div><div class=\"m-block--container u-offset m-block--core--paragraph\">\n<p>Damit entsteht genau das Bild, das die F\u00fchrungskraft ohnehin hatte \u2013 eine klassische <strong class=\"\">selbsterf\u00fcllende Prophezeiung<\/strong>.<\/p>\n<\/div><div class=\"m-block--container u-offset m-block--core--paragraph\">\n<p>Umgekehrt kann ein <strong class=\"\">\u00fcberzogenes Theorie-Y-Verst\u00e4ndnis<\/strong> dazu f\u00fchren, dass:<\/p>\n<\/div><div class=\"m-block--container u-offset m-block--core--list\">\n<ul class=\"wp-block-list\"><div class=\"m-block--container u-offset m-block--core--list-item\">\n<li>Risiken untersch\u00e4tzt<\/li>\n<\/div>\n\n<div class=\"m-block--container u-offset m-block--core--list-item\">\n<li>Kontrollmechanismen vernachl\u00e4ssigt<\/li>\n<\/div>\n\n<div class=\"m-block--container u-offset m-block--core--list-item\">\n<li>leistungsschwache oder unpassende Mitarbeitende zu lange \u201emitgeschleppt\u201c werden<\/li>\n<\/div><\/ul>\n<\/div><div class=\"m-block--container u-offset m-block--core--paragraph\">\n<p><strong class=\"\">Fazit:<\/strong><br class=\"\">Die X-Y-Theorie zeigt, dass Haltungen Wirkung haben. Kritisch wird es, wenn sie als <strong class=\"\">Best\u00e4tigung<\/strong> eigener Vorurteile genutzt wird, statt diese zu hinterfragen.<\/p>\n<\/div><div class=\"m-block--container u-offset m-block--core--separator\">\n<hr class=\"wp-block-separator has-alpha-channel-opacity\"\/>\n<\/div><div class=\"m-block--container u-offset m-block--core--heading\">\n<h3 class=\"wp-block-heading\">4. Fehlende Situationsbezogenheit<\/h3>\n<\/div><div class=\"m-block--container u-offset m-block--core--paragraph\">\n<p>Moderne F\u00fchrungsans\u00e4tze wie <strong class=\"\">situative F\u00fchrung<\/strong>, <strong class=\"\">kontingenztheoretische Modelle<\/strong> oder <strong class=\"\">Kontext-Leadership<\/strong> betonen:<br class=\"\">Effektive F\u00fchrung h\u00e4ngt vom <strong class=\"\">Kontext<\/strong> ab \u2013 z.\u202fB. von:<\/p>\n<\/div><div class=\"m-block--container u-offset m-block--core--list\">\n<ul class=\"wp-block-list\"><div class=\"m-block--container u-offset m-block--core--list-item\">\n<li>Reifegrad des Mitarbeiters<\/li>\n<\/div>\n\n<div class=\"m-block--container u-offset m-block--core--list-item\">\n<li>Art der Aufgabe (Routine vs. Innovation)<\/li>\n<\/div>\n\n<div class=\"m-block--container u-offset m-block--core--list-item\">\n<li>Zeitdruck und Risiko<\/li>\n<\/div>\n\n<div class=\"m-block--container u-offset m-block--core--list-item\">\n<li>Organisationskultur und -struktur<\/li>\n<\/div>\n\n<div class=\"m-block--container u-offset m-block--core--list-item\">\n<li>Markt- und Wettbewerbsumfeld<\/li>\n<\/div><\/ul>\n<\/div><div class=\"m-block--container u-offset m-block--core--paragraph\">\n<p>Die X-Y-Theorie blendet diese Variablen weitgehend aus. Sie suggeriert, dass ein \u201eY-orientierter F\u00fchrungsstil\u201c per se moderner oder richtiger sei.<\/p>\n<\/div><div class=\"m-block--container u-offset m-block--core--paragraph\">\n<p>In der Praxis gilt jedoch:<\/p>\n<\/div><div class=\"m-block--container u-offset m-block--core--list\">\n<ul class=\"wp-block-list\"><div class=\"m-block--container u-offset m-block--core--list-item\">\n<li><strong class=\"\">Nicht jede Situation<\/strong> erlaubt hohe Autonomie und Selbstbestimmung.<\/li>\n<\/div>\n\n<div class=\"m-block--container u-offset m-block--core--list-item\">\n<li>In <strong class=\"\">Krisen, Notf\u00e4llen oder Hochrisiko-Szenarien<\/strong> sind klare Ansagen und engmaschiges Monitoring notwendig \u2013 unabh\u00e4ngig vom Menschenbild.<\/li>\n<\/div>\n\n<div class=\"m-block--container u-offset m-block--core--list-item\">\n<li>In stark regulierten Branchen (z.\u202fB. Finanzdienstleistung, Pharma, Luftfahrt) gibt es <strong class=\"\">harte externe Grenzen<\/strong> der Selbstbestimmung.<\/li>\n<\/div><\/ul>\n<\/div><div class=\"m-block--container u-offset m-block--core--paragraph\">\n<p><strong class=\"\">Grenze der Theorie:<\/strong><br class=\"\">Die X-Y-Theorie ist <strong class=\"\">kontextblind<\/strong>. Sie bietet keine Leitplanken, wann welche Form von F\u00fchrung geeignet ist.<\/p>\n<\/div><div class=\"m-block--container u-offset m-block--core--separator\">\n<hr class=\"wp-block-separator has-alpha-channel-opacity\"\/>\n<\/div><div class=\"m-block--container u-offset m-block--core--heading\">\n<h3 class=\"wp-block-heading\">5. Historische Verortung und begrenzte \u00dcbertragbarkeit<\/h3>\n<\/div><div class=\"m-block--container u-offset m-block--core--paragraph\">\n<p>McGregor entwickelte seine Theorie in den 1950er\/1960er-Jahren \u2013 in einem Umfeld, das stark von:<\/p>\n<\/div><div class=\"m-block--container u-offset m-block--core--list\">\n<ul class=\"wp-block-list\"><div class=\"m-block--container u-offset m-block--core--list-item\">\n<li>industrieller Massenfertigung<\/li>\n<\/div>\n\n<div class=\"m-block--container u-offset m-block--core--list-item\">\n<li>tayloristischen Organisationsstrukturen<\/li>\n<\/div>\n\n<div class=\"m-block--container u-offset m-block--core--list-item\">\n<li>klaren Hierarchien<\/li>\n<\/div><\/ul>\n<\/div><div class=\"m-block--container u-offset m-block--core--paragraph\">\n<p>gepr\u00e4gt war.<\/p>\n<\/div><div class=\"m-block--container u-offset m-block--core--paragraph\">\n<p>Seitdem haben sich:<\/p>\n<\/div><div class=\"m-block--container u-offset m-block--core--list\">\n<ul class=\"wp-block-list\"><div class=\"m-block--container u-offset m-block--core--list-item\">\n<li>Arbeitsformen (Wissensarbeit, Remote Work, agile Teams)<\/li>\n<\/div>\n\n<div class=\"m-block--container u-offset m-block--core--list-item\">\n<li>Organisationsstrukturen (Netzwerke, Holacracy-Experimente, Matrixorganisationen)<\/li>\n<\/div>\n\n<div class=\"m-block--container u-offset m-block--core--list-item\">\n<li>Anspr\u00fcche von Besch\u00e4ftigten (Sinn, Purpose, Work-Life-Integration)<\/li>\n<\/div><\/ul>\n<\/div><div class=\"m-block--container u-offset m-block--core--paragraph\">\n<p>deutlich ver\u00e4ndert.<\/p>\n<\/div><div class=\"m-block--container u-offset m-block--core--paragraph\">\n<p><strong class=\"\">Kritische Punkte:<\/strong><\/p>\n<\/div><div class=\"m-block--container u-offset m-block--core--list\">\n<ul class=\"wp-block-list\"><div class=\"m-block--container u-offset m-block--core--list-item\">\n<li>Die Theorie <strong class=\"\">reflektiert nicht<\/strong> die Komplexit\u00e4t moderner \u201ehybrider\u201c Arbeitswelten.<\/li>\n<\/div>\n\n<div class=\"m-block--container u-offset m-block--core--list-item\">\n<li>Sie ist stark <strong class=\"\">arbeitgeberzentriert<\/strong>: Es geht darum, wie F\u00fchrungskr\u00e4fte auf Mitarbeitende blicken \u2013 weniger darum, wie Organisation und Arbeitssystem gestaltet werden m\u00fcssen.<\/li>\n<\/div>\n\n<div class=\"m-block--container u-offset m-block--core--list-item\">\n<li>Themen wie <strong class=\"\">Selbstorganisation, crossfunktionale Teams, Peer-F\u00fchrung<\/strong> oder <strong class=\"\">laterale F\u00fchrung<\/strong> kommen nicht vor.<\/li>\n<\/div><\/ul>\n<\/div><div class=\"m-block--container u-offset m-block--core--paragraph\">\n<p>Damit bleibt die X-Y-Theorie aus heutiger Sicht ein <strong class=\"\">historisch wichtiges, aber unvollst\u00e4ndiges Puzzleteil<\/strong>.<\/p>\n<\/div><div class=\"m-block--container u-offset m-block--core--separator\">\n<hr class=\"wp-block-separator has-alpha-channel-opacity\"\/>\n<\/div><div class=\"m-block--container u-offset m-block--core--heading\">\n<h3 class=\"wp-block-heading\">6. Kulturelle und individuelle Unterschiede bleiben unterbelichtet<\/h3>\n<\/div><div class=\"m-block--container u-offset m-block--core--paragraph\">\n<p>Ein weiterer Kritikpunkt betrifft <strong class=\"\">kulturelle und individuelle Vielfalt<\/strong>:<\/p>\n<\/div><div class=\"m-block--container u-offset m-block--core--list\">\n<ul class=\"wp-block-list\"><div class=\"m-block--container u-offset m-block--core--list-item\">\n<li>Die Theorie wurde in einem <strong class=\"\">US-amerikanischen Kontext<\/strong> entwickelt.<\/li>\n<\/div>\n\n<div class=\"m-block--container u-offset m-block--core--list-item\">\n<li>Unterschiede in <strong class=\"\">nationalen Kulturen<\/strong> (z.\u202fB. Machtdistanz, Kollektivismus vs. Individualismus) werden nicht ber\u00fccksichtigt.<\/li>\n<\/div>\n\n<div class=\"m-block--container u-offset m-block--core--list-item\">\n<li>Auch <strong class=\"\">Pers\u00f6nlichkeitsunterschiede<\/strong> (z.\u202fB. Big Five, Motive, Lebensphasen) bleiben au\u00dfen vor.<\/li>\n<\/div><\/ul>\n<\/div><div class=\"m-block--container u-offset m-block--core--paragraph\">\n<p>In der Praxis zeigt sich:<\/p>\n<\/div><div class=\"m-block--container u-offset m-block--core--list\">\n<ul class=\"wp-block-list\"><div class=\"m-block--container u-offset m-block--core--list-item\">\n<li>Was in einer <strong class=\"\">skandinavischen, partizipativen Kultur<\/strong> als selbstverst\u00e4ndlich gilt, kann in stark hierarchischen Kulturen auf Widerstand sto\u00dfen \u2013 bei Mitarbeitenden wie F\u00fchrungskr\u00e4ften.<\/li>\n<\/div>\n\n<div class=\"m-block--container u-offset m-block--core--list-item\">\n<li>Einige Mitarbeitende w\u00fcnschen sich ausdr\u00fccklich:<div class=\"m-block--container u-offset m-block--core--list\">\n<ul class=\"wp-block-list\"><div class=\"m-block--container u-offset m-block--core--list-item\">\n<li>klare Strukturen<\/li>\n<\/div>\n\n<div class=\"m-block--container u-offset m-block--core--list-item\">\n<li>enge Begleitung<\/li>\n<\/div>\n\n<div class=\"m-block--container u-offset m-block--core--list-item\">\n<li>h\u00e4ufiges Feedback und Orientierung<\/li>\n<\/div><\/ul>\n<\/div><\/li>\n<\/div><\/ul>\n<\/div><div class=\"m-block--container u-offset m-block--core--paragraph\">\n<p>Die X-Y-Theorie verf\u00fchrt dazu, solche Bed\u00fcrfnisse vorschnell als \u201eX-orientiert\u201c abzuwerten \u2013 statt sie als <strong class=\"\">legitime Pr\u00e4ferenzen<\/strong> zu verstehen.<\/p>\n<\/div><div class=\"m-block--container u-offset m-block--core--separator\">\n<hr class=\"wp-block-separator has-alpha-channel-opacity\"\/>\n<\/div><div class=\"m-block--container u-offset m-block--core--heading\">\n<h3 class=\"wp-block-heading\">7. Risiko der Moralisierung: Y = gut, X = schlecht<\/h3>\n<\/div><div class=\"m-block--container u-offset m-block--core--paragraph\">\n<p>Ein praktisches Problem, das man in vielen Organisationen beobachten kann:<br class=\"\">Aus der X-Y-Theorie wird schnell ein <strong class=\"\">moralischer Ma\u00dfstab<\/strong>:<\/p>\n<\/div><div class=\"m-block--container u-offset m-block--core--list\">\n<ul class=\"wp-block-list\"><div class=\"m-block--container u-offset m-block--core--list-item\">\n<li>Theorie Y = modern, menschenzentriert, \u201egut\u201c<\/li>\n<\/div>\n\n<div class=\"m-block--container u-offset m-block--core--list-item\">\n<li>Theorie X = altmodisch, autorit\u00e4r, \u201eschlecht\u201c<\/li>\n<\/div><\/ul>\n<\/div><div class=\"m-block--container u-offset m-block--core--paragraph\">\n<p>Konsequenzen in der Praxis:<\/p>\n<\/div><div class=\"m-block--container u-offset m-block--core--list\">\n<ul class=\"wp-block-list\"><div class=\"m-block--container u-offset m-block--core--list-item\">\n<li>F\u00fchrungskr\u00e4fte geben nach au\u00dfen Y-orientierte Statements ab (\u201eWir vertrauen unseren Mitarbeitenden\u201c), agieren im Alltag aber X-orientiert \u2013 etwa durch Mikromanagement oder Misstrauenskultur.<\/li>\n<\/div>\n\n<div class=\"m-block--container u-offset m-block--core--list-item\">\n<li>Erforderliche Kontrollen (z.\u202fB. Vier-Augen-Prinzip, Segregation of Duties) werden widerwillig umgesetzt, da sie vermeintlich \u201egegen Theorie Y\u201c versto\u00dfen.<\/li>\n<\/div>\n\n<div class=\"m-block--container u-offset m-block--core--list-item\">\n<li>Kritische R\u00fcckmeldungen an Mitarbeitende werden gemieden, um nicht \u201eX-m\u00e4\u00dfig\u201c zu wirken \u2013 mit sp\u00fcrbaren Folgen f\u00fcr Leistung und Klarheit.<\/li>\n<\/div><\/ul>\n<\/div><div class=\"m-block--container u-offset m-block--core--paragraph\">\n<p><strong class=\"\">Kurz gesagt:<\/strong><br class=\"\">Die X-Y-Theorie wird h\u00e4ufig <strong class=\"\">normativ \u00fcberh\u00f6ht<\/strong>, anstatt sie als analytisches Werkzeug zu nutzen.<\/p>\n<\/div><div class=\"m-block--container u-offset m-block--core--separator\">\n<hr class=\"wp-block-separator has-alpha-channel-opacity\"\/>\n<\/div><div class=\"m-block--container u-offset m-block--core--heading\">\n<h2 class=\"wp-block-heading\">Konkrete Grenzen der X-Y-Theorie in der F\u00fchrungspraxis<\/h2>\n<\/div><div class=\"m-block--container u-offset m-block--core--paragraph\">\n<p>Auf Basis der genannten Kritikpunkte lassen sich mehrere <strong class=\"\">klare Grenzen<\/strong> f\u00fcr den Praxiseinsatz ableiten.<\/p>\n<\/div><div class=\"m-block--container u-offset m-block--core--heading\">\n<h3 class=\"wp-block-heading\">1. Begrenzte Tauglichkeit als alleinige F\u00fchrungsgrundlage<\/h3>\n<\/div><div class=\"m-block--container u-offset m-block--core--paragraph\">\n<p>Die X-Y-Theorie eignet sich:<\/p>\n<\/div><div class=\"m-block--container u-offset m-block--core--list\">\n<ul class=\"wp-block-list\"><div class=\"m-block--container u-offset m-block--core--list-item\">\n<li>als <strong class=\"\">Startpunkt<\/strong> zur Selbstreflexion<\/li>\n<\/div>\n\n<div class=\"m-block--container u-offset m-block--core--list-item\">\n<li>als <strong class=\"\">Diskussionsansto\u00df<\/strong> in Trainings und Workshops<\/li>\n<\/div><\/ul>\n<\/div><div class=\"m-block--container u-offset m-block--core--paragraph\">\n<p>Sie eignet sich <strong class=\"\">nicht<\/strong>:<\/p>\n<\/div><div class=\"m-block--container u-offset m-block--core--list\">\n<ul class=\"wp-block-list\"><div class=\"m-block--container u-offset m-block--core--list-item\">\n<li>als alleinige Grundlage f\u00fcr F\u00fchrungsleitlinien<\/li>\n<\/div>\n\n<div class=\"m-block--container u-offset m-block--core--list-item\">\n<li>als vollst\u00e4ndiges Erkl\u00e4rungsmodell f\u00fcr Motivation und Verhalten<\/li>\n<\/div>\n\n<div class=\"m-block--container u-offset m-block--core--list-item\">\n<li>als Blaupause f\u00fcr die Gestaltung komplexer Organisationen<\/li>\n<\/div><\/ul>\n<\/div><div class=\"m-block--container u-offset m-block--core--paragraph\">\n<p>F\u00fchrungskonzepte ben\u00f6tigen heute <strong class=\"\">mehrdimensionalere Modelle<\/strong>:<\/p>\n<\/div><div class=\"m-block--container u-offset m-block--core--list\">\n<ul class=\"wp-block-list\"><div class=\"m-block--container u-offset m-block--core--list-item\">\n<li>Situatives F\u00fchren<\/li>\n<\/div>\n\n<div class=\"m-block--container u-offset m-block--core--list-item\">\n<li>Transformational und transaktional F\u00fchren<\/li>\n<\/div>\n\n<div class=\"m-block--container u-offset m-block--core--list-item\">\n<li>Psychologische Sicherheit<\/li>\n<\/div>\n\n<div class=\"m-block--container u-offset m-block--core--list-item\">\n<li>Job-Design, Autonomiegrade, Feedback- und Lernkultur<\/li>\n<\/div><\/ul>\n<\/div><div class=\"m-block--container u-offset m-block--core--separator\">\n<hr class=\"wp-block-separator has-alpha-channel-opacity\"\/>\n<\/div><div class=\"m-block--container u-offset m-block--core--heading\">\n<h3 class=\"wp-block-heading\">2. Keine Antwort auf systemische Fragen<\/h3>\n<\/div><div class=\"m-block--container u-offset m-block--core--paragraph\">\n<p>Die X-Y-Theorie fokussiert stark auf das <strong class=\"\">Menschenbild einzelner F\u00fchrungskr\u00e4fte<\/strong>. Sie gibt jedoch keine Antworten auf zentrale systemische Fragen:<\/p>\n<\/div><div class=\"m-block--container u-offset m-block--core--list\">\n<ul class=\"wp-block-list\"><div class=\"m-block--container u-offset m-block--core--list-item\">\n<li>Wie m\u00fcssen <strong class=\"\">Strukturen<\/strong> gestaltet sein, damit Verantwortung wirklich \u00fcbernommen werden kann?<\/li>\n<\/div>\n\n<div class=\"m-block--container u-offset m-block--core--list-item\">\n<li>Welche <strong class=\"\">Prozesse und Systeme<\/strong> (Zielsetzung, Verg\u00fctung, Performance Management) unterst\u00fctzen ein Y-orientiertes Menschenbild \u2013 und welche konterkarieren es?<\/li>\n<\/div>\n\n<div class=\"m-block--container u-offset m-block--core--list-item\">\n<li>Wie gehen wir mit <strong class=\"\">Ambiguit\u00e4ten<\/strong> um: Vertrauen vs. Kontrolle, Offenheit vs. Datenschutz, Agilit\u00e4t vs. Regulierung?<\/li>\n<\/div><\/ul>\n<\/div><div class=\"m-block--container u-offset m-block--core--paragraph\">\n<p>Kurz:<br class=\"\">Die Theorie ist hilfreich auf der <strong class=\"\">individuellen Ebene<\/strong>, greift aber auf der <strong class=\"\">Organisationsebene<\/strong> zu kurz.<\/p>\n<\/div><div class=\"m-block--container u-offset m-block--core--separator\">\n<hr class=\"wp-block-separator has-alpha-channel-opacity\"\/>\n<\/div><div class=\"m-block--container u-offset m-block--core--heading\">\n<h3 class=\"wp-block-heading\">3. Unzureichende Ber\u00fccksichtigung von Leistungsanforderungen<\/h3>\n<\/div><div class=\"m-block--container u-offset m-block--core--paragraph\">\n<p>Ein weiterer Praxispunkt: Die X-Y-Theorie sagt <strong class=\"\">wenig bis nichts<\/strong> dazu, wie man Leistung systematisch sicherstellt.<\/p>\n<\/div><div class=\"m-block--container u-offset m-block--core--paragraph\">\n<p>Fragen bleiben offen:<\/p>\n<\/div><div class=\"m-block--container u-offset m-block--core--list\">\n<ul class=\"wp-block-list\"><div class=\"m-block--container u-offset m-block--core--list-item\">\n<li>Wie gehen wir mit <strong class=\"\">Low Performern<\/strong> um, die trotz guter Rahmenbedingungen dauerhaft unter Erwartung bleiben?<\/li>\n<\/div>\n\n<div class=\"m-block--container u-offset m-block--core--list-item\">\n<li>Wo ist die Grenze zwischen \u201eUnterst\u00fctzung\u201c und \u201e\u00dcberforderung des Systems\u201c?<\/li>\n<\/div>\n\n<div class=\"m-block--container u-offset m-block--core--list-item\">\n<li>Wie verbinden wir <strong class=\"\">Empowerment<\/strong> mit <strong class=\"\">klaren Standards und Konsequenzen<\/strong>?<\/li>\n<\/div><\/ul>\n<\/div><div class=\"m-block--container u-offset m-block--core--paragraph\">\n<p>Ohne erg\u00e4nzende Konzepte besteht die Gefahr, dass Organisationen in ein:<\/p>\n<\/div><div class=\"m-block--container u-offset m-block--core--list\">\n<ul class=\"wp-block-list\"><div class=\"m-block--container u-offset m-block--core--list-item\">\n<li><strong class=\"\">\u00fcberidealisiertes Theorie-Y-Verst\u00e4ndnis<\/strong> abrutschen (\u201eAlle wollen und k\u00f6nnen, wir m\u00fcssen nur loslassen\u201c)<\/li>\n<\/div>\n\n<div class=\"m-block--container u-offset m-block--core--list-item\">\n<li>und zentrale Themen wie Leistung, Ergebnisorientierung und Verantwortlichkeit vernachl\u00e4ssigen<\/li>\n<\/div><\/ul>\n<\/div><div class=\"m-block--container u-offset m-block--core--separator\">\n<hr class=\"wp-block-separator has-alpha-channel-opacity\"\/>\n<\/div><div class=\"m-block--container u-offset m-block--core--heading\">\n<h3 class=\"wp-block-heading\">4. Unsch\u00e4rfen bei der Verantwortungszuschreibung<\/h3>\n<\/div><div class=\"m-block--container u-offset m-block--core--paragraph\">\n<p>Die X-Y-Theorie legt nahe, dass das <strong class=\"\">Menschenbild der F\u00fchrungskraft<\/strong> entscheidend ist. In der Realit\u00e4t ist es komplexer:<\/p>\n<\/div><div class=\"m-block--container u-offset m-block--core--list\">\n<ul class=\"wp-block-list\"><div class=\"m-block--container u-offset m-block--core--list-item\">\n<li>Mitarbeitende bringen ihre <strong class=\"\">eigene Biografie, Motivation, Werte<\/strong> mit.<\/li>\n<\/div>\n\n<div class=\"m-block--container u-offset m-block--core--list-item\">\n<li>Organisationen bieten <strong class=\"\">unterschiedliche Rahmenbedingungen<\/strong> (Sinn, Ressourcen, Fairness).<\/li>\n<\/div>\n\n<div class=\"m-block--container u-offset m-block--core--list-item\">\n<li>M\u00e4rkte und Umfelder setzen <strong class=\"\">harte externe Grenzen<\/strong>.<\/li>\n<\/div><\/ul>\n<\/div><div class=\"m-block--container u-offset m-block--core--paragraph\">\n<p>Die Gefahr:<br class=\"\">Organisationen nutzen die X-Y-Theorie, um Verantwortung einseitig auf F\u00fchrungskr\u00e4fte zu schieben (\u201eDu musst nur Y-orientiert sein, dann l\u00e4uft das schon\u201c), ohne <strong class=\"\">Strukturen, Strukturen und Systeme<\/strong> anzupassen.<\/p>\n<\/div><div class=\"m-block--container u-offset m-block--core--separator\">\n<hr class=\"wp-block-separator has-alpha-channel-opacity\"\/>\n<\/div><div class=\"m-block--container u-offset m-block--core--heading\">\n<h2 class=\"wp-block-heading\">Wie l\u00e4sst sich die X-Y-Theorie heute sinnvoll nutzen?<\/h2>\n<\/div><div class=\"m-block--container u-offset m-block--core--paragraph\">\n<p>Trotz aller Kritik ist die X-Y-Theorie keineswegs \u201eobsolet\u201c. Sie bleibt ein n\u00fctzliches <strong class=\"\">Reflexionsinstrument<\/strong>, wenn man ihre Grenzen kennt und kompensiert.<\/p>\n<\/div><div class=\"m-block--container u-offset m-block--core--heading\">\n<h3 class=\"wp-block-heading\">1. Als Spiegel f\u00fcr das eigene F\u00fchrungsverst\u00e4ndnis<\/h3>\n<\/div><div class=\"m-block--container u-offset m-block--core--paragraph\">\n<p>N\u00fctzliche Reflexionsfragen f\u00fcr F\u00fchrungskr\u00e4fte und Projektleiter:<\/p>\n<\/div><div class=\"m-block--container u-offset m-block--core--list\">\n<ul class=\"wp-block-list\"><div class=\"m-block--container u-offset m-block--core--list-item\">\n<li>Welche impliziten Annahmen habe ich \u00fcber Mitarbeitende in meinem Team?<\/li>\n<\/div>\n\n<div class=\"m-block--container u-offset m-block--core--list-item\">\n<li>Wo agiere ich (ungewollt) eher nach Theorie X?<\/li>\n<\/div>\n\n<div class=\"m-block--container u-offset m-block--core--list-item\">\n<li>Wo \u00fcberziehe ich vielleicht Theorie Y und verzichte auf notwendige Klarheit und Kontrolle?<\/li>\n<\/div>\n\n<div class=\"m-block--container u-offset m-block--core--list-item\">\n<li>Welche Erfahrungen haben mein Menschenbild gepr\u00e4gt \u2013 und sind diese Erfahrungen wirklich noch relevant?<\/li>\n<\/div><\/ul>\n<\/div><div class=\"m-block--container u-offset m-block--core--paragraph\">\n<p>Diese Fragen lassen sich gut in:<\/p>\n<\/div><div class=\"m-block--container u-offset m-block--core--list\">\n<ul class=\"wp-block-list\"><div class=\"m-block--container u-offset m-block--core--list-item\">\n<li>F\u00fchrungskr\u00e4fte-Workshops<\/li>\n<\/div>\n\n<div class=\"m-block--container u-offset m-block--core--list-item\">\n<li>Projekt-Kick-offs<\/li>\n<\/div>\n\n<div class=\"m-block--container u-offset m-block--core--list-item\">\n<li>Retrospektiven in agilen Teams<\/li>\n<\/div><\/ul>\n<\/div><div class=\"m-block--container u-offset m-block--core--paragraph\">\n<p>integrieren.<\/p>\n<\/div><div class=\"m-block--container u-offset m-block--core--separator\">\n<hr class=\"wp-block-separator has-alpha-channel-opacity\"\/>\n<\/div><div class=\"m-block--container u-offset m-block--core--heading\">\n<h3 class=\"wp-block-heading\">2. In Kombination mit situativen und systemischen Modellen<\/h3>\n<\/div><div class=\"m-block--container u-offset m-block--core--paragraph\">\n<p>Die X-Y-Theorie entfaltet ihren Nutzen vor allem in <strong class=\"\">Kombination mit anderen Ans\u00e4tzen<\/strong>.<\/p>\n<\/div><div class=\"m-block--container u-offset m-block--core--paragraph\">\n<p>Beispiele:<\/p>\n<\/div><div class=\"m-block--container u-offset m-block--core--list\">\n<ul class=\"wp-block-list\"><div class=\"m-block--container u-offset m-block--core--list-item\">\n<li>Zusammen mit <strong class=\"\">situativem F\u00fchren<\/strong>:<div class=\"m-block--container u-offset m-block--core--list\">\n<ul class=\"wp-block-list\"><div class=\"m-block--container u-offset m-block--core--list-item\">\n<li>Menschenbild (X\/Y) = Grundhaltung<\/li>\n<\/div>\n\n<div class=\"m-block--container u-offset m-block--core--list-item\">\n<li>Situatives F\u00fchren = konkrete Ableitung von F\u00fchrungsverhalten je nach Reifegrad und Situation<\/li>\n<\/div><\/ul>\n<\/div><\/li>\n<\/div>\n\n<div class=\"m-block--container u-offset m-block--core--list-item\">\n<li>Zusammen mit <strong class=\"\">Organisationsdesign<\/strong>:<div class=\"m-block--container u-offset m-block--core--list\">\n<ul class=\"wp-block-list\"><div class=\"m-block--container u-offset m-block--core--list-item\">\n<li>Menschenbild = Leitplanke f\u00fcr gew\u00fcnschte Kultur<\/li>\n<\/div>\n\n<div class=\"m-block--container u-offset m-block--core--list-item\">\n<li>Strukturen\/Prozesse = \u00dcbersetzung in Rollen, Entscheidungsrechte, Meetingformate, KPIs<\/li>\n<\/div><\/ul>\n<\/div><\/li>\n<\/div>\n\n<div class=\"m-block--container u-offset m-block--core--list-item\">\n<li>Zusammen mit <strong class=\"\">Motivationsmodellen<\/strong> (z.\u202fB. Selbstbestimmungstheorie, Job-Characteristics-Model):<div class=\"m-block--container u-offset m-block--core--list\">\n<ul class=\"wp-block-list\"><div class=\"m-block--container u-offset m-block--core--list-item\">\n<li>X\/Y = grobe Rahmung<\/li>\n<\/div>\n\n<div class=\"m-block--container u-offset m-block--core--list-item\">\n<li>Motivationsmodelle = konkrete Hebel wie Autonomie, Kompetenz, Verbundenheit, Feedback<\/li>\n<\/div><\/ul>\n<\/div><\/li>\n<\/div><\/ul>\n<\/div><div class=\"m-block--container u-offset m-block--core--paragraph\">\n<p>Damit wird aus einem <strong class=\"\">historischen Modell<\/strong> ein <strong class=\"\">praktisches Baustein<\/strong> im modernen F\u00fchrungsinstrumentarium.<\/p>\n<\/div><div class=\"m-block--container u-offset m-block--core--separator\">\n<hr class=\"wp-block-separator has-alpha-channel-opacity\"\/>\n<\/div><div class=\"m-block--container u-offset m-block--core--heading\">\n<h3 class=\"wp-block-heading\">3. Als Fr\u00fchwarnsystem f\u00fcr destruktive Muster<\/h3>\n<\/div><div class=\"m-block--container u-offset m-block--core--paragraph\">\n<p>Richtig eingesetzt, kann die X-Y-Theorie helfen, destruktive Muster fr\u00fch zu erkennen:<\/p>\n<\/div><div class=\"m-block--container u-offset m-block--core--list\">\n<ul class=\"wp-block-list\"><div class=\"m-block--container u-offset m-block--core--list-item\">\n<li><strong class=\"\">Anzeichen f\u00fcr ein X-dominiertes Umfeld<\/strong>:<div class=\"m-block--container u-offset m-block--core--list\">\n<ul class=\"wp-block-list\"><div class=\"m-block--container u-offset m-block--core--list-item\">\n<li>Starke Kontrolle, Reporting-Exzesse<\/li>\n<\/div>\n\n<div class=\"m-block--container u-offset m-block--core--list-item\">\n<li>Geringe Fehler- und Lernkultur<\/li>\n<\/div>\n\n<div class=\"m-block--container u-offset m-block--core--list-item\">\n<li>Hohe Fluktuation bei Leistungstr\u00e4gern<\/li>\n<\/div>\n\n<div class=\"m-block--container u-offset m-block--core--list-item\">\n<li>\u201eDienst nach Vorschrift\u201c als Normalzustand<\/li>\n<\/div><\/ul>\n<\/div><\/li>\n<\/div>\n\n<div class=\"m-block--container u-offset m-block--core--list-item\">\n<li><strong class=\"\">Typische Fehlentwicklungen bei \u00fcberzogenem Y-Verst\u00e4ndnis<\/strong>:<div class=\"m-block--container u-offset m-block--core--list\">\n<ul class=\"wp-block-list\"><div class=\"m-block--container u-offset m-block--core--list-item\">\n<li>Unklare Verantwortlichkeiten (\u201eirgendwie sind alle zust\u00e4ndig\u201c)<\/li>\n<\/div>\n\n<div class=\"m-block--container u-offset m-block--core--list-item\">\n<li>Projekte ohne klare Priorisierung und Entscheidung<\/li>\n<\/div>\n\n<div class=\"m-block--container u-offset m-block--core--list-item\">\n<li>Konfliktscheue F\u00fchrung (\u201eWir wollen harmonisch bleiben\u201c)<\/li>\n<\/div>\n\n<div class=\"m-block--container u-offset m-block--core--list-item\">\n<li>Toleranz von dauerhafter Minderleistung<\/li>\n<\/div><\/ul>\n<\/div><\/li>\n<\/div><\/ul>\n<\/div><div class=\"m-block--container u-offset m-block--core--paragraph\">\n<p>In beiden F\u00e4llen kann das bewusste Arbeiten mit X\/Y helfen, <strong class=\"\">gezielt gegenzusteuern<\/strong>.<\/p>\n<\/div><div class=\"m-block--container u-offset m-block--core--separator\">\n<hr class=\"wp-block-separator has-alpha-channel-opacity\"\/>\n<\/div><div class=\"m-block--container u-offset m-block--core--heading\">\n<h2 class=\"wp-block-heading\">Praxisbeispiele: Wo st\u00f6\u00dft die X-Y-Theorie konkret an Grenzen?<\/h2>\n<\/div><div class=\"m-block--container u-offset m-block--core--paragraph\">\n<p>Um die Kritik greifbarer zu machen, zwei typische Szenarien aus der Praxis.<\/p>\n<\/div><div class=\"m-block--container u-offset m-block--core--heading\">\n<h3 class=\"wp-block-heading\">Beispiel 1: Agiles Projekt in einer stark regulierten Branche<\/h3>\n<\/div><div class=\"m-block--container u-offset m-block--core--paragraph\">\n<p>Ein Unternehmen in der Finanzbranche m\u00f6chte ein Kernsystem agil weiterentwickeln.<br class=\"\">Das Management bekennt sich klar zu Theorie Y und \u201eVertrauen in die Teams\u201c.<\/p>\n<\/div><div class=\"m-block--container u-offset m-block--core--paragraph\">\n<p>Grenzen der X-Y-Theorie in diesem Fall:<\/p>\n<\/div><div class=\"m-block--container u-offset m-block--core--list\">\n<ul class=\"wp-block-list\"><div class=\"m-block--container u-offset m-block--core--list-item\">\n<li>Externe Regulatorik verlangt strenge Dokumentation, Freigaben und Pr\u00fcfschritte.<\/li>\n<\/div>\n\n<div class=\"m-block--container u-offset m-block--core--list-item\">\n<li>Die Teams empfinden die geforderten Kontrollen teilweise als \u201eMisstrauen\u201c, obwohl sie regulatorisch zwingend sind.<\/li>\n<\/div>\n\n<div class=\"m-block--container u-offset m-block--core--list-item\">\n<li>F\u00fchrungskr\u00e4fte geraten in einen vermeintlichen Widerspruch zwischen Menschenbild (Y) und Governance-Anforderungen.<\/li>\n<\/div><\/ul>\n<\/div><div class=\"m-block--container u-offset m-block--core--paragraph\">\n<p>L\u00f6sung, die \u00fcber X\/Y hinausgeht:<\/p>\n<\/div><div class=\"m-block--container u-offset m-block--core--list\">\n<ul class=\"wp-block-list\"><div class=\"m-block--container u-offset m-block--core--list-item\">\n<li>Klare Unterscheidung zwischen <strong class=\"\">Vertrauen in Menschen<\/strong> und <strong class=\"\">Pflichten aus Regulatorik<\/strong><\/li>\n<\/div>\n\n<div class=\"m-block--container u-offset m-block--core--list-item\">\n<li>Transparente Kommunikation, warum bestimmte Kontrollen <strong class=\"\">nicht verhandelbar<\/strong> sind<\/li>\n<\/div>\n\n<div class=\"m-block--container u-offset m-block--core--list-item\">\n<li>Gestaltung von Prozessen, die Kontrolle und Effizienz verbinden<\/li>\n<\/div><\/ul>\n<\/div><div class=\"m-block--container u-offset m-block--core--paragraph\">\n<p>Hier reicht die X-Y-Theorie alleine nicht aus, um das Spannungsfeld sauber aufzul\u00f6sen.<\/p>\n<\/div><div class=\"m-block--container u-offset m-block--core--separator\">\n<hr class=\"wp-block-separator has-alpha-channel-opacity\"\/>\n<\/div><div class=\"m-block--container u-offset m-block--core--heading\">\n<h3 class=\"wp-block-heading\">Beispiel 2: Hochperformantes Team mit wachsender \u00dcberlastung<\/h3>\n<\/div><div class=\"m-block--container u-offset m-block--core--paragraph\">\n<p>Ein Technologieunternehmen hat ein sehr motiviertes, leistungsstarkes Team.<br class=\"\">F\u00fchrung orientiert sich stark an Theorie Y:<\/p>\n<\/div><div class=\"m-block--container u-offset m-block--core--list\">\n<ul class=\"wp-block-list\"><div class=\"m-block--container u-offset m-block--core--list-item\">\n<li>Hohe Autonomie<\/li>\n<\/div>\n\n<div class=\"m-block--container u-offset m-block--core--list-item\">\n<li>Breite Entscheidungsfreiheiten<\/li>\n<\/div>\n\n<div class=\"m-block--container u-offset m-block--core--list-item\">\n<li>Wenig formale Kontrolle<\/li>\n<\/div><\/ul>\n<\/div><div class=\"m-block--container u-offset m-block--core--paragraph\">\n<p>Probleme, die entstehen:<\/p>\n<\/div><div class=\"m-block--container u-offset m-block--core--list\">\n<ul class=\"wp-block-list\"><div class=\"m-block--container u-offset m-block--core--list-item\">\n<li>Aufgaben werden von einzelnen Leistungstr\u00e4gern \u201egezogen\u201c, bis sie \u00fcberlastet sind.<\/li>\n<\/div>\n\n<div class=\"m-block--container u-offset m-block--core--list-item\">\n<li>Es fehlt eine klare Priorisierung und Kapazit\u00e4tssteuerung.<\/li>\n<\/div>\n\n<div class=\"m-block--container u-offset m-block--core--list-item\">\n<li>Konflikte um Ressourcen werden informell und teils verdeckt ausgetragen.<\/li>\n<\/div><\/ul>\n<\/div><div class=\"m-block--container u-offset m-block--core--paragraph\">\n<p>Grenze der X-Y-Theorie:<\/p>\n<\/div><div class=\"m-block--container u-offset m-block--core--list\">\n<ul class=\"wp-block-list\"><div class=\"m-block--container u-offset m-block--core--list-item\">\n<li>Sie gibt keinerlei Hinweise auf <strong class=\"\">Workload-Management, Priorisierung und Portfolio-Steuerung<\/strong>.<\/li>\n<\/div>\n\n<div class=\"m-block--container u-offset m-block--core--list-item\">\n<li>Ein Y-orientiertes Menschenbild verhindert nicht automatisch \u00dcberlastung \u2013 im Gegenteil, engagierte Mitarbeitende neigen zu <strong class=\"\">Selbstausbeutung<\/strong>.<\/li>\n<\/div><\/ul>\n<\/div><div class=\"m-block--container u-offset m-block--core--paragraph\">\n<p>Hier braucht es erg\u00e4nzende Modelle zu:<\/p>\n<\/div><div class=\"m-block--container u-offset m-block--core--list\">\n<ul class=\"wp-block-list\"><div class=\"m-block--container u-offset m-block--core--list-item\">\n<li>Kapazit\u00e4tsmanagement<\/li>\n<\/div>\n\n<div class=\"m-block--container u-offset m-block--core--list-item\">\n<li>Governance in agilen Strukturen<\/li>\n<\/div>\n\n<div class=\"m-block--container u-offset m-block--core--list-item\">\n<li>Health &amp; Wellbeing<\/li>\n<\/div><\/ul>\n<\/div><div class=\"m-block--container u-offset m-block--core--separator\">\n<hr class=\"wp-block-separator has-alpha-channel-opacity\"\/>\n<\/div><div class=\"m-block--container u-offset m-block--core--heading\">\n<h2 class=\"wp-block-heading\">Fazit: Was sollten F\u00fchrungskr\u00e4fte aus der Kritik an der X-Y-Theorie mitnehmen?<\/h2>\n<\/div><div class=\"m-block--container u-offset m-block--core--paragraph\">\n<p>Zusammengefasst lassen sich die wichtigsten Erkenntnisse wie folgt strukturieren:<\/p>\n<\/div><div class=\"m-block--container u-offset m-block--core--paragraph\">\n<p><strong class=\"\">1. Die X-Y-Theorie ist ein n\u00fctzliches Reflexionsmodell \u2013 aber kein vollst\u00e4ndiges F\u00fchrungsmodell.<\/strong><br class=\"\">Sie hilft, das eigene Menschenbild zu kl\u00e4ren, ersetzt aber keine modernen, kontextsensiblen F\u00fchrungsans\u00e4tze.<\/p>\n<\/div><div class=\"m-block--container u-offset m-block--core--paragraph\">\n<p><strong class=\"\">2. Die gr\u00f6\u00dfte Gefahr liegt im Schwarz-Wei\u00df-Denken.<\/strong><br class=\"\">Menschen und Situationen sind selten eindeutig X oder Y. Effektive F\u00fchrung bewegt sich in Grauzonen und wechselt bewusst zwischen Vertrauen und Kontrolle.<\/p>\n<\/div><div class=\"m-block--container u-offset m-block--core--paragraph\">\n<p><strong class=\"\">3. Einseitige Anwendung kann sich selbst best\u00e4tigen.<\/strong><br class=\"\">Wer ausschlie\u00dflich X denkt, erzeugt X-Verhalten \u2013 wer Y-naiv agiert, riskiert Leistungs- und Steuerungsverluste. Reflexion und Feedback sind deshalb entscheidend.<\/p>\n<\/div><div class=\"m-block--container u-offset m-block--core--paragraph\">\n<p><strong class=\"\">4. Kontext ist entscheidend.<\/strong><br class=\"\">Regulierung, Risiko, Teamreife, Kultur, Marktumfeld \u2013 all das wird von der X-Y-Theorie kaum adressiert, ist aber in der Praxis zentral.<\/p>\n<\/div><div class=\"m-block--container u-offset m-block--core--paragraph\">\n<p><strong class=\"\">5. Die Theorie entfaltet ihren gr\u00f6\u00dften Nutzen im Zusammenspiel mit anderen Modellen.<\/strong><br class=\"\">Situatives F\u00fchren, Motivationsforschung, Organisationsdesign und Kulturarbeit sind sinnvolle Erg\u00e4nzungen, um aus einem historischen Konzept ein zeitgem\u00e4\u00dfes Werkzeug zu machen.<\/p>\n<\/div><div class=\"m-block--container u-offset m-block--core--separator\">\n<hr class=\"wp-block-separator has-alpha-channel-opacity\"\/>\n<\/div><div class=\"m-block--container u-offset m-block--core--heading\">\n<h2 class=\"wp-block-heading\">N\u00e4chste Schritte f\u00fcr Ihr Unternehmen<\/h2>\n<\/div><div class=\"m-block--container u-offset m-block--core--paragraph\">\n<p>Wenn Sie die X-Y-Theorie bewusst nutzen wollen, bieten sich insbesondere folgende Schritte an:<\/p>\n<\/div><div class=\"m-block--container u-offset m-block--core--list\">\n<ul class=\"wp-block-list\"><div class=\"m-block--container u-offset m-block--core--list-item\">\n<li><strong class=\"\">F\u00fchrungsleitbild sch\u00e4rfen<\/strong>:<br>Gemeinsame Workshops mit F\u00fchrungskr\u00e4ften, um explizit zu machen:<div class=\"m-block--container u-offset m-block--core--list\">\n<ul class=\"wp-block-list\"><div class=\"m-block--container u-offset m-block--core--list-item\">\n<li>Welches Menschenbild pr\u00e4gt uns heute?<\/li>\n<\/div>\n\n<div class=\"m-block--container u-offset m-block--core--list-item\">\n<li>Welches Menschenbild brauchen wir k\u00fcnftig?<\/li>\n<\/div><\/ul>\n<\/div><\/li>\n<\/div>\n\n<div class=\"m-block--container u-offset m-block--core--list-item\">\n<li><strong class=\"\">F\u00fchrungsverhalten \u00fcberpr\u00fcfen<\/strong>:<br>Abgleich von Leitbildern mit tats\u00e4chlichem Verhalten:<div class=\"m-block--container u-offset m-block--core--list\">\n<ul class=\"wp-block-list\"><div class=\"m-block--container u-offset m-block--core--list-item\">\n<li>Wie erlebt das Team F\u00fchrung wirklich?<\/li>\n<\/div>\n\n<div class=\"m-block--container u-offset m-block--core--list-item\">\n<li>Wo weichen Anspruch und Realit\u00e4t voneinander ab?<\/li>\n<\/div><\/ul>\n<\/div><\/li>\n<\/div>\n\n<div class=\"m-block--container u-offset m-block--core--list-item\">\n<li><strong class=\"\">Strukturen und Prozesse ausrichten<\/strong>:<br>Pr\u00fcfen, ob:<div class=\"m-block--container u-offset m-block--core--list\">\n<ul class=\"wp-block-list\"><div class=\"m-block--container u-offset m-block--core--list-item\">\n<li>Zielsysteme, Verg\u00fctung und Performance-Management<\/li>\n<\/div>\n\n<div class=\"m-block--container u-offset m-block--core--list-item\">\n<li>Rollen, Entscheidungsrechte und Governance-Strukturen<br>ein Y-orientiertes Menschenbild unterst\u00fctzen oder unterlaufen.<\/li>\n<\/div><\/ul>\n<\/div><\/li>\n<\/div>\n\n<div class=\"m-block--container u-offset m-block--core--list-item\">\n<li><strong class=\"\">Komplement\u00e4re Modelle etablieren<\/strong>:<br>X\/Y bewusst kombinieren mit:<div class=\"m-block--container u-offset m-block--core--list\">\n<ul class=\"wp-block-list\"><div class=\"m-block--container u-offset m-block--core--list-item\">\n<li>situativer F\u00fchrung<\/li>\n<\/div>\n\n<div class=\"m-block--container u-offset m-block--core--list-item\">\n<li>zeitgem\u00e4\u00dfen Motivations- und Kulturmodellen<\/li>\n<\/div>\n\n<div class=\"m-block--container u-offset m-block--core--list-item\">\n<li>klaren Standards f\u00fcr Leistung, Verantwortung und Zusammenarbeit<\/li>\n<\/div><\/ul>\n<\/div><\/li>\n<\/div><\/ul>\n<\/div><div class=\"m-block--container u-offset m-block--core--paragraph\">\n<p>Wenn Sie diese Fragen strukturiert angehen m\u00f6chten und Unterst\u00fctzung bei der \u00dcbersetzung von F\u00fchrungsverst\u00e4ndnis in konkrete Strukturen, Rollen und Praktiken ben\u00f6tigen, kann ein externer Blick von erfahrenen Beratern \u2013 etwa von der <strong><a href=\"https:\/\/de.linkedin.com\/company\/pcgpureconsultantgmbh\">PURE Consultant<\/a><\/strong> \u2013 helfen, blinde Flecken aufzudecken und tragf\u00e4hige L\u00f6sungen zu entwickeln.<\/p>\n<\/div>","protected":false},"excerpt":{"rendered":"<p>Kritik &amp; Grenzen der X-Y-Theorie &#8211; Die X-Y-Theorie von Douglas McGregor geh\u00f6rt zu den Klassikern der Managementlehre. Viele F\u00fchrungskr\u00e4fte kennen zumindest grob die Unterscheidung zwischen \u201eTheorie X\u201c (Menschen sind eher arbeitsunwillig) und \u201eTheorie Y\u201c (Menschen arbeiten gern und verantwortungsvoll). Doch wie tragf\u00e4hig ist dieses Modell in der Praxis moderner Organisationen? Wo liegen die Grenzen, und [&hellip;]<\/p>\n","protected":false},"author":6,"featured_media":0,"comment_status":"closed","ping_status":"closed","sticky":false,"template":"","format":"standard","meta":{"_acf_changed":false,"inline_featured_image":false,"footnotes":""},"categories":[57],"tags":[3155],"class_list":["post-28324","post","type-post","status-publish","format-standard","hentry","category-management","tag-kritik-grenzen-der-x-y-theorie"],"acf":[],"yoast_head":"<!-- This site is optimized with the Yoast SEO plugin v27.4 - https:\/\/yoast.com\/product\/yoast-seo-wordpress\/ -->\n<title>Kritik &amp; Grenzen der X-Y-Theorie - PURE Consultant<\/title>\n<meta name=\"description\" content=\"Entdecken Sie die Kritik &amp; Grenzen der X-Y-Theorie und optimieren Sie Ihre F\u00fchrungsstrategien. Lesen Sie jetzt weiter!\" \/>\n<meta name=\"robots\" content=\"index, follow, max-snippet:-1, max-image-preview:large, max-video-preview:-1\" \/>\n<link rel=\"canonical\" href=\"https:\/\/www.pureconsultant.de\/de\/management\/kritik-grenzen-der-x-y-theorie\/\" \/>\n<meta property=\"og:locale\" content=\"de_DE\" \/>\n<meta property=\"og:type\" content=\"article\" \/>\n<meta property=\"og:title\" content=\"Kritik &amp; Grenzen der X-Y-Theorie - PURE Consultant\" \/>\n<meta property=\"og:description\" content=\"Entdecken Sie die Kritik &amp; Grenzen der X-Y-Theorie und optimieren Sie Ihre F\u00fchrungsstrategien. Lesen Sie jetzt weiter!\" \/>\n<meta property=\"og:url\" content=\"https:\/\/www.pureconsultant.de\/de\/management\/kritik-grenzen-der-x-y-theorie\/\" \/>\n<meta property=\"og:site_name\" content=\"PURE Consultant\" \/>\n<meta property=\"article:published_time\" content=\"2026-03-12T13:29:56+00:00\" \/>\n<meta property=\"article:modified_time\" content=\"2026-03-12T13:30:11+00:00\" \/>\n<meta name=\"author\" content=\"Serhat K\u00fcpeli\" \/>\n<meta name=\"twitter:card\" content=\"summary_large_image\" \/>\n<meta name=\"twitter:label1\" content=\"Verfasst von\" \/>\n\t<meta name=\"twitter:data1\" content=\"Serhat K\u00fcpeli\" \/>\n\t<meta name=\"twitter:label2\" content=\"Gesch\u00e4tzte Lesezeit\" \/>\n\t<meta name=\"twitter:data2\" content=\"13\u00a0Minuten\" \/>\n<script type=\"application\/ld+json\" class=\"yoast-schema-graph\">{\"@context\":\"https:\\\/\\\/schema.org\",\"@graph\":[{\"@type\":\"Article\",\"@id\":\"https:\\\/\\\/www.pureconsultant.de\\\/de\\\/management\\\/kritik-grenzen-der-x-y-theorie\\\/#article\",\"isPartOf\":{\"@id\":\"https:\\\/\\\/www.pureconsultant.de\\\/de\\\/management\\\/kritik-grenzen-der-x-y-theorie\\\/\"},\"author\":{\"name\":\"Serhat K\u00fcpeli\",\"@id\":\"https:\\\/\\\/www.pureconsultant.de\\\/#\\\/schema\\\/person\\\/b879d2f247599ce3a636522dd8344e95\"},\"headline\":\"Kritik &amp; Grenzen der X-Y-Theorie\",\"datePublished\":\"2026-03-12T13:29:56+00:00\",\"dateModified\":\"2026-03-12T13:30:11+00:00\",\"mainEntityOfPage\":{\"@id\":\"https:\\\/\\\/www.pureconsultant.de\\\/de\\\/management\\\/kritik-grenzen-der-x-y-theorie\\\/\"},\"wordCount\":2410,\"image\":{\"@id\":\"https:\\\/\\\/www.pureconsultant.de\\\/de\\\/management\\\/kritik-grenzen-der-x-y-theorie\\\/#primaryimage\"},\"thumbnailUrl\":\"https:\\\/\\\/www.pureconsultant.de\\\/wp-content\\\/uploads\\\/visual-selection355.svg\",\"keywords\":[\"Kritik &amp; Grenzen der X-Y-Theorie\"],\"articleSection\":[\"Management\"],\"inLanguage\":\"de\"},{\"@type\":\"WebPage\",\"@id\":\"https:\\\/\\\/www.pureconsultant.de\\\/de\\\/management\\\/kritik-grenzen-der-x-y-theorie\\\/\",\"url\":\"https:\\\/\\\/www.pureconsultant.de\\\/de\\\/management\\\/kritik-grenzen-der-x-y-theorie\\\/\",\"name\":\"Kritik &amp; Grenzen der X-Y-Theorie - PURE Consultant\",\"isPartOf\":{\"@id\":\"https:\\\/\\\/www.pureconsultant.de\\\/#website\"},\"primaryImageOfPage\":{\"@id\":\"https:\\\/\\\/www.pureconsultant.de\\\/de\\\/management\\\/kritik-grenzen-der-x-y-theorie\\\/#primaryimage\"},\"image\":{\"@id\":\"https:\\\/\\\/www.pureconsultant.de\\\/de\\\/management\\\/kritik-grenzen-der-x-y-theorie\\\/#primaryimage\"},\"thumbnailUrl\":\"https:\\\/\\\/www.pureconsultant.de\\\/wp-content\\\/uploads\\\/visual-selection355.svg\",\"datePublished\":\"2026-03-12T13:29:56+00:00\",\"dateModified\":\"2026-03-12T13:30:11+00:00\",\"author\":{\"@id\":\"https:\\\/\\\/www.pureconsultant.de\\\/#\\\/schema\\\/person\\\/b879d2f247599ce3a636522dd8344e95\"},\"description\":\"Entdecken Sie die Kritik & Grenzen der X-Y-Theorie und optimieren Sie Ihre F\u00fchrungsstrategien. Lesen Sie jetzt weiter!\",\"breadcrumb\":{\"@id\":\"https:\\\/\\\/www.pureconsultant.de\\\/de\\\/management\\\/kritik-grenzen-der-x-y-theorie\\\/#breadcrumb\"},\"inLanguage\":\"de\",\"potentialAction\":[{\"@type\":\"ReadAction\",\"target\":[\"https:\\\/\\\/www.pureconsultant.de\\\/de\\\/management\\\/kritik-grenzen-der-x-y-theorie\\\/\"]}]},{\"@type\":\"ImageObject\",\"inLanguage\":\"de\",\"@id\":\"https:\\\/\\\/www.pureconsultant.de\\\/de\\\/management\\\/kritik-grenzen-der-x-y-theorie\\\/#primaryimage\",\"url\":\"https:\\\/\\\/www.pureconsultant.de\\\/wp-content\\\/uploads\\\/visual-selection355.svg\",\"contentUrl\":\"https:\\\/\\\/www.pureconsultant.de\\\/wp-content\\\/uploads\\\/visual-selection355.svg\"},{\"@type\":\"BreadcrumbList\",\"@id\":\"https:\\\/\\\/www.pureconsultant.de\\\/de\\\/management\\\/kritik-grenzen-der-x-y-theorie\\\/#breadcrumb\",\"itemListElement\":[{\"@type\":\"ListItem\",\"position\":1,\"name\":\"Startseite\",\"item\":\"https:\\\/\\\/www.pureconsultant.de\\\/de\\\/\"},{\"@type\":\"ListItem\",\"position\":2,\"name\":\"Kritik &amp; Grenzen der X-Y-Theorie\"}]},{\"@type\":\"WebSite\",\"@id\":\"https:\\\/\\\/www.pureconsultant.de\\\/#website\",\"url\":\"https:\\\/\\\/www.pureconsultant.de\\\/\",\"name\":\"PURE Consultant\",\"description\":\"Scrum, PMO, Projektmanagement &amp; Prozessmanagement aus K\u00f6ln\",\"potentialAction\":[{\"@type\":\"SearchAction\",\"target\":{\"@type\":\"EntryPoint\",\"urlTemplate\":\"https:\\\/\\\/www.pureconsultant.de\\\/?s={search_term_string}\"},\"query-input\":{\"@type\":\"PropertyValueSpecification\",\"valueRequired\":true,\"valueName\":\"search_term_string\"}}],\"inLanguage\":\"de\"},{\"@type\":\"Person\",\"@id\":\"https:\\\/\\\/www.pureconsultant.de\\\/#\\\/schema\\\/person\\\/b879d2f247599ce3a636522dd8344e95\",\"name\":\"Serhat K\u00fcpeli\",\"image\":{\"@type\":\"ImageObject\",\"inLanguage\":\"de\",\"@id\":\"https:\\\/\\\/secure.gravatar.com\\\/avatar\\\/0886d2e74e7dfa20a0d9157eed001ec6efc4a799c718c80d37ebd532ec3810f1?s=96&d=mm&r=g\",\"url\":\"https:\\\/\\\/secure.gravatar.com\\\/avatar\\\/0886d2e74e7dfa20a0d9157eed001ec6efc4a799c718c80d37ebd532ec3810f1?s=96&d=mm&r=g\",\"contentUrl\":\"https:\\\/\\\/secure.gravatar.com\\\/avatar\\\/0886d2e74e7dfa20a0d9157eed001ec6efc4a799c718c80d37ebd532ec3810f1?s=96&d=mm&r=g\",\"caption\":\"Serhat K\u00fcpeli\"}}]}<\/script>\n<!-- \/ Yoast SEO plugin. -->","yoast_head_json":{"title":"Kritik &amp; Grenzen der X-Y-Theorie - PURE Consultant","description":"Entdecken Sie die Kritik & Grenzen der X-Y-Theorie und optimieren Sie Ihre F\u00fchrungsstrategien. Lesen Sie jetzt weiter!","robots":{"index":"index","follow":"follow","max-snippet":"max-snippet:-1","max-image-preview":"max-image-preview:large","max-video-preview":"max-video-preview:-1"},"canonical":"https:\/\/www.pureconsultant.de\/de\/management\/kritik-grenzen-der-x-y-theorie\/","og_locale":"de_DE","og_type":"article","og_title":"Kritik &amp; Grenzen der X-Y-Theorie - PURE Consultant","og_description":"Entdecken Sie die Kritik & Grenzen der X-Y-Theorie und optimieren Sie Ihre F\u00fchrungsstrategien. Lesen Sie jetzt weiter!","og_url":"https:\/\/www.pureconsultant.de\/de\/management\/kritik-grenzen-der-x-y-theorie\/","og_site_name":"PURE Consultant","article_published_time":"2026-03-12T13:29:56+00:00","article_modified_time":"2026-03-12T13:30:11+00:00","author":"Serhat K\u00fcpeli","twitter_card":"summary_large_image","twitter_misc":{"Verfasst von":"Serhat K\u00fcpeli","Gesch\u00e4tzte Lesezeit":"13\u00a0Minuten"},"schema":{"@context":"https:\/\/schema.org","@graph":[{"@type":"Article","@id":"https:\/\/www.pureconsultant.de\/de\/management\/kritik-grenzen-der-x-y-theorie\/#article","isPartOf":{"@id":"https:\/\/www.pureconsultant.de\/de\/management\/kritik-grenzen-der-x-y-theorie\/"},"author":{"name":"Serhat K\u00fcpeli","@id":"https:\/\/www.pureconsultant.de\/#\/schema\/person\/b879d2f247599ce3a636522dd8344e95"},"headline":"Kritik &amp; Grenzen der X-Y-Theorie","datePublished":"2026-03-12T13:29:56+00:00","dateModified":"2026-03-12T13:30:11+00:00","mainEntityOfPage":{"@id":"https:\/\/www.pureconsultant.de\/de\/management\/kritik-grenzen-der-x-y-theorie\/"},"wordCount":2410,"image":{"@id":"https:\/\/www.pureconsultant.de\/de\/management\/kritik-grenzen-der-x-y-theorie\/#primaryimage"},"thumbnailUrl":"https:\/\/www.pureconsultant.de\/wp-content\/uploads\/visual-selection355.svg","keywords":["Kritik &amp; Grenzen der X-Y-Theorie"],"articleSection":["Management"],"inLanguage":"de"},{"@type":"WebPage","@id":"https:\/\/www.pureconsultant.de\/de\/management\/kritik-grenzen-der-x-y-theorie\/","url":"https:\/\/www.pureconsultant.de\/de\/management\/kritik-grenzen-der-x-y-theorie\/","name":"Kritik &amp; Grenzen der X-Y-Theorie - PURE Consultant","isPartOf":{"@id":"https:\/\/www.pureconsultant.de\/#website"},"primaryImageOfPage":{"@id":"https:\/\/www.pureconsultant.de\/de\/management\/kritik-grenzen-der-x-y-theorie\/#primaryimage"},"image":{"@id":"https:\/\/www.pureconsultant.de\/de\/management\/kritik-grenzen-der-x-y-theorie\/#primaryimage"},"thumbnailUrl":"https:\/\/www.pureconsultant.de\/wp-content\/uploads\/visual-selection355.svg","datePublished":"2026-03-12T13:29:56+00:00","dateModified":"2026-03-12T13:30:11+00:00","author":{"@id":"https:\/\/www.pureconsultant.de\/#\/schema\/person\/b879d2f247599ce3a636522dd8344e95"},"description":"Entdecken Sie die Kritik & Grenzen der X-Y-Theorie und optimieren Sie Ihre F\u00fchrungsstrategien. Lesen Sie jetzt weiter!","breadcrumb":{"@id":"https:\/\/www.pureconsultant.de\/de\/management\/kritik-grenzen-der-x-y-theorie\/#breadcrumb"},"inLanguage":"de","potentialAction":[{"@type":"ReadAction","target":["https:\/\/www.pureconsultant.de\/de\/management\/kritik-grenzen-der-x-y-theorie\/"]}]},{"@type":"ImageObject","inLanguage":"de","@id":"https:\/\/www.pureconsultant.de\/de\/management\/kritik-grenzen-der-x-y-theorie\/#primaryimage","url":"https:\/\/www.pureconsultant.de\/wp-content\/uploads\/visual-selection355.svg","contentUrl":"https:\/\/www.pureconsultant.de\/wp-content\/uploads\/visual-selection355.svg"},{"@type":"BreadcrumbList","@id":"https:\/\/www.pureconsultant.de\/de\/management\/kritik-grenzen-der-x-y-theorie\/#breadcrumb","itemListElement":[{"@type":"ListItem","position":1,"name":"Startseite","item":"https:\/\/www.pureconsultant.de\/de\/"},{"@type":"ListItem","position":2,"name":"Kritik &amp; Grenzen der X-Y-Theorie"}]},{"@type":"WebSite","@id":"https:\/\/www.pureconsultant.de\/#website","url":"https:\/\/www.pureconsultant.de\/","name":"PURE Consultant","description":"Scrum, PMO, Projektmanagement &amp; Prozessmanagement aus K\u00f6ln","potentialAction":[{"@type":"SearchAction","target":{"@type":"EntryPoint","urlTemplate":"https:\/\/www.pureconsultant.de\/?s={search_term_string}"},"query-input":{"@type":"PropertyValueSpecification","valueRequired":true,"valueName":"search_term_string"}}],"inLanguage":"de"},{"@type":"Person","@id":"https:\/\/www.pureconsultant.de\/#\/schema\/person\/b879d2f247599ce3a636522dd8344e95","name":"Serhat K\u00fcpeli","image":{"@type":"ImageObject","inLanguage":"de","@id":"https:\/\/secure.gravatar.com\/avatar\/0886d2e74e7dfa20a0d9157eed001ec6efc4a799c718c80d37ebd532ec3810f1?s=96&d=mm&r=g","url":"https:\/\/secure.gravatar.com\/avatar\/0886d2e74e7dfa20a0d9157eed001ec6efc4a799c718c80d37ebd532ec3810f1?s=96&d=mm&r=g","contentUrl":"https:\/\/secure.gravatar.com\/avatar\/0886d2e74e7dfa20a0d9157eed001ec6efc4a799c718c80d37ebd532ec3810f1?s=96&d=mm&r=g","caption":"Serhat K\u00fcpeli"}}]}},"_links":{"self":[{"href":"https:\/\/www.pureconsultant.de\/de\/wp-json\/wp\/v2\/posts\/28324","targetHints":{"allow":["GET"]}}],"collection":[{"href":"https:\/\/www.pureconsultant.de\/de\/wp-json\/wp\/v2\/posts"}],"about":[{"href":"https:\/\/www.pureconsultant.de\/de\/wp-json\/wp\/v2\/types\/post"}],"author":[{"embeddable":true,"href":"https:\/\/www.pureconsultant.de\/de\/wp-json\/wp\/v2\/users\/6"}],"replies":[{"embeddable":true,"href":"https:\/\/www.pureconsultant.de\/de\/wp-json\/wp\/v2\/comments?post=28324"}],"version-history":[{"count":2,"href":"https:\/\/www.pureconsultant.de\/de\/wp-json\/wp\/v2\/posts\/28324\/revisions"}],"predecessor-version":[{"id":28327,"href":"https:\/\/www.pureconsultant.de\/de\/wp-json\/wp\/v2\/posts\/28324\/revisions\/28327"}],"wp:attachment":[{"href":"https:\/\/www.pureconsultant.de\/de\/wp-json\/wp\/v2\/media?parent=28324"}],"wp:term":[{"taxonomy":"category","embeddable":true,"href":"https:\/\/www.pureconsultant.de\/de\/wp-json\/wp\/v2\/categories?post=28324"},{"taxonomy":"post_tag","embeddable":true,"href":"https:\/\/www.pureconsultant.de\/de\/wp-json\/wp\/v2\/tags?post=28324"}],"curies":[{"name":"wp","href":"https:\/\/api.w.org\/{rel}","templated":true}]}}