{"id":28290,"date":"2026-03-12T11:45:54","date_gmt":"2026-03-12T10:45:54","guid":{"rendered":"https:\/\/www.pureconsultant.de\/de\/?p=28290"},"modified":"2026-03-12T11:46:09","modified_gmt":"2026-03-12T10:46:09","slug":"x-y-theorie-menschenbilder-im-management","status":"publish","type":"post","link":"https:\/\/www.pureconsultant.de\/de\/management\/x-y-theorie-menschenbilder-im-management\/","title":{"rendered":"X-Y-Theorie: Menschenbilder im Management"},"content":{"rendered":"<div class=\"m-block--container u-offset m-block--core--paragraph\">\n<p>X-Y-Theorie: Menschenbilder im Management &#8211; Die Art, wie F\u00fchrungskr\u00e4fte \u00fcber Menschen denken, pr\u00e4gt jede Entscheidung im Unternehmen \u2013 vom Daily Stand-up bis zur strategischen Neuausrichtung. Hinter vielen F\u00fchrungsproblemen steckt weniger ein \u201efalsches Tool\u201c als ein unbewusstes Menschenbild. Die <strong><a href=\"https:\/\/www.pureconsultant.de\/de\/management\/x-y-theorie\/\">X-Y-Theorie<\/a><\/strong> von Douglas McGregor macht genau diese Bilder sichtbar: Sehe ich Mitarbeitende eher als kontrollbed\u00fcrftige Risikofaktoren oder als verantwortungsbewusste Mitgestalter? Dieser Beitrag erkl\u00e4rt die X-Y-Theorie verst\u00e4ndlich, ordnet sie in moderne Managementpraxis ein und zeigt, wie Sie Ihr eigenes F\u00fchrungsverhalten reflektieren und gezielt weiterentwickeln k\u00f6nnen.<\/p>\n<\/div><div class=\"m-block--container u-offset m-block--core--image\">\n<figure class=\"wp-block-image size-large\"><img loading=\"lazy\" decoding=\"async\" width=\"1020\" height=\"726\" src=\"https:\/\/www.pureconsultant.de\/wp-content\/uploads\/visual-selection353.svg\" alt=\"X-Y-Theorie: Menschenbilder im Management\" class=\"wp-image-28292\"\/><figcaption class=\"wp-element-caption\">X-Y-Theorie: Menschenbilder im Management<\/figcaption><\/figure>\n<\/div><div class=\"m-block--container u-offset m-block--core--separator\">\n<hr class=\"wp-block-separator has-alpha-channel-opacity\"\/>\n<\/div><div class=\"m-block--container u-offset m-block--core--heading\">\n<h2 class=\"wp-block-heading\">Was ist die X-Y-Theorie nach McGregor?<\/h2>\n<\/div><div class=\"m-block--container u-offset m-block--core--paragraph\">\n<p>Die X-Y-Theorie beschreibt zwei grundlegende Menschenbilder, die das F\u00fchrungsverhalten in Organisationen pr\u00e4gen:<\/p>\n<\/div><div class=\"m-block--container u-offset m-block--core--list\">\n<ul class=\"wp-block-list\"><div class=\"m-block--container u-offset m-block--core--list-item\">\n<li><strong class=\"\">Theorie X<\/strong>: Mitarbeitende sind von Natur aus arbeitsscheu, m\u00fcssen kontrolliert werden und vermeiden Verantwortung.<\/li>\n<\/div>\n\n<div class=\"m-block--container u-offset m-block--core--list-item\">\n<li><strong class=\"\">Theorie Y<\/strong>: Mitarbeitende sind grunds\u00e4tzlich motiviert, suchen Verantwortung und wollen einen sinnvollen Beitrag leisten.<\/li>\n<\/div><\/ul>\n<\/div><div class=\"m-block--container u-offset m-block--core--paragraph\">\n<p>McGregor argumentierte: Beide Menschenbilder sind weniger \u201eobjektive Wahrheiten\u201c als <strong class=\"\">selbsterf\u00fcllende Prophezeiungen<\/strong>. Wer nach Theorie X f\u00fchrt, erzeugt passives Verhalten. Wer nach Theorie Y f\u00fchrt, schafft h\u00e4ufig die Bedingungen f\u00fcr Engagement und Eigenverantwortung.<\/p>\n<\/div><div class=\"m-block--container u-offset m-block--core--separator\">\n<hr class=\"wp-block-separator has-alpha-channel-opacity\"\/>\n<\/div><div class=\"m-block--container u-offset m-block--core--heading\">\n<h2 class=\"wp-block-heading\">Historischer Kontext: Warum die X-Y-Theorie so wirksam wurde<\/h2>\n<\/div><div class=\"m-block--container u-offset m-block--core--paragraph\">\n<p>Die X-Y-Theorie entstand Anfang der 1960er Jahre, in einer Zeit, in der viele Unternehmen noch stark tayloristisch und hierarchisch gepr\u00e4gt waren:<\/p>\n<\/div><div class=\"m-block--container u-offset m-block--core--list\">\n<ul class=\"wp-block-list\"><div class=\"m-block--container u-offset m-block--core--list-item\">\n<li>Fokus auf Effizienz, Kontrolle, Standardisierung<\/li>\n<\/div>\n\n<div class=\"m-block--container u-offset m-block--core--list-item\">\n<li>Mitarbeitende \u00fcberwiegend in einfacheren, repetitiven T\u00e4tigkeiten<\/li>\n<\/div>\n\n<div class=\"m-block--container u-offset m-block--core--list-item\">\n<li>F\u00fchrung als Anordnung, \u00dcberwachung und Sanktion<\/li>\n<\/div><\/ul>\n<\/div><div class=\"m-block--container u-offset m-block--core--paragraph\">\n<p>McGregor stellte dieses dominierende Bild infrage. Er zeigte, dass:<\/p>\n<\/div><div class=\"m-block--container u-offset m-block--core--list\">\n<ol class=\"wp-block-list\"><div class=\"m-block--container u-offset m-block--core--list-item\">\n<li><strong class=\"\">Technische Systeme<\/strong> allein Leistung nicht erkl\u00e4ren<\/li>\n<\/div>\n\n<div class=\"m-block--container u-offset m-block--core--list-item\">\n<li><strong class=\"\">Soziale und psychologische Faktoren<\/strong> (Vertrauen, Beteiligung, Anerkennung) zentral sind<\/li>\n<\/div>\n\n<div class=\"m-block--container u-offset m-block--core--list-item\">\n<li>F\u00fchrungskr\u00e4fte ihre eigenen <strong class=\"\">Grundannahmen \u00fcber Menschen<\/strong> kaum reflektieren \u2013 sie handeln einfach danach<\/li>\n<\/div><\/ol>\n<\/div><div class=\"m-block--container u-offset m-block--core--paragraph\">\n<p>Damit wurde die X-Y-Theorie zu einem Wendepunkt: weg vom reinen \u201eCommand &amp; Control\u201c hin zu einem psychologisch informierten Verst\u00e4ndnis von F\u00fchrung und Organisationsgestaltung.<\/p>\n<\/div><div class=\"m-block--container u-offset m-block--core--separator\">\n<hr class=\"wp-block-separator has-alpha-channel-opacity\"\/>\n<\/div><div class=\"m-block--container u-offset m-block--core--heading\">\n<h2 class=\"wp-block-heading\">Theorie X: Das defizitorientierte Menschenbild<\/h2>\n<\/div><div class=\"m-block--container u-offset m-block--core--heading\">\n<h3 class=\"wp-block-heading\">Kernaussagen von Theorie X<\/h3>\n<\/div><div class=\"m-block--container u-offset m-block--core--paragraph\">\n<p>Theorie X unterstellt im Kern:<\/p>\n<\/div><div class=\"m-block--container u-offset m-block--core--list\">\n<ul class=\"wp-block-list\"><div class=\"m-block--container u-offset m-block--core--list-item\">\n<li>Menschen arbeiten ungern und vermeiden Arbeit, wenn m\u00f6glich<\/li>\n<\/div>\n\n<div class=\"m-block--container u-offset m-block--core--list-item\">\n<li>Sie m\u00fcssen <strong class=\"\">gelenkt, kontrolliert und teilweise mit Druck<\/strong> zur Leistung gebracht werden<\/li>\n<\/div>\n\n<div class=\"m-block--container u-offset m-block--core--list-item\">\n<li>Die meisten scheuen Verantwortung, bevorzugen klare Anweisungen und Sicherheit<\/li>\n<\/div>\n\n<div class=\"m-block--container u-offset m-block--core--list-item\">\n<li>Motivation entsteht prim\u00e4r durch <strong class=\"\">Geld, Status, Sanktionen<\/strong> (extrinsische Anreize)<\/li>\n<\/div><\/ul>\n<\/div><div class=\"m-block--container u-offset m-block--core--paragraph\">\n<p>F\u00fchrung basiert damit stark auf <strong class=\"\">Kontrolle, Regeln und Hierarchie<\/strong>.<\/p>\n<\/div><div class=\"m-block--container u-offset m-block--core--heading\">\n<h3 class=\"wp-block-heading\">Typische F\u00fchrungspraktiken bei Theorie X<\/h3>\n<\/div><div class=\"m-block--container u-offset m-block--core--paragraph\">\n<p>In Organisationen, die implizit nach Theorie X handeln, beobachten Sie oft:<\/p>\n<\/div><div class=\"m-block--container u-offset m-block--core--list\">\n<ul class=\"wp-block-list\"><div class=\"m-block--container u-offset m-block--core--list-item\">\n<li>Ausgepr\u00e4gte <strong class=\"\">Kontrollmechanismen<\/strong> (Berichtspflichten, Kennzahlenfetischismus)<\/li>\n<\/div>\n\n<div class=\"m-block--container u-offset m-block--core--list-item\">\n<li>Detaillierte <strong class=\"\">Vorgaben und Prozesse<\/strong>, wenig Gestaltungsspielraum<\/li>\n<\/div>\n\n<div class=\"m-block--container u-offset m-block--core--list-item\">\n<li>Entscheidungen werden <strong class=\"\">zentral<\/strong> getroffen<\/li>\n<\/div>\n\n<div class=\"m-block--container u-offset m-block--core--list-item\">\n<li>Fehler f\u00fchren zu Schuldzuweisungen statt Lernprozessen<\/li>\n<\/div>\n\n<div class=\"m-block--container u-offset m-block--core--list-item\">\n<li>Informationsfluss ist stark <strong class=\"\">top-down<\/strong> organisiert<\/li>\n<\/div><\/ul>\n<\/div><div class=\"m-block--container u-offset m-block--core--heading\">\n<h3 class=\"wp-block-heading\">Risiken der Theorie X in der Praxis<\/h3>\n<\/div><div class=\"m-block--container u-offset m-block--core--paragraph\">\n<p>Dieses Menschenbild kann in bestimmten Kontexten kurzfristig funktionieren (z. B. einfache, stark standardisierte T\u00e4tigkeiten). Mittel- und langfristig entstehen jedoch h\u00e4ufig:<\/p>\n<\/div><div class=\"m-block--container u-offset m-block--core--list\">\n<ul class=\"wp-block-list\"><div class=\"m-block--container u-offset m-block--core--list-item\">\n<li><strong class=\"\">Demotivation<\/strong> und innere K\u00fcndigung<\/li>\n<\/div>\n\n<div class=\"m-block--container u-offset m-block--core--list-item\">\n<li>Geringe <strong class=\"\">Innovationsf\u00e4higkeit<\/strong> und kaum konstruktiver Widerspruch<\/li>\n<\/div>\n\n<div class=\"m-block--container u-offset m-block--core--list-item\">\n<li><strong class=\"\">Abh\u00e4ngigkeit<\/strong> von wenigen Schl\u00fcsselpersonen (\u201eChef entscheidet alles\u201c)<\/li>\n<\/div>\n\n<div class=\"m-block--container u-offset m-block--core--list-item\">\n<li>Hohe <strong class=\"\">Fluktuation<\/strong> bei Leistungstr\u00e4gern, die Gestaltung suchen<\/li>\n<\/div><\/ul>\n<\/div><div class=\"m-block--container u-offset m-block--core--paragraph\">\n<p>Paradox: Die Theorie-X-F\u00fchrung erzeugt genau die Passivit\u00e4t, die sie vorgibt, lediglich \u201erealistisch zu beobachten\u201c.<\/p>\n<\/div><div class=\"m-block--container u-offset m-block--core--separator\">\n<hr class=\"wp-block-separator has-alpha-channel-opacity\"\/>\n<\/div><div class=\"m-block--container u-offset m-block--core--heading\">\n<h2 class=\"wp-block-heading\">Theorie Y: Das ressourcenorientierte Menschenbild<\/h2>\n<\/div><div class=\"m-block--container u-offset m-block--core--heading\">\n<h3 class=\"wp-block-heading\">Kernaussagen von Theorie Y<\/h3>\n<\/div><div class=\"m-block--container u-offset m-block--core--paragraph\">\n<p>Theorie Y denkt Menschen anders:<\/p>\n<\/div><div class=\"m-block--container u-offset m-block--core--list\">\n<ul class=\"wp-block-list\"><div class=\"m-block--container u-offset m-block--core--list-item\">\n<li>Arbeit kann <strong class=\"\">Quelle von Sinn und Selbstverwirklichung<\/strong> sein<\/li>\n<\/div>\n\n<div class=\"m-block--container u-offset m-block--core--list-item\">\n<li>Menschen sind bereit, <strong class=\"\">Verantwortung zu \u00fcbernehmen<\/strong>, wenn Ziele klar und nachvollziehbar sind<\/li>\n<\/div>\n\n<div class=\"m-block--container u-offset m-block--core--list-item\">\n<li>Motivation entsteht vor allem durch <strong class=\"\">Autonomie, Kompetenz und Zugeh\u00f6rigkeit<\/strong><\/li>\n<\/div>\n\n<div class=\"m-block--container u-offset m-block--core--list-item\">\n<li>Kreative Potenziale liegen in <strong class=\"\">allen Ebenen<\/strong> einer Organisation<\/li>\n<\/div><\/ul>\n<\/div><div class=\"m-block--container u-offset m-block--core--paragraph\">\n<p>F\u00fchrung bedeutet hier vor allem, <strong class=\"\">Rahmenbedingungen zu gestalten<\/strong>, statt nur Verhalten zu kontrollieren.<\/p>\n<\/div><div class=\"m-block--container u-offset m-block--core--heading\">\n<h3 class=\"wp-block-heading\">Typische F\u00fchrungspraktiken bei Theorie Y<\/h3>\n<\/div><div class=\"m-block--container u-offset m-block--core--paragraph\">\n<p>In Organisationen mit eher Theory-Y-orientierter F\u00fchrung finden Sie h\u00e4ufig:<\/p>\n<\/div><div class=\"m-block--container u-offset m-block--core--list\">\n<ul class=\"wp-block-list\"><div class=\"m-block--container u-offset m-block--core--list-item\">\n<li><strong class=\"\">Zielorientierte F\u00fchrung<\/strong> (Management by Objectives) statt reiner Anweisung<\/li>\n<\/div>\n\n<div class=\"m-block--container u-offset m-block--core--list-item\">\n<li><strong class=\"\">Partizipation<\/strong> bei Entscheidungen, die das Team betreffen<\/li>\n<\/div>\n\n<div class=\"m-block--container u-offset m-block--core--list-item\">\n<li><strong class=\"\">Vertrauensvorschuss<\/strong> und ein konstruktiver Umgang mit Fehlern<\/li>\n<\/div>\n\n<div class=\"m-block--container u-offset m-block--core--list-item\">\n<li>Fokus auf <strong class=\"\">Entwicklung<\/strong>, Coaching und regelm\u00e4\u00dfiges Feedback<\/li>\n<\/div>\n\n<div class=\"m-block--container u-offset m-block--core--list-item\">\n<li><strong class=\"\">Transparente Informationen<\/strong> zu Zielen, Kennzahlen und strategischer Ausrichtung<\/li>\n<\/div><\/ul>\n<\/div><div class=\"m-block--container u-offset m-block--core--heading\">\n<h3 class=\"wp-block-heading\">Chancen der Theorie Y \u2013 und ihre Grenzen<\/h3>\n<\/div><div class=\"m-block--container u-offset m-block--core--paragraph\">\n<p>Vorteile in der Praxis:<\/p>\n<\/div><div class=\"m-block--container u-offset m-block--core--list\">\n<ul class=\"wp-block-list\"><div class=\"m-block--container u-offset m-block--core--list-item\">\n<li>H\u00f6here <strong class=\"\">intrinsische Motivation<\/strong> und Identifikation<\/li>\n<\/div>\n\n<div class=\"m-block--container u-offset m-block--core--list-item\">\n<li>Mehr <strong class=\"\">Innovation<\/strong> durch Ideen aus der Belegschaft<\/li>\n<\/div>\n\n<div class=\"m-block--container u-offset m-block--core--list-item\">\n<li>Schnellere <strong class=\"\">Anpassungsf\u00e4higkeit<\/strong>, weil Wissen dezentral genutzt wird<\/li>\n<\/div>\n\n<div class=\"m-block--container u-offset m-block--core--list-item\">\n<li>St\u00e4rkerer <strong class=\"\">Teamzusammenhalt<\/strong> und resilientere Kultur<\/li>\n<\/div><\/ul>\n<\/div><div class=\"m-block--container u-offset m-block--core--paragraph\">\n<p>Grenzen:<\/p>\n<\/div><div class=\"m-block--container u-offset m-block--core--list\">\n<ul class=\"wp-block-list\"><div class=\"m-block--container u-offset m-block--core--list-item\">\n<li>Nicht jede Aufgabe bietet viel Autonomie (z. B. hochregulierte T\u00e4tigkeiten)<\/li>\n<\/div>\n\n<div class=\"m-block--container u-offset m-block--core--list-item\">\n<li>Nicht jede Person m\u00f6chte in jeder Lebensphase hohe Verantwortung tragen<\/li>\n<\/div>\n\n<div class=\"m-block--container u-offset m-block--core--list-item\">\n<li>Ohne klare Struktur kann \u201eY\u201c leicht zum <strong class=\"\">Laissez-faire<\/strong> missverstanden werden<\/li>\n<\/div><\/ul>\n<\/div><div class=\"m-block--container u-offset m-block--core--paragraph\">\n<p>Entscheidend ist daher nicht ein naiver \u201eY-Optimismus\u201c, sondern die <strong class=\"\">bewusste Ausbalancierung<\/strong> der Menschenbilder.<\/p>\n<\/div><div class=\"m-block--container u-offset m-block--core--separator\">\n<hr class=\"wp-block-separator has-alpha-channel-opacity\"\/>\n<\/div><div class=\"m-block--container u-offset m-block--core--heading\">\n<h2 class=\"wp-block-heading\">X-Y-Theorie und Menschenbilder im Management: Warum das so entscheidend ist<\/h2>\n<\/div><div class=\"m-block--container u-offset m-block--core--heading\">\n<h3 class=\"wp-block-heading\">Was sind \u201eMenschenbilder\u201c im Management?<\/h3>\n<\/div><div class=\"m-block--container u-offset m-block--core--paragraph\">\n<p>Ein Menschenbild ist eine <strong class=\"\">grundlegende Annahme<\/strong> dar\u00fcber, wie Menschen \u201etypischerweise\u201c sind, z. B.:<\/p>\n<\/div><div class=\"m-block--container u-offset m-block--core--list\">\n<ul class=\"wp-block-list\"><div class=\"m-block--container u-offset m-block--core--list-item\">\n<li>\u201eOhne Kontrolle l\u00e4sst die Leistung nach.\u201c<\/li>\n<\/div>\n\n<div class=\"m-block--container u-offset m-block--core--list-item\">\n<li>\u201eMenschen wollen beitragen, wenn man sie l\u00e4sst.\u201c<\/li>\n<\/div>\n\n<div class=\"m-block--container u-offset m-block--core--list-item\">\n<li>\u201eDie meisten sind prim\u00e4r wegen des Gehalts hier.\u201c<\/li>\n<\/div><\/ul>\n<\/div><div class=\"m-block--container u-offset m-block--core--paragraph\">\n<p>Solche Annahmen sind selten explizit, aber sie:<\/p>\n<\/div><div class=\"m-block--container u-offset m-block--core--list\">\n<ul class=\"wp-block-list\"><div class=\"m-block--container u-offset m-block--core--list-item\">\n<li>beeinflussen <strong class=\"\">F\u00fchrungsstil und Entscheidungsmuster<\/strong>,<\/li>\n<\/div>\n\n<div class=\"m-block--container u-offset m-block--core--list-item\">\n<li>pr\u00e4gen <strong class=\"\">Strukturen und Anreizsysteme<\/strong>,<\/li>\n<\/div>\n\n<div class=\"m-block--container u-offset m-block--core--list-item\">\n<li>formen die <strong class=\"\">Unternehmenskultur<\/strong>.<\/li>\n<\/div><\/ul>\n<\/div><div class=\"m-block--container u-offset m-block--core--heading\">\n<h3 class=\"wp-block-heading\">Wie die X-Y-Theorie Menschenbilder sichtbar macht<\/h3>\n<\/div><div class=\"m-block--container u-offset m-block--core--paragraph\">\n<p>Die X-Y-Theorie zwingt F\u00fchrungskr\u00e4fte zu einer unbequemen Frage:<\/p>\n<\/div><div class=\"m-block--container u-offset m-block--core--quote\">\n<blockquote class=\"wp-block-quote is-layout-flow wp-block-quote-is-layout-flow\"><div class=\"m-block--container u-offset m-block--core--paragraph\">\n<p>\u201eNach welchem Menschenbild handle ich \u2013 unabh\u00e4ngig davon, was ich offiziell \u00fcber F\u00fchrung sage?\u201c<\/p>\n<\/div><\/blockquote>\n<\/div><div class=\"m-block--container u-offset m-block--core--list\">\n<ul class=\"wp-block-list\"><div class=\"m-block--container u-offset m-block--core--list-item\">\n<li>Offiziell: \u201eWir setzen auf Vertrauen und Eigenverantwortung.\u201c<\/li>\n<\/div>\n\n<div class=\"m-block--container u-offset m-block--core--list-item\">\n<li>Praktisch: permanente Kontrollen, Micromanagement, sanktionierende Fehlerkultur.<\/li>\n<\/div><\/ul>\n<\/div><div class=\"m-block--container u-offset m-block--core--paragraph\">\n<p>Die L\u00fccke zwischen <strong class=\"\">verk\u00fcndeten Werten<\/strong> und <strong class=\"\">gelebter Praxis<\/strong> wird oft erst sichtbar, wenn das zugrunde liegende Menschenbild reflektiert wird.<\/p>\n<\/div><div class=\"m-block--container u-offset m-block--core--separator\">\n<hr class=\"wp-block-separator has-alpha-channel-opacity\"\/>\n<\/div><div class=\"m-block--container u-offset m-block--core--heading\">\n<h2 class=\"wp-block-heading\">Praxisbeispiele: Wie sich Theorie X und Y im Alltag zeigen<\/h2>\n<\/div><div class=\"m-block--container u-offset m-block--core--heading\">\n<h3 class=\"wp-block-heading\">Umgang mit Homeoffice<\/h3>\n<\/div><div class=\"m-block--container u-offset m-block--core--list\">\n<ul class=\"wp-block-list\"><div class=\"m-block--container u-offset m-block--core--list-item\">\n<li><strong class=\"\">Theorie X<\/strong><div class=\"m-block--container u-offset m-block--core--list\">\n<ul class=\"wp-block-list\"><div class=\"m-block--container u-offset m-block--core--list-item\">\n<li>Pr\u00e4senzpflicht, detaillierte Zeiterfassung<\/li>\n<\/div>\n\n<div class=\"m-block--container u-offset m-block--core--list-item\">\n<li>Misstrauen gegen\u00fcber Remote-Arbeit (\u201eDa macht doch keiner was\u201c)<\/li>\n<\/div>\n\n<div class=\"m-block--container u-offset m-block--core--list-item\">\n<li>Fokus auf Output-Kontrolle in kurzen Takten<\/li>\n<\/div><\/ul>\n<\/div><\/li>\n<\/div>\n\n<div class=\"m-block--container u-offset m-block--core--list-item\">\n<li><strong class=\"\">Theorie Y<\/strong><div class=\"m-block--container u-offset m-block--core--list\">\n<ul class=\"wp-block-list\"><div class=\"m-block--container u-offset m-block--core--list-item\">\n<li>Klare Ziele und Ergebnisse, freie Wahl des Arbeitsortes im Rahmen der Rolle<\/li>\n<\/div>\n\n<div class=\"m-block--container u-offset m-block--core--list-item\">\n<li>Transparente Kommunikation und regelm\u00e4\u00dfige Check-ins<\/li>\n<\/div>\n\n<div class=\"m-block--container u-offset m-block--core--list-item\">\n<li>Vertrauen in Selbstorganisation, kombiniert mit klaren Leistungsindikatoren<\/li>\n<\/div><\/ul>\n<\/div><\/li>\n<\/div><\/ul>\n<\/div><div class=\"m-block--container u-offset m-block--core--heading\">\n<h3 class=\"wp-block-heading\">Fehlerkultur<\/h3>\n<\/div><div class=\"m-block--container u-offset m-block--core--list\">\n<ul class=\"wp-block-list\"><div class=\"m-block--container u-offset m-block--core--list-item\">\n<li><strong class=\"\">Theorie X<\/strong><div class=\"m-block--container u-offset m-block--core--list\">\n<ul class=\"wp-block-list\"><div class=\"m-block--container u-offset m-block--core--list-item\">\n<li>Fehler werden als <strong class=\"\">individuelles Versagen<\/strong> interpretiert<\/li>\n<\/div>\n\n<div class=\"m-block--container u-offset m-block--core--list-item\">\n<li>Blame Game: \u201eWer ist schuld?\u201c<\/li>\n<\/div>\n\n<div class=\"m-block--container u-offset m-block--core--list-item\">\n<li>Mitarbeitende verschweigen Probleme aus Angst vor Konsequenzen<\/li>\n<\/div><\/ul>\n<\/div><\/li>\n<\/div>\n\n<div class=\"m-block--container u-offset m-block--core--list-item\">\n<li><strong class=\"\">Theorie Y<\/strong><div class=\"m-block--container u-offset m-block--core--list\">\n<ul class=\"wp-block-list\"><div class=\"m-block--container u-offset m-block--core--list-item\">\n<li>Fehler sind <strong class=\"\">Lernanl\u00e4sse im System<\/strong><\/li>\n<\/div>\n\n<div class=\"m-block--container u-offset m-block--core--list-item\">\n<li>Fokus auf Ursachenanalyse und Verbesserung<\/li>\n<\/div>\n\n<div class=\"m-block--container u-offset m-block--core--list-item\">\n<li>Mitarbeitende melden fr\u00fchzeitig Risiken, weil sie nicht mit Sanktionen rechnen m\u00fcssen<\/li>\n<\/div><\/ul>\n<\/div><\/li>\n<\/div><\/ul>\n<\/div><div class=\"m-block--container u-offset m-block--core--heading\">\n<h3 class=\"wp-block-heading\">Ideenmanagement<\/h3>\n<\/div><div class=\"m-block--container u-offset m-block--core--list\">\n<ul class=\"wp-block-list\"><div class=\"m-block--container u-offset m-block--core--list-item\">\n<li><strong class=\"\">Theorie X<\/strong><div class=\"m-block--container u-offset m-block--core--list\">\n<ul class=\"wp-block-list\"><div class=\"m-block--container u-offset m-block--core--list-item\">\n<li>Ideen kommen \u201evon oben\u201c (Strategieabteilung, Top-Management)<\/li>\n<\/div>\n\n<div class=\"m-block--container u-offset m-block--core--list-item\">\n<li>Vorschl\u00e4ge aus dem Team werden selten aufgegriffen<\/li>\n<\/div>\n\n<div class=\"m-block--container u-offset m-block--core--list-item\">\n<li>Innovationsinitiativen verkommen zu Pflicht\u00fcbungen<\/li>\n<\/div><\/ul>\n<\/div><\/li>\n<\/div>\n\n<div class=\"m-block--container u-offset m-block--core--list-item\">\n<li><strong class=\"\">Theorie Y<\/strong><div class=\"m-block--container u-offset m-block--core--list\">\n<ul class=\"wp-block-list\"><div class=\"m-block--container u-offset m-block--core--list-item\">\n<li>Ideen werden aktiv aus allen Ebenen eingesammelt<\/li>\n<\/div>\n\n<div class=\"m-block--container u-offset m-block--core--list-item\">\n<li>Experimente im Kleinen sind ausdr\u00fccklich erw\u00fcnscht<\/li>\n<\/div>\n\n<div class=\"m-block--container u-offset m-block--core--list-item\">\n<li>Feedbackschleifen machen sichtbar, welche Ideen umgesetzt wurden und warum<\/li>\n<\/div><\/ul>\n<\/div><\/li>\n<\/div><\/ul>\n<\/div><div class=\"m-block--container u-offset m-block--core--separator\">\n<hr class=\"wp-block-separator has-alpha-channel-opacity\"\/>\n<\/div><div class=\"m-block--container u-offset m-block--core--heading\">\n<h2 class=\"wp-block-heading\">Wann ist Theorie X, wann Theorie Y sinnvoll?<\/h2>\n<\/div><div class=\"m-block--container u-offset m-block--core--paragraph\">\n<p>Die X-Y-Theorie wird manchmal missverstanden als moralische Bewertung: X = schlecht, Y = gut. In der Praxis ist es differenzierter.<\/p>\n<\/div><div class=\"m-block--container u-offset m-block--core--heading\">\n<h3 class=\"wp-block-heading\">Situative Faktoren<\/h3>\n<\/div><div class=\"m-block--container u-offset m-block--core--paragraph\">\n<p>Die Eignung eines dominanten X- oder Y-Ansatzes h\u00e4ngt u. a. ab von:<\/p>\n<\/div><div class=\"m-block--container u-offset m-block--core--list\">\n<ul class=\"wp-block-list\"><div class=\"m-block--container u-offset m-block--core--list-item\">\n<li><strong class=\"\">Art der T\u00e4tigkeit<\/strong><div class=\"m-block--container u-offset m-block--core--list\">\n<ul class=\"wp-block-list\"><div class=\"m-block--container u-offset m-block--core--list-item\">\n<li>St\u00e4rker strukturierte, repetitive Aufgaben \u2192 mehr Struktur, klare Vorgaben sinnvoll<\/li>\n<\/div>\n\n<div class=\"m-block--container u-offset m-block--core--list-item\">\n<li>Komplexe, wissensintensive T\u00e4tigkeiten \u2192 mehr Autonomie und Mitgestaltung n\u00f6tig<\/li>\n<\/div><\/ul>\n<\/div><\/li>\n<\/div>\n\n<div class=\"m-block--container u-offset m-block--core--list-item\">\n<li><strong class=\"\">Erfahrungsgrad der Mitarbeitenden<\/strong><div class=\"m-block--container u-offset m-block--core--list\">\n<ul class=\"wp-block-list\"><div class=\"m-block--container u-offset m-block--core--list-item\">\n<li>Neu im Job \u2192 brauchen mehr F\u00fchrung, Klarheit und h\u00e4ufige R\u00fcckmeldungen<\/li>\n<\/div>\n\n<div class=\"m-block--container u-offset m-block--core--list-item\">\n<li>Erfahrene Experten \u2192 profitieren von Freiraum und Ergebnisverantwortung<\/li>\n<\/div><\/ul>\n<\/div><\/li>\n<\/div>\n\n<div class=\"m-block--container u-offset m-block--core--list-item\">\n<li><strong class=\"\">Organisationales Umfeld<\/strong><div class=\"m-block--container u-offset m-block--core--list\">\n<ul class=\"wp-block-list\"><div class=\"m-block--container u-offset m-block--core--list-item\">\n<li>Stark regulierte Branchen (z. B. Medizin, Luftfahrt, Finanzaufsicht)<\/li>\n<\/div>\n\n<div class=\"m-block--container u-offset m-block--core--list-item\">\n<li>Kreative, projektgetriebene Umfelder (z. B. IT, Beratung, F&amp;E)<\/li>\n<\/div><\/ul>\n<\/div><\/li>\n<\/div><\/ul>\n<\/div><div class=\"m-block--container u-offset m-block--core--heading\">\n<h3 class=\"wp-block-heading\">Praktische Konsequenz<\/h3>\n<\/div><div class=\"m-block--container u-offset m-block--core--paragraph\">\n<p>Ein professioneller F\u00fchrungsansatz vermeidet <strong class=\"\">Dogmatismus<\/strong>:<\/p>\n<\/div><div class=\"m-block--container u-offset m-block--core--list\">\n<ul class=\"wp-block-list\"><div class=\"m-block--container u-offset m-block--core--list-item\">\n<li>Er reflektiert das eigene Menschenbild<\/li>\n<\/div>\n\n<div class=\"m-block--container u-offset m-block--core--list-item\">\n<li>Er passt den F\u00fchrungsstil <strong class=\"\">situativ<\/strong> an<\/li>\n<\/div>\n\n<div class=\"m-block--container u-offset m-block--core--list-item\">\n<li>Er bleibt sich dabei seiner <strong class=\"\">grunds\u00e4tzlichen Haltung<\/strong> bewusst: Traue ich Menschen eher Potenzial oder eher Defizite zu?<\/li>\n<\/div><\/ul>\n<\/div><div class=\"m-block--container u-offset m-block--core--separator\">\n<hr class=\"wp-block-separator has-alpha-channel-opacity\"\/>\n<\/div><div class=\"m-block--container u-offset m-block--core--heading\">\n<h2 class=\"wp-block-heading\">X-Y-Theorie im Vergleich zu modernen F\u00fchrungsans\u00e4tzen<\/h2>\n<\/div><div class=\"m-block--container u-offset m-block--core--heading\">\n<h3 class=\"wp-block-heading\">Verbindung zu moderner F\u00fchrung<\/h3>\n<\/div><div class=\"m-block--container u-offset m-block--core--paragraph\">\n<p>Viele aktuelle Konzepte greifen Gedanken der Theorie Y auf, z. B.:<\/p>\n<\/div><div class=\"m-block--container u-offset m-block--core--list\">\n<ul class=\"wp-block-list\"><div class=\"m-block--container u-offset m-block--core--list-item\">\n<li><strong class=\"\">Agile F\u00fchrung<\/strong>: Selbstorganisierte Teams, Servant Leadership, iteratives Lernen<\/li>\n<\/div>\n\n<div class=\"m-block--container u-offset m-block--core--list-item\">\n<li><strong class=\"\">New Work<\/strong>: Sinnstiftung, Partizipation, Autonomie<\/li>\n<\/div>\n\n<div class=\"m-block--container u-offset m-block--core--list-item\">\n<li><strong class=\"\">Transformationale F\u00fchrung<\/strong>: Inspiration, F\u00f6rderung von Eigenverantwortung und Entwicklung<\/li>\n<\/div><\/ul>\n<\/div><div class=\"m-block--container u-offset m-block--core--paragraph\">\n<p>Alle basieren auf der Annahme, dass Mitarbeitende <strong class=\"\">Gestaltungswillen und -f\u00e4higkeit<\/strong> besitzen.<\/p>\n<\/div><div class=\"m-block--container u-offset m-block--core--heading\">\n<h3 class=\"wp-block-heading\">Erg\u00e4nzung zu situativen und transaktionalen Ans\u00e4tzen<\/h3>\n<\/div><div class=\"m-block--container u-offset m-block--core--list\">\n<ul class=\"wp-block-list\"><div class=\"m-block--container u-offset m-block--core--list-item\">\n<li><strong class=\"\">Situative F\u00fchrung<\/strong> beschreibt, <em class=\"\">wie<\/em> der F\u00fchrungsstil an Reifegrad und Situation angepasst wird.<\/li>\n<\/div>\n\n<div class=\"m-block--container u-offset m-block--core--list-item\">\n<li><strong class=\"\">Transaktionale F\u00fchrung<\/strong> arbeitet mit klaren Zielen und Belohnungen.<\/li>\n<\/div><\/ul>\n<\/div><div class=\"m-block--container u-offset m-block--core--paragraph\">\n<p>Die X-Y-Theorie liegt <strong class=\"\">eine Ebene tiefer<\/strong>: Sie fragt, <strong class=\"\">welches Menschenbild<\/strong> dem jeweils gew\u00e4hlten Stil zugrunde liegt.<\/p>\n<\/div><div class=\"m-block--container u-offset m-block--core--paragraph\">\n<p>Beispiel:<br class=\"\">Zwei F\u00fchrungskr\u00e4fte nutzen beide Zielvereinbarungen.<\/p>\n<\/div><div class=\"m-block--container u-offset m-block--core--list\">\n<ul class=\"wp-block-list\"><div class=\"m-block--container u-offset m-block--core--list-item\">\n<li>Die eine (X) nutzt sie zur Kontrolle (\u201eWenn das nicht steht, wird sanktioniert\u201c).<\/li>\n<\/div>\n\n<div class=\"m-block--container u-offset m-block--core--list-item\">\n<li>Die andere (Y) nutzt sie zur Ausrichtung und Selbststeuerung.<\/li>\n<\/div><\/ul>\n<\/div><div class=\"m-block--container u-offset m-block--core--paragraph\">\n<p>Das Instrument ist identisch; das Menschenbild entscheidet \u00fcber die Wirkung.<\/p>\n<\/div><div class=\"m-block--container u-offset m-block--core--separator\">\n<hr class=\"wp-block-separator has-alpha-channel-opacity\"\/>\n<\/div><div class=\"m-block--container u-offset m-block--core--heading\">\n<h2 class=\"wp-block-heading\">Diagnose: Nach welchem Menschenbild f\u00fchren Sie?<\/h2>\n<\/div><div class=\"m-block--container u-offset m-block--core--heading\">\n<h3 class=\"wp-block-heading\">Reflexionsfragen f\u00fcr F\u00fchrungskr\u00e4fte<\/h3>\n<\/div><div class=\"m-block--container u-offset m-block--core--paragraph\">\n<p>Pr\u00fcfen Sie sich selbst:<\/p>\n<\/div><div class=\"m-block--container u-offset m-block--core--list\">\n<ol class=\"wp-block-list\"><div class=\"m-block--container u-offset m-block--core--list-item\">\n<li><strong class=\"\">Vertrauen vs. Kontrolle<\/strong><div class=\"m-block--container u-offset m-block--core--list\">\n<ul class=\"wp-block-list\"><div class=\"m-block--container u-offset m-block--core--list-item\">\n<li>Wie reagiere ich, wenn ich nicht genau wei\u00df, was das Team gerade macht?<\/li>\n<\/div><\/ul>\n<\/div><\/li>\n<\/div>\n\n<div class=\"m-block--container u-offset m-block--core--list-item\">\n<li><strong class=\"\">Umgang mit Verantwortung<\/strong><div class=\"m-block--container u-offset m-block--core--list\">\n<ul class=\"wp-block-list\"><div class=\"m-block--container u-offset m-block--core--list-item\">\n<li>Delegiere ich nur Aufgaben \u2013 oder auch Entscheidungsrechte?<\/li>\n<\/div><\/ul>\n<\/div><\/li>\n<\/div>\n\n<div class=\"m-block--container u-offset m-block--core--list-item\">\n<li><strong class=\"\">Fehlerkultur<\/strong><div class=\"m-block--container u-offset m-block--core--list\">\n<ul class=\"wp-block-list\"><div class=\"m-block--container u-offset m-block--core--list-item\">\n<li>Werden Fehler bei mir eher verschwiegen oder offen angesprochen?<\/li>\n<\/div><\/ul>\n<\/div><\/li>\n<\/div>\n\n<div class=\"m-block--container u-offset m-block--core--list-item\">\n<li><strong class=\"\">Leistungsbild<\/strong><div class=\"m-block--container u-offset m-block--core--list\">\n<ul class=\"wp-block-list\"><div class=\"m-block--container u-offset m-block--core--list-item\">\n<li>Glaube ich, dass die meisten Menschen ohne Druck weniger leisten w\u00fcrden?<\/li>\n<\/div><\/ul>\n<\/div><\/li>\n<\/div>\n\n<div class=\"m-block--container u-offset m-block--core--list-item\">\n<li><strong class=\"\">Entwicklung<\/strong><div class=\"m-block--container u-offset m-block--core--list\">\n<ul class=\"wp-block-list\"><div class=\"m-block--container u-offset m-block--core--list-item\">\n<li>Sehe ich Mitarbeitende als \u201eKostenfaktor\u201c oder als zu entwickelnde Potenziale?<\/li>\n<\/div><\/ul>\n<\/div><\/li>\n<\/div><\/ol>\n<\/div><div class=\"m-block--container u-offset m-block--core--paragraph\">\n<p>Ehrliche Antworten geben Hinweise, ob Sie eher im X- oder Y-Modus unterwegs sind \u2013 unabh\u00e4ngig davon, welche F\u00fchrungsleitbilder offiziell kommuniziert werden.<\/p>\n<\/div><div class=\"m-block--container u-offset m-block--core--heading\">\n<h3 class=\"wp-block-heading\">Anzeichen f\u00fcr ein dominantes X-Menschenbild in Organisationen<\/h3>\n<\/div><div class=\"m-block--container u-offset m-block--core--list\">\n<ul class=\"wp-block-list\"><div class=\"m-block--container u-offset m-block--core--list-item\">\n<li>Dichtes Regelwerk, viele Genehmigungsschritte<\/li>\n<\/div>\n\n<div class=\"m-block--container u-offset m-block--core--list-item\">\n<li>Hohe Pr\u00e4senz- und Berichtspflichten<\/li>\n<\/div>\n\n<div class=\"m-block--container u-offset m-block--core--list-item\">\n<li>Geringe Beteiligung bei Entscheidungen<\/li>\n<\/div>\n\n<div class=\"m-block--container u-offset m-block--core--list-item\">\n<li>\u201eDienst nach Vorschrift\u201c und zynische Flureinstellungen<\/li>\n<\/div>\n\n<div class=\"m-block--container u-offset m-block--core--list-item\">\n<li>Innovationsinitiativen bleiben oberfl\u00e4chlich<\/li>\n<\/div><\/ul>\n<\/div><div class=\"m-block--container u-offset m-block--core--paragraph\">\n<p>Treffen mehrere Punkte zu, lohnt eine bewusste Auseinandersetzung mit den eigenen Menschenbildern.<\/p>\n<\/div><div class=\"m-block--container u-offset m-block--core--separator\">\n<hr class=\"wp-block-separator has-alpha-channel-opacity\"\/>\n<\/div><div class=\"m-block--container u-offset m-block--core--heading\">\n<h2 class=\"wp-block-heading\">Wie Sie sich von Theorie X zu mehr Theorie Y entwickeln<\/h2>\n<\/div><div class=\"m-block--container u-offset m-block--core--heading\">\n<h3 class=\"wp-block-heading\">1. Selbstbild und Fremdbild abgleichen<\/h3>\n<\/div><div class=\"m-block--container u-offset m-block--core--list\">\n<ul class=\"wp-block-list\"><div class=\"m-block--container u-offset m-block--core--list-item\">\n<li>Holen Sie <strong class=\"\">ehrliches Feedback<\/strong> ein (z. B. 360\u00b0-Feedback, vertrauliche Gespr\u00e4che).<\/li>\n<\/div>\n\n<div class=\"m-block--container u-offset m-block--core--list-item\">\n<li>Fragen Sie konkret: <em class=\"\">\u201eWo erlebst du mich als kontrollierend? Wo als vertrauensvoll?\u201c<\/em><\/li>\n<\/div>\n\n<div class=\"m-block--container u-offset m-block--core--list-item\">\n<li>Vergleichen Sie Ihr Selbstbild mit dem Fremdbild \u2013 gerade die Diskrepanzen sind wertvoll.<\/li>\n<\/div><\/ul>\n<\/div><div class=\"m-block--container u-offset m-block--core--heading\">\n<h3 class=\"wp-block-heading\">2. Struktur beibehalten, Kontrolle gezielt abbauen<\/h3>\n<\/div><div class=\"m-block--container u-offset m-block--core--paragraph\">\n<p>Ein Umstieg auf mehr Theorie Y bedeutet nicht Chaos, sondern <strong class=\"\">bewussten Kontrollabbau<\/strong>:<\/p>\n<\/div><div class=\"m-block--container u-offset m-block--core--list\">\n<ul class=\"wp-block-list\"><div class=\"m-block--container u-offset m-block--core--list-item\">\n<li>Delegieren Sie <strong class=\"\">Entscheidungsbefugnisse<\/strong> schrittweise mit klaren Grenzen (\u201eEntscheidungen bis Betrag X im Team\u201c).<\/li>\n<\/div>\n\n<div class=\"m-block--container u-offset m-block--core--list-item\">\n<li>Vereinbaren Sie <strong class=\"\">klare Ziele und Messgr\u00f6\u00dfen<\/strong>, statt Aktivit\u00e4ten zu kontrollieren.<\/li>\n<\/div>\n\n<div class=\"m-block--container u-offset m-block--core--list-item\">\n<li>Reduzieren Sie Berichte auf das Notwendige, konzentriert auf Ergebnisse und Risiken.<\/li>\n<\/div><\/ul>\n<\/div><div class=\"m-block--container u-offset m-block--core--heading\">\n<h3 class=\"wp-block-heading\">3. Autonomie erm\u00f6glichen \u2013 mit klaren Spielregeln<\/h3>\n<\/div><div class=\"m-block--container u-offset m-block--core--paragraph\">\n<p>F\u00f6rdern Sie Selbstorganisation, ohne Verantwortung \u201enach unten zu kippen\u201c:<\/p>\n<\/div><div class=\"m-block--container u-offset m-block--core--list\">\n<ul class=\"wp-block-list\"><div class=\"m-block--container u-offset m-block--core--list-item\">\n<li>Definieren Sie <strong class=\"\">Leitplanken<\/strong> (Ziele, Budgets, Qualit\u00e4tskriterien).<\/li>\n<\/div>\n\n<div class=\"m-block--container u-offset m-block--core--list-item\">\n<li>\u00dcberlassen Sie dem Team den Weg innerhalb dieser Leitplanken.<\/li>\n<\/div>\n\n<div class=\"m-block--container u-offset m-block--core--list-item\">\n<li>Unterst\u00fctzen Sie bei Hindernissen aktiv, statt Mikromanagement zu betreiben.<\/li>\n<\/div><\/ul>\n<\/div><div class=\"m-block--container u-offset m-block--core--heading\">\n<h3 class=\"wp-block-heading\">4. Fehler bewusst anders behandeln<\/h3>\n<\/div><div class=\"m-block--container u-offset m-block--core--paragraph\">\n<p>Ver\u00e4ndern Sie Ihre Signale im Umgang mit Fehlern:<\/p>\n<\/div><div class=\"m-block--container u-offset m-block--core--list\">\n<ul class=\"wp-block-list\"><div class=\"m-block--container u-offset m-block--core--list-item\">\n<li>Reagieren Sie bei Fehlern zuerst mit <strong class=\"\">Fragen<\/strong>, nicht mit Vorw\u00fcrfen.<\/li>\n<\/div>\n\n<div class=\"m-block--container u-offset m-block--core--list-item\">\n<li>Unterscheiden Sie klar zwischen <strong class=\"\">Lernfehlern<\/strong> und <strong class=\"\">Sorgfaltsverst\u00f6\u00dfen<\/strong>.<\/li>\n<\/div>\n\n<div class=\"m-block--container u-offset m-block--core--list-item\">\n<li>Etablieren Sie Formate wie <strong class=\"\">Retrospektiven<\/strong>, Lessons Learned oder Post-Mortems.<\/li>\n<\/div><\/ul>\n<\/div><div class=\"m-block--container u-offset m-block--core--heading\">\n<h3 class=\"wp-block-heading\">5. Potenziale aktiv entwickeln<\/h3>\n<\/div><div class=\"m-block--container u-offset m-block--core--paragraph\">\n<p>Ein Menschenbild der Theorie Y wird glaubw\u00fcrdig, wenn Entwicklung sichtbar gef\u00f6rdert wird:<\/p>\n<\/div><div class=\"m-block--container u-offset m-block--core--list\">\n<ul class=\"wp-block-list\"><div class=\"m-block--container u-offset m-block--core--list-item\">\n<li>Gemeinsame <strong class=\"\">Entwicklungspl\u00e4ne<\/strong> mit Mitarbeitenden erstellen<\/li>\n<\/div>\n\n<div class=\"m-block--container u-offset m-block--core--list-item\">\n<li><strong class=\"\">Job Enrichment<\/strong>: Verantwortung gezielt erweitern<\/li>\n<\/div>\n\n<div class=\"m-block--container u-offset m-block--core--list-item\">\n<li>Coaching- und Mentoring-Angebote nutzen<\/li>\n<\/div>\n\n<div class=\"m-block--container u-offset m-block--core--list-item\">\n<li>Erfolge und Fortschritte <strong class=\"\">sichtbar anerkennen<\/strong> \u2013 nicht nur Endergebnisse<\/li>\n<\/div><\/ul>\n<\/div><div class=\"m-block--container u-offset m-block--core--separator\">\n<hr class=\"wp-block-separator has-alpha-channel-opacity\"\/>\n<\/div><div class=\"m-block--container u-offset m-block--core--heading\">\n<h2 class=\"wp-block-heading\">Im Projekt- und Change-Management: Warum Menschenbilder \u00fcber Erfolg entscheiden<\/h2>\n<\/div><div class=\"m-block--container u-offset m-block--core--paragraph\">\n<p>Gerade in Projekten und Transformationsprogrammen kollidieren Menschenbilder besonders deutlich.<\/p>\n<\/div><div class=\"m-block--container u-offset m-block--core--heading\">\n<h3 class=\"wp-block-heading\">Typische X-Muster im Projektkontext<\/h3>\n<\/div><div class=\"m-block--container u-offset m-block--core--list\">\n<ul class=\"wp-block-list\"><div class=\"m-block--container u-offset m-block--core--list-item\">\n<li>Planung wird nur von der Projektleitung erstellt; Team wird informiert, aber nicht einbezogen<\/li>\n<\/div>\n\n<div class=\"m-block--container u-offset m-block--core--list-item\">\n<li>Widerst\u00e4nde werden als \u201eBlockadehaltung\u201c etikettiert statt als Feedback zur L\u00f6sung<\/li>\n<\/div>\n\n<div class=\"m-block--container u-offset m-block--core--list-item\">\n<li>Transparenz wird dosiert (\u201eInformation on a need-to-know basis\u201c)<\/li>\n<\/div><\/ul>\n<\/div><div class=\"m-block--container u-offset m-block--core--paragraph\">\n<p>Folge: Geringe Identifikation mit Zielen, verdeckte Konflikte, hohe Reibungsverluste.<\/p>\n<\/div><div class=\"m-block--container u-offset m-block--core--heading\">\n<h3 class=\"wp-block-heading\">Theory-Y-orientierter Projektansatz<\/h3>\n<\/div><div class=\"m-block--container u-offset m-block--core--list\">\n<ul class=\"wp-block-list\"><div class=\"m-block--container u-offset m-block--core--list-item\">\n<li><strong class=\"\">Stakeholder fr\u00fch einbinden<\/strong>, Perspektiven aufnehmen<\/li>\n<\/div>\n\n<div class=\"m-block--container u-offset m-block--core--list-item\">\n<li>Projektziele dialogisch sch\u00e4rfen, nicht nur top-down verk\u00fcnden<\/li>\n<\/div>\n\n<div class=\"m-block--container u-offset m-block--core--list-item\">\n<li><strong class=\"\">Verantwortung in Teilprojekten<\/strong> klar \u00fcbergeben und akzeptieren<\/li>\n<\/div>\n\n<div class=\"m-block--container u-offset m-block--core--list-item\">\n<li>Erfolge und Lernschritte regelm\u00e4\u00dfig im Team reflektieren<\/li>\n<\/div><\/ul>\n<\/div><div class=\"m-block--container u-offset m-block--core--paragraph\">\n<p>So entsteht Engagement \u2013 nicht, weil alle \u201emit allem einverstanden\u201c sind, sondern weil sie einbezogen und ernst genommen werden.<\/p>\n<\/div><div class=\"m-block--container u-offset m-block--core--separator\">\n<hr class=\"wp-block-separator has-alpha-channel-opacity\"\/>\n<\/div><div class=\"m-block--container u-offset m-block--core--heading\">\n<h2 class=\"wp-block-heading\">H\u00e4ufige Missverst\u00e4ndnisse \u00fcber die X-Y-Theorie<\/h2>\n<\/div><div class=\"m-block--container u-offset m-block--core--list\">\n<ol class=\"wp-block-list\"><div class=\"m-block--container u-offset m-block--core--list-item\">\n<li><strong class=\"\">\u201eTheorie Y hei\u00dft: Alles laufen lassen.\u201c<\/strong><div class=\"m-block--container u-offset m-block--core--list\">\n<ul class=\"wp-block-list\"><div class=\"m-block--container u-offset m-block--core--list-item\">\n<li>Falsch. Theorie Y setzt auf klare Ziele, Transparenz und Verantwortung \u2013 aber mit Vertrauen und Beteiligung statt reiner Kontrolle.<\/li>\n<\/div><\/ul>\n<\/div><\/li>\n<\/div>\n\n<div class=\"m-block--container u-offset m-block--core--list-item\">\n<li><strong class=\"\">\u201eMenschen sind entweder X oder Y.\u201c<\/strong><div class=\"m-block--container u-offset m-block--core--list\">\n<ul class=\"wp-block-list\"><div class=\"m-block--container u-offset m-block--core--list-item\">\n<li>Falsch. Die Theorie beschreibt Menschenbilder von F\u00fchrungskr\u00e4ften, nicht feste Eigenschaften von Mitarbeitenden.<\/li>\n<\/div><\/ul>\n<\/div><\/li>\n<\/div>\n\n<div class=\"m-block--container u-offset m-block--core--list-item\">\n<li><strong class=\"\">\u201eDie X-Y-Theorie ist veraltet.\u201c<\/strong><div class=\"m-block--container u-offset m-block--core--list\">\n<ul class=\"wp-block-list\"><div class=\"m-block--container u-offset m-block--core--list-item\">\n<li>Der Kontext hat sich ver\u00e4ndert, aber die Frage bleibt hochaktuell:<div class=\"m-block--container u-offset m-block--core--list\">\n<ul class=\"wp-block-list\"><div class=\"m-block--container u-offset m-block--core--list-item\">\n<li>Wie beeinflussen unsere Annahmen \u00fcber Menschen Entscheidungen in Hybrid Work, agilen Setups und KI-gest\u00fctzten Organisationen?<\/li>\n<\/div><\/ul>\n<\/div><\/li>\n<\/div><\/ul>\n<\/div><\/li>\n<\/div>\n\n<div class=\"m-block--container u-offset m-block--core--list-item\">\n<li><strong class=\"\">\u201eMan muss sich f\u00fcr X oder Y entscheiden.\u201c<\/strong><div class=\"m-block--container u-offset m-block--core--list\">\n<ul class=\"wp-block-list\"><div class=\"m-block--container u-offset m-block--core--list-item\">\n<li>In der Praxis braucht es <strong class=\"\">situative Balance<\/strong>, basierend auf einem reflektierten, eher ressourcenorientierten Grundverst\u00e4ndnis.<\/li>\n<\/div><\/ul>\n<\/div><\/li>\n<\/div><\/ol>\n<\/div><div class=\"m-block--container u-offset m-block--core--separator\">\n<hr class=\"wp-block-separator has-alpha-channel-opacity\"\/>\n<\/div><div class=\"m-block--container u-offset m-block--core--heading\">\n<h2 class=\"wp-block-heading\">Konkrete Schritte f\u00fcr Organisationen: Menschenbilder im Management gezielt weiterentwickeln<\/h2>\n<\/div><div class=\"m-block--container u-offset m-block--core--heading\">\n<h3 class=\"wp-block-heading\">Auf Organisationsebene<\/h3>\n<\/div><div class=\"m-block--container u-offset m-block--core--list\">\n<ul class=\"wp-block-list\"><div class=\"m-block--container u-offset m-block--core--list-item\">\n<li><strong class=\"\">F\u00fchrungsleitbild<\/strong>: Menschenbilder explizit adressieren (\u201eWir gehen davon aus, dass\u2026\u201c)<\/li>\n<\/div>\n\n<div class=\"m-block--container u-offset m-block--core--list-item\">\n<li><strong class=\"\">HR-Systeme \u00fcberpr\u00fcfen<\/strong>:<div class=\"m-block--container u-offset m-block--core--list\">\n<ul class=\"wp-block-list\"><div class=\"m-block--container u-offset m-block--core--list-item\">\n<li>Passen Leistungsbewertung, Verg\u00fctung, Karrierepfade zu einem Theory-Y-Ansatz?<\/li>\n<\/div><\/ul>\n<\/div><\/li>\n<\/div>\n\n<div class=\"m-block--container u-offset m-block--core--list-item\">\n<li><strong class=\"\">Kulturarbeit<\/strong>:<div class=\"m-block--container u-offset m-block--core--list\">\n<ul class=\"wp-block-list\"><div class=\"m-block--container u-offset m-block--core--list-item\">\n<li>Formate schaffen, in denen offen \u00fcber Vertrauen, Verantwortung und Fehlerkultur gesprochen werden kann<\/li>\n<\/div><\/ul>\n<\/div><\/li>\n<\/div>\n\n<div class=\"m-block--container u-offset m-block--core--list-item\">\n<li><strong class=\"\">Strukturen anpassen<\/strong>:<div class=\"m-block--container u-offset m-block--core--list\">\n<ul class=\"wp-block-list\"><div class=\"m-block--container u-offset m-block--core--list-item\">\n<li>Wo verhindern unn\u00f6tige Hierarchiestufen und Genehmigungskaskaden Eigenverantwortung?<\/li>\n<\/div><\/ul>\n<\/div><\/li>\n<\/div><\/ul>\n<\/div><div class=\"m-block--container u-offset m-block--core--heading\">\n<h3 class=\"wp-block-heading\">Auf Teamebene<\/h3>\n<\/div><div class=\"m-block--container u-offset m-block--core--list\">\n<ul class=\"wp-block-list\"><div class=\"m-block--container u-offset m-block--core--list-item\">\n<li>Gemeinsame Workshops zu <strong class=\"\">Rollen, Verantwortlichkeiten und Entscheidungsrechten<\/strong><\/li>\n<\/div>\n\n<div class=\"m-block--container u-offset m-block--core--list-item\">\n<li>Regelm\u00e4\u00dfige <strong class=\"\">Team-Reflexionen<\/strong>: \u201eWas brauchen wir, um mehr Verantwortung \u00fcbernehmen zu k\u00f6nnen?\u201c<\/li>\n<\/div>\n\n<div class=\"m-block--container u-offset m-block--core--list-item\">\n<li>Klare, gemeinsam vereinbarte <strong class=\"\">Spielregeln<\/strong> f\u00fcr Zusammenarbeit, Transparenz und Erreichbarkeit<\/li>\n<\/div><\/ul>\n<\/div><div class=\"m-block--container u-offset m-block--core--separator\">\n<hr class=\"wp-block-separator has-alpha-channel-opacity\"\/>\n<\/div><div class=\"m-block--container u-offset m-block--core--heading\">\n<h2 class=\"wp-block-heading\">Fazit: Die X-Y-Theorie als Spiegel f\u00fcr Ihr F\u00fchrungsverhalten<\/h2>\n<\/div><div class=\"m-block--container u-offset m-block--core--paragraph\">\n<p>Die X-Y-Theorie ist kein modisches F\u00fchrungsframework, sondern ein <strong class=\"\">Spiegel<\/strong>: Sie macht sichtbar, welche grunds\u00e4tzlichen Annahmen F\u00fchrungskr\u00e4fte \u00fcber Menschen haben \u2013 und wie diese Annahmen Kultur, Struktur und Ergebnisse beeinflussen.<\/p>\n<\/div><div class=\"m-block--container u-offset m-block--core--paragraph\">\n<p>Wesentliche Einsichten:<\/p>\n<\/div><div class=\"m-block--container u-offset m-block--core--list\">\n<ul class=\"wp-block-list\"><div class=\"m-block--container u-offset m-block--core--list-item\">\n<li>Menschenbilder im Management sind <strong class=\"\">wirksamer<\/strong> als viele Tools und Methoden.<\/li>\n<\/div>\n\n<div class=\"m-block--container u-offset m-block--core--list-item\">\n<li>Theorie X und Theorie Y sind keine Etiketten f\u00fcr Mitarbeitende, sondern Haltungen von F\u00fchrungskr\u00e4ften.<\/li>\n<\/div>\n\n<div class=\"m-block--container u-offset m-block--core--list-item\">\n<li>Moderne F\u00fchrungsans\u00e4tze \u2013 von Agilit\u00e4t bis New Work \u2013 setzen faktisch ein eher Theory-Y-orientiertes Menschenbild voraus.<\/li>\n<\/div>\n\n<div class=\"m-block--container u-offset m-block--core--list-item\">\n<li>Professionelle F\u00fchrung hei\u00dft, das eigene Menschenbild zu reflektieren, situativ zu variieren und Strukturen so zu gestalten, dass Eigenverantwortung m\u00f6glich wird.<\/li>\n<\/div><\/ul>\n<\/div><div class=\"m-block--container u-offset m-block--core--paragraph\">\n<p>Wenn Sie als Entscheider, Projektleiter oder F\u00fchrungskraft nachhaltige Leistungsf\u00e4higkeit, Motivation und Innovationskraft aufbauen wollen, ist die ehrliche Auseinandersetzung mit Ihren eigenen Menschenbildern ein zentraler Hebel.<\/p>\n<\/div><div class=\"m-block--container u-offset m-block--core--separator\">\n<hr class=\"wp-block-separator has-alpha-channel-opacity\"\/>\n<\/div><div class=\"m-block--container u-offset m-block--core--heading\">\n<h2 class=\"wp-block-heading\">N\u00e4chste Schritte: Menschenbilder im eigenen Unternehmen weiterentwickeln<\/h2>\n<\/div><div class=\"m-block--container u-offset m-block--core--paragraph\">\n<p>Wenn Sie den Eindruck haben, dass in Ihrer Organisation noch viel unausgesch\u00f6pftes Potenzial steckt \u2013 etwa durch zu viel Kontrolle, wenig Beteiligung oder eine zur\u00fcckhaltende Fehlerkultur \u2013, lohnt sich ein strukturierter Blick auf das zugrunde liegende F\u00fchrungsverst\u00e4ndnis.<\/p>\n<\/div><div class=\"m-block--container u-offset m-block--core--paragraph\">\n<p>Gemeinsam lassen sich unter anderem folgende Fragen bearbeiten:<\/p>\n<\/div><div class=\"m-block--container u-offset m-block--core--list\">\n<ul class=\"wp-block-list\"><div class=\"m-block--container u-offset m-block--core--list-item\">\n<li>Welche impliziten Menschenbilder pr\u00e4gen aktuell F\u00fchrung und Zusammenarbeit?<\/li>\n<\/div>\n\n<div class=\"m-block--container u-offset m-block--core--list-item\">\n<li>Wo unterst\u00fctzen Strukturen bereits Eigenverantwortung \u2013 und wo blockieren sie?<\/li>\n<\/div>\n\n<div class=\"m-block--container u-offset m-block--core--list-item\">\n<li>Wie kann F\u00fchrung so weiterentwickelt werden, dass sie zu Ihrem Gesch\u00e4ftsmodell, Ihrer Branche und Ihrer Kultur passt?<\/li>\n<\/div><\/ul>\n<\/div><div class=\"m-block--container u-offset m-block--core--paragraph\">\n<p>Wenn Sie dazu einen strukturierten Sparringspartner suchen \u2013 von der Diagnose \u00fcber Workshops bis zur Begleitung konkreter Ver\u00e4nderungsinitiativen \u2013, sprechen Sie die Expertinnen und Experten der <strong><a href=\"https:\/\/de.linkedin.com\/company\/pcgpureconsultantgmbh\">PURE Consultant<\/a><\/strong> an.<\/p>\n<\/div>","protected":false},"excerpt":{"rendered":"<p>X-Y-Theorie: Menschenbilder im Management &#8211; Die Art, wie F\u00fchrungskr\u00e4fte \u00fcber Menschen denken, pr\u00e4gt jede Entscheidung im Unternehmen \u2013 vom Daily Stand-up bis zur strategischen Neuausrichtung. Hinter vielen F\u00fchrungsproblemen steckt weniger ein \u201efalsches Tool\u201c als ein unbewusstes Menschenbild. Die X-Y-Theorie von Douglas McGregor macht genau diese Bilder sichtbar: Sehe ich Mitarbeitende eher als kontrollbed\u00fcrftige Risikofaktoren oder [&hellip;]<\/p>\n","protected":false},"author":6,"featured_media":0,"comment_status":"closed","ping_status":"closed","sticky":false,"template":"","format":"standard","meta":{"_acf_changed":false,"inline_featured_image":false,"footnotes":""},"categories":[57],"tags":[3153],"class_list":["post-28290","post","type-post","status-publish","format-standard","hentry","category-management","tag-x-y-theorie-menschenbilder-im-management"],"acf":[],"yoast_head":"<!-- This site is optimized with the Yoast SEO plugin v27.4 - https:\/\/yoast.com\/product\/yoast-seo-wordpress\/ -->\n<title>X-Y-Theorie: Menschenbilder im Management - PURE Consultant<\/title>\n<meta name=\"description\" content=\"X-Y-Theorie: Menschenbilder im Management verstehen und Teams gezielt motivieren. Optimieren Sie Ihre F\u00fchrung \u2013 informieren Sie sich jetzt!\" \/>\n<meta name=\"robots\" content=\"index, follow, max-snippet:-1, max-image-preview:large, max-video-preview:-1\" \/>\n<link rel=\"canonical\" href=\"https:\/\/www.pureconsultant.de\/de\/management\/x-y-theorie-menschenbilder-im-management\/\" \/>\n<meta property=\"og:locale\" content=\"de_DE\" \/>\n<meta property=\"og:type\" content=\"article\" \/>\n<meta property=\"og:title\" content=\"X-Y-Theorie: Menschenbilder im Management - PURE Consultant\" \/>\n<meta property=\"og:description\" content=\"X-Y-Theorie: Menschenbilder im Management verstehen und Teams gezielt motivieren. Optimieren Sie Ihre F\u00fchrung \u2013 informieren Sie sich jetzt!\" \/>\n<meta property=\"og:url\" content=\"https:\/\/www.pureconsultant.de\/de\/management\/x-y-theorie-menschenbilder-im-management\/\" \/>\n<meta property=\"og:site_name\" content=\"PURE Consultant\" \/>\n<meta property=\"article:published_time\" content=\"2026-03-12T10:45:54+00:00\" \/>\n<meta property=\"article:modified_time\" content=\"2026-03-12T10:46:09+00:00\" \/>\n<meta name=\"author\" content=\"Serhat K\u00fcpeli\" \/>\n<meta name=\"twitter:card\" content=\"summary_large_image\" \/>\n<meta name=\"twitter:label1\" content=\"Verfasst von\" \/>\n\t<meta name=\"twitter:data1\" content=\"Serhat K\u00fcpeli\" \/>\n\t<meta name=\"twitter:label2\" content=\"Gesch\u00e4tzte Lesezeit\" \/>\n\t<meta name=\"twitter:data2\" content=\"12\u00a0Minuten\" \/>\n<script type=\"application\/ld+json\" class=\"yoast-schema-graph\">{\"@context\":\"https:\\\/\\\/schema.org\",\"@graph\":[{\"@type\":\"Article\",\"@id\":\"https:\\\/\\\/www.pureconsultant.de\\\/de\\\/management\\\/x-y-theorie-menschenbilder-im-management\\\/#article\",\"isPartOf\":{\"@id\":\"https:\\\/\\\/www.pureconsultant.de\\\/de\\\/management\\\/x-y-theorie-menschenbilder-im-management\\\/\"},\"author\":{\"name\":\"Serhat K\u00fcpeli\",\"@id\":\"https:\\\/\\\/www.pureconsultant.de\\\/#\\\/schema\\\/person\\\/b879d2f247599ce3a636522dd8344e95\"},\"headline\":\"X-Y-Theorie: Menschenbilder im Management\",\"datePublished\":\"2026-03-12T10:45:54+00:00\",\"dateModified\":\"2026-03-12T10:46:09+00:00\",\"mainEntityOfPage\":{\"@id\":\"https:\\\/\\\/www.pureconsultant.de\\\/de\\\/management\\\/x-y-theorie-menschenbilder-im-management\\\/\"},\"wordCount\":2214,\"image\":{\"@id\":\"https:\\\/\\\/www.pureconsultant.de\\\/de\\\/management\\\/x-y-theorie-menschenbilder-im-management\\\/#primaryimage\"},\"thumbnailUrl\":\"https:\\\/\\\/www.pureconsultant.de\\\/wp-content\\\/uploads\\\/visual-selection353.svg\",\"keywords\":[\"X-Y-Theorie: Menschenbilder im Management\"],\"articleSection\":[\"Management\"],\"inLanguage\":\"de\"},{\"@type\":\"WebPage\",\"@id\":\"https:\\\/\\\/www.pureconsultant.de\\\/de\\\/management\\\/x-y-theorie-menschenbilder-im-management\\\/\",\"url\":\"https:\\\/\\\/www.pureconsultant.de\\\/de\\\/management\\\/x-y-theorie-menschenbilder-im-management\\\/\",\"name\":\"X-Y-Theorie: Menschenbilder im Management - PURE Consultant\",\"isPartOf\":{\"@id\":\"https:\\\/\\\/www.pureconsultant.de\\\/#website\"},\"primaryImageOfPage\":{\"@id\":\"https:\\\/\\\/www.pureconsultant.de\\\/de\\\/management\\\/x-y-theorie-menschenbilder-im-management\\\/#primaryimage\"},\"image\":{\"@id\":\"https:\\\/\\\/www.pureconsultant.de\\\/de\\\/management\\\/x-y-theorie-menschenbilder-im-management\\\/#primaryimage\"},\"thumbnailUrl\":\"https:\\\/\\\/www.pureconsultant.de\\\/wp-content\\\/uploads\\\/visual-selection353.svg\",\"datePublished\":\"2026-03-12T10:45:54+00:00\",\"dateModified\":\"2026-03-12T10:46:09+00:00\",\"author\":{\"@id\":\"https:\\\/\\\/www.pureconsultant.de\\\/#\\\/schema\\\/person\\\/b879d2f247599ce3a636522dd8344e95\"},\"description\":\"X-Y-Theorie: Menschenbilder im Management verstehen und Teams gezielt motivieren. Optimieren Sie Ihre F\u00fchrung \u2013 informieren Sie sich jetzt!\",\"breadcrumb\":{\"@id\":\"https:\\\/\\\/www.pureconsultant.de\\\/de\\\/management\\\/x-y-theorie-menschenbilder-im-management\\\/#breadcrumb\"},\"inLanguage\":\"de\",\"potentialAction\":[{\"@type\":\"ReadAction\",\"target\":[\"https:\\\/\\\/www.pureconsultant.de\\\/de\\\/management\\\/x-y-theorie-menschenbilder-im-management\\\/\"]}]},{\"@type\":\"ImageObject\",\"inLanguage\":\"de\",\"@id\":\"https:\\\/\\\/www.pureconsultant.de\\\/de\\\/management\\\/x-y-theorie-menschenbilder-im-management\\\/#primaryimage\",\"url\":\"https:\\\/\\\/www.pureconsultant.de\\\/wp-content\\\/uploads\\\/visual-selection353.svg\",\"contentUrl\":\"https:\\\/\\\/www.pureconsultant.de\\\/wp-content\\\/uploads\\\/visual-selection353.svg\"},{\"@type\":\"BreadcrumbList\",\"@id\":\"https:\\\/\\\/www.pureconsultant.de\\\/de\\\/management\\\/x-y-theorie-menschenbilder-im-management\\\/#breadcrumb\",\"itemListElement\":[{\"@type\":\"ListItem\",\"position\":1,\"name\":\"Startseite\",\"item\":\"https:\\\/\\\/www.pureconsultant.de\\\/de\\\/\"},{\"@type\":\"ListItem\",\"position\":2,\"name\":\"X-Y-Theorie: Menschenbilder im Management\"}]},{\"@type\":\"WebSite\",\"@id\":\"https:\\\/\\\/www.pureconsultant.de\\\/#website\",\"url\":\"https:\\\/\\\/www.pureconsultant.de\\\/\",\"name\":\"PURE Consultant\",\"description\":\"Scrum, PMO, Projektmanagement &amp; Prozessmanagement aus K\u00f6ln\",\"potentialAction\":[{\"@type\":\"SearchAction\",\"target\":{\"@type\":\"EntryPoint\",\"urlTemplate\":\"https:\\\/\\\/www.pureconsultant.de\\\/?s={search_term_string}\"},\"query-input\":{\"@type\":\"PropertyValueSpecification\",\"valueRequired\":true,\"valueName\":\"search_term_string\"}}],\"inLanguage\":\"de\"},{\"@type\":\"Person\",\"@id\":\"https:\\\/\\\/www.pureconsultant.de\\\/#\\\/schema\\\/person\\\/b879d2f247599ce3a636522dd8344e95\",\"name\":\"Serhat K\u00fcpeli\",\"image\":{\"@type\":\"ImageObject\",\"inLanguage\":\"de\",\"@id\":\"https:\\\/\\\/secure.gravatar.com\\\/avatar\\\/0886d2e74e7dfa20a0d9157eed001ec6efc4a799c718c80d37ebd532ec3810f1?s=96&d=mm&r=g\",\"url\":\"https:\\\/\\\/secure.gravatar.com\\\/avatar\\\/0886d2e74e7dfa20a0d9157eed001ec6efc4a799c718c80d37ebd532ec3810f1?s=96&d=mm&r=g\",\"contentUrl\":\"https:\\\/\\\/secure.gravatar.com\\\/avatar\\\/0886d2e74e7dfa20a0d9157eed001ec6efc4a799c718c80d37ebd532ec3810f1?s=96&d=mm&r=g\",\"caption\":\"Serhat K\u00fcpeli\"}}]}<\/script>\n<!-- \/ Yoast SEO plugin. -->","yoast_head_json":{"title":"X-Y-Theorie: Menschenbilder im Management - PURE Consultant","description":"X-Y-Theorie: Menschenbilder im Management verstehen und Teams gezielt motivieren. Optimieren Sie Ihre F\u00fchrung \u2013 informieren Sie sich jetzt!","robots":{"index":"index","follow":"follow","max-snippet":"max-snippet:-1","max-image-preview":"max-image-preview:large","max-video-preview":"max-video-preview:-1"},"canonical":"https:\/\/www.pureconsultant.de\/de\/management\/x-y-theorie-menschenbilder-im-management\/","og_locale":"de_DE","og_type":"article","og_title":"X-Y-Theorie: Menschenbilder im Management - PURE Consultant","og_description":"X-Y-Theorie: Menschenbilder im Management verstehen und Teams gezielt motivieren. Optimieren Sie Ihre F\u00fchrung \u2013 informieren Sie sich jetzt!","og_url":"https:\/\/www.pureconsultant.de\/de\/management\/x-y-theorie-menschenbilder-im-management\/","og_site_name":"PURE Consultant","article_published_time":"2026-03-12T10:45:54+00:00","article_modified_time":"2026-03-12T10:46:09+00:00","author":"Serhat K\u00fcpeli","twitter_card":"summary_large_image","twitter_misc":{"Verfasst von":"Serhat K\u00fcpeli","Gesch\u00e4tzte Lesezeit":"12\u00a0Minuten"},"schema":{"@context":"https:\/\/schema.org","@graph":[{"@type":"Article","@id":"https:\/\/www.pureconsultant.de\/de\/management\/x-y-theorie-menschenbilder-im-management\/#article","isPartOf":{"@id":"https:\/\/www.pureconsultant.de\/de\/management\/x-y-theorie-menschenbilder-im-management\/"},"author":{"name":"Serhat K\u00fcpeli","@id":"https:\/\/www.pureconsultant.de\/#\/schema\/person\/b879d2f247599ce3a636522dd8344e95"},"headline":"X-Y-Theorie: Menschenbilder im Management","datePublished":"2026-03-12T10:45:54+00:00","dateModified":"2026-03-12T10:46:09+00:00","mainEntityOfPage":{"@id":"https:\/\/www.pureconsultant.de\/de\/management\/x-y-theorie-menschenbilder-im-management\/"},"wordCount":2214,"image":{"@id":"https:\/\/www.pureconsultant.de\/de\/management\/x-y-theorie-menschenbilder-im-management\/#primaryimage"},"thumbnailUrl":"https:\/\/www.pureconsultant.de\/wp-content\/uploads\/visual-selection353.svg","keywords":["X-Y-Theorie: Menschenbilder im Management"],"articleSection":["Management"],"inLanguage":"de"},{"@type":"WebPage","@id":"https:\/\/www.pureconsultant.de\/de\/management\/x-y-theorie-menschenbilder-im-management\/","url":"https:\/\/www.pureconsultant.de\/de\/management\/x-y-theorie-menschenbilder-im-management\/","name":"X-Y-Theorie: Menschenbilder im Management - PURE Consultant","isPartOf":{"@id":"https:\/\/www.pureconsultant.de\/#website"},"primaryImageOfPage":{"@id":"https:\/\/www.pureconsultant.de\/de\/management\/x-y-theorie-menschenbilder-im-management\/#primaryimage"},"image":{"@id":"https:\/\/www.pureconsultant.de\/de\/management\/x-y-theorie-menschenbilder-im-management\/#primaryimage"},"thumbnailUrl":"https:\/\/www.pureconsultant.de\/wp-content\/uploads\/visual-selection353.svg","datePublished":"2026-03-12T10:45:54+00:00","dateModified":"2026-03-12T10:46:09+00:00","author":{"@id":"https:\/\/www.pureconsultant.de\/#\/schema\/person\/b879d2f247599ce3a636522dd8344e95"},"description":"X-Y-Theorie: Menschenbilder im Management verstehen und Teams gezielt motivieren. Optimieren Sie Ihre F\u00fchrung \u2013 informieren Sie sich jetzt!","breadcrumb":{"@id":"https:\/\/www.pureconsultant.de\/de\/management\/x-y-theorie-menschenbilder-im-management\/#breadcrumb"},"inLanguage":"de","potentialAction":[{"@type":"ReadAction","target":["https:\/\/www.pureconsultant.de\/de\/management\/x-y-theorie-menschenbilder-im-management\/"]}]},{"@type":"ImageObject","inLanguage":"de","@id":"https:\/\/www.pureconsultant.de\/de\/management\/x-y-theorie-menschenbilder-im-management\/#primaryimage","url":"https:\/\/www.pureconsultant.de\/wp-content\/uploads\/visual-selection353.svg","contentUrl":"https:\/\/www.pureconsultant.de\/wp-content\/uploads\/visual-selection353.svg"},{"@type":"BreadcrumbList","@id":"https:\/\/www.pureconsultant.de\/de\/management\/x-y-theorie-menschenbilder-im-management\/#breadcrumb","itemListElement":[{"@type":"ListItem","position":1,"name":"Startseite","item":"https:\/\/www.pureconsultant.de\/de\/"},{"@type":"ListItem","position":2,"name":"X-Y-Theorie: Menschenbilder im Management"}]},{"@type":"WebSite","@id":"https:\/\/www.pureconsultant.de\/#website","url":"https:\/\/www.pureconsultant.de\/","name":"PURE Consultant","description":"Scrum, PMO, Projektmanagement &amp; Prozessmanagement aus K\u00f6ln","potentialAction":[{"@type":"SearchAction","target":{"@type":"EntryPoint","urlTemplate":"https:\/\/www.pureconsultant.de\/?s={search_term_string}"},"query-input":{"@type":"PropertyValueSpecification","valueRequired":true,"valueName":"search_term_string"}}],"inLanguage":"de"},{"@type":"Person","@id":"https:\/\/www.pureconsultant.de\/#\/schema\/person\/b879d2f247599ce3a636522dd8344e95","name":"Serhat K\u00fcpeli","image":{"@type":"ImageObject","inLanguage":"de","@id":"https:\/\/secure.gravatar.com\/avatar\/0886d2e74e7dfa20a0d9157eed001ec6efc4a799c718c80d37ebd532ec3810f1?s=96&d=mm&r=g","url":"https:\/\/secure.gravatar.com\/avatar\/0886d2e74e7dfa20a0d9157eed001ec6efc4a799c718c80d37ebd532ec3810f1?s=96&d=mm&r=g","contentUrl":"https:\/\/secure.gravatar.com\/avatar\/0886d2e74e7dfa20a0d9157eed001ec6efc4a799c718c80d37ebd532ec3810f1?s=96&d=mm&r=g","caption":"Serhat K\u00fcpeli"}}]}},"_links":{"self":[{"href":"https:\/\/www.pureconsultant.de\/de\/wp-json\/wp\/v2\/posts\/28290","targetHints":{"allow":["GET"]}}],"collection":[{"href":"https:\/\/www.pureconsultant.de\/de\/wp-json\/wp\/v2\/posts"}],"about":[{"href":"https:\/\/www.pureconsultant.de\/de\/wp-json\/wp\/v2\/types\/post"}],"author":[{"embeddable":true,"href":"https:\/\/www.pureconsultant.de\/de\/wp-json\/wp\/v2\/users\/6"}],"replies":[{"embeddable":true,"href":"https:\/\/www.pureconsultant.de\/de\/wp-json\/wp\/v2\/comments?post=28290"}],"version-history":[{"count":2,"href":"https:\/\/www.pureconsultant.de\/de\/wp-json\/wp\/v2\/posts\/28290\/revisions"}],"predecessor-version":[{"id":28293,"href":"https:\/\/www.pureconsultant.de\/de\/wp-json\/wp\/v2\/posts\/28290\/revisions\/28293"}],"wp:attachment":[{"href":"https:\/\/www.pureconsultant.de\/de\/wp-json\/wp\/v2\/media?parent=28290"}],"wp:term":[{"taxonomy":"category","embeddable":true,"href":"https:\/\/www.pureconsultant.de\/de\/wp-json\/wp\/v2\/categories?post=28290"},{"taxonomy":"post_tag","embeddable":true,"href":"https:\/\/www.pureconsultant.de\/de\/wp-json\/wp\/v2\/tags?post=28290"}],"curies":[{"name":"wp","href":"https:\/\/api.w.org\/{rel}","templated":true}]}}