{"id":27234,"date":"2026-01-29T15:06:23","date_gmt":"2026-01-29T14:06:23","guid":{"rendered":"https:\/\/www.pureconsultant.de\/de\/?p=27234"},"modified":"2026-01-29T15:06:34","modified_gmt":"2026-01-29T14:06:34","slug":"personas-vs-zielgruppen","status":"publish","type":"post","link":"https:\/\/www.pureconsultant.de\/de\/projektmanagement\/personas-vs-zielgruppen\/","title":{"rendered":"Personas vs. Zielgruppen"},"content":{"rendered":"<div class=\"m-block--container u-offset m-block--core--paragraph\">\n<p>Personas vs. Zielgruppen &#8211; <strong><a href=\"https:\/\/www.pureconsultant.de\/de\/projektmanagement\/personas-erstellen\/\">Personas<\/a><\/strong> und <strong><a href=\"https:\/\/www.pureconsultant.de\/de\/management\/zielgruppe\/\" type=\"post\" id=\"9528\">Zielgruppen<\/a><\/strong> werden in vielen Unternehmen synonym verwendet \u2013 mit sp\u00fcrbaren Folgen: unklare Entscheidungen, verpuffende Ma\u00dfnahmen, frustrierte Projektteams. Wer beides sauber trennt und richtig einsetzt, gewinnt Klarheit in Strategie, Kommunikation, Produktentwicklung und Change-Projekten.<br>In diesem Artikel erfahren Sie, was Zielgruppen und Personas genau sind, worin sich beide unterscheiden, wie Sie beides Schritt f\u00fcr Schritt erstellen \u2013 und wie Sie Personas vs. Zielgruppen in Projekten so kombinieren, dass daraus messbarer Mehrwert entsteht.<\/p>\n<\/div><div class=\"m-block--container u-offset m-block--core--image\">\n<figure class=\"wp-block-image size-large\"><img loading=\"lazy\" decoding=\"async\" width=\"1044\" height=\"558\" src=\"https:\/\/www.pureconsultant.de\/wp-content\/uploads\/visual-selection251.svg\" alt=\"Personas vs. Zielgruppen\" class=\"wp-image-27236\"\/><figcaption class=\"wp-element-caption\">Personas vs. Zielgruppen<\/figcaption><\/figure>\n<\/div><div class=\"m-block--container u-offset m-block--core--separator\">\n<hr class=\"wp-block-separator has-alpha-channel-opacity\"\/>\n<\/div><div class=\"m-block--container u-offset m-block--core--heading\">\n<h2 class=\"wp-block-heading\">Warum der Unterschied zwischen Personas und Zielgruppen so entscheidend ist<\/h2>\n<\/div><div class=\"m-block--container u-offset m-block--core--paragraph\">\n<p>Ob Digitalisierungsvorhaben, neue Software, Change-Projekt oder Produktlaunch: Fast jede Ma\u00dfnahme richtet sich an Menschen \u2013 mit unterschiedlichen Rollen, Bed\u00fcrfnissen, \u00c4ngsten und Entscheidungslogiken.<\/p>\n<\/div><div class=\"m-block--container u-offset m-block--core--paragraph\">\n<p>Wenn hier nur grobe Zielgruppenbeschreibungen existieren, bleiben wichtige Fragen offen:<\/p>\n<\/div><div class=\"m-block--container u-offset m-block--core--list\">\n<ul class=\"wp-block-list\"><div class=\"m-block--container u-offset m-block--core--list-item\">\n<li>Wer entscheidet tats\u00e4chlich?<\/li>\n<\/div>\n\n<div class=\"m-block--container u-offset m-block--core--list-item\">\n<li>Wer blockiert, obwohl er nicht offiziell Entscheider ist?<\/li>\n<\/div>\n\n<div class=\"m-block--container u-offset m-block--core--list-item\">\n<li>Welche Informationen braucht wer, in welcher Tiefe?<\/li>\n<\/div>\n\n<div class=\"m-block--container u-offset m-block--core--list-item\">\n<li>Welche Argumente \u00fcberzeugen Fachanwender vs. Management?<\/li>\n<\/div><\/ul>\n<\/div><div class=\"m-block--container u-offset m-block--core--paragraph\">\n<p>Personas helfen, diese L\u00fccke zu schlie\u00dfen. Sie sch\u00e4rfen den Blick auf konkrete Vertreter einer Zielgruppe. Zielgruppen geben den Rahmen, Personas machen ihn greifbar. Beides zusammen liefert eine solide Grundlage f\u00fcr:<\/p>\n<\/div><div class=\"m-block--container u-offset m-block--core--list\">\n<ul class=\"wp-block-list\"><div class=\"m-block--container u-offset m-block--core--list-item\">\n<li>klare Priorit\u00e4ten in Projekten<\/li>\n<\/div>\n\n<div class=\"m-block--container u-offset m-block--core--list-item\">\n<li>passgenaue Kommunikation und Change-Ma\u00dfnahmen<\/li>\n<\/div>\n\n<div class=\"m-block--container u-offset m-block--core--list-item\">\n<li>zielgerichtete Produkt- und Serviceentwicklung<\/li>\n<\/div>\n\n<div class=\"m-block--container u-offset m-block--core--list-item\">\n<li>bessere Abstimmung zwischen Fachbereichen, IT, Marketing und Vertrieb<\/li>\n<\/div><\/ul>\n<\/div><div class=\"m-block--container u-offset m-block--core--separator\">\n<hr class=\"wp-block-separator has-alpha-channel-opacity\"\/>\n<\/div><div class=\"m-block--container u-offset m-block--core--heading\">\n<h2 class=\"wp-block-heading\">Was ist eine Zielgruppe?<\/h2>\n<\/div><div class=\"m-block--container u-offset m-block--core--paragraph\">\n<p><strong class=\"\">Kurzdefinition:<\/strong><br class=\"\">Eine Zielgruppe ist eine klar abgrenzbare Gruppe von Personen oder Organisationen mit \u00e4hnlichen Merkmalen, Bed\u00fcrfnissen oder Verhaltensweisen, die ein Unternehmen mit bestimmten Angeboten ansprechen m\u00f6chte.<\/p>\n<\/div><div class=\"m-block--container u-offset m-block--core--paragraph\">\n<p>Typische Merkmale von Zielgruppen im B2B-Umfeld sind zum Beispiel:<\/p>\n<\/div><div class=\"m-block--container u-offset m-block--core--list\">\n<ul class=\"wp-block-list\"><div class=\"m-block--container u-offset m-block--core--list-item\">\n<li>Branche (z.\u202fB. Maschinenbau, Gesundheitswesen, Finanzdienstleister)<\/li>\n<\/div>\n\n<div class=\"m-block--container u-offset m-block--core--list-item\">\n<li>Unternehmensgr\u00f6\u00dfe (KMU, Konzern, Mittelstand)<\/li>\n<\/div>\n\n<div class=\"m-block--container u-offset m-block--core--list-item\">\n<li>Region oder Markt (DACH, EMEA, global)<\/li>\n<\/div>\n\n<div class=\"m-block--container u-offset m-block--core--list-item\">\n<li>Funktion im Unternehmen (IT-Leitung, HR, Vertrieb, Finance)<\/li>\n<\/div>\n\n<div class=\"m-block--container u-offset m-block--core--list-item\">\n<li>Reifegrad (Digitalisierung, Prozessorganisation, Projektmanagement)<\/li>\n<\/div><\/ul>\n<\/div><div class=\"m-block--container u-offset m-block--core--paragraph\">\n<p><strong class=\"\">Beispiel f\u00fcr eine B2B-Zielgruppe:<\/strong><br class=\"\">\u201eIT-Leiter und CIOs in mittelst\u00e4ndischen Produktionsunternehmen in der DACH-Region mit 250\u20131.000 Mitarbeitenden, die vor einer ERP-Modernisierung stehen.\u201c<\/p>\n<\/div><div class=\"m-block--container u-offset m-block--core--paragraph\">\n<p>Zielgruppen werden vor allem genutzt f\u00fcr:<\/p>\n<\/div><div class=\"m-block--container u-offset m-block--core--list\">\n<ul class=\"wp-block-list\"><div class=\"m-block--container u-offset m-block--core--list-item\">\n<li>strategische Planung<\/li>\n<\/div>\n\n<div class=\"m-block--container u-offset m-block--core--list-item\">\n<li>Marktauswahl und Segmentierung<\/li>\n<\/div>\n\n<div class=\"m-block--container u-offset m-block--core--list-item\">\n<li>Budgetallokation<\/li>\n<\/div>\n\n<div class=\"m-block--container u-offset m-block--core--list-item\">\n<li>Reporting und Controlling<\/li>\n<\/div>\n\n<div class=\"m-block--container u-offset m-block--core--list-item\">\n<li>grobe Ausrichtung von Marketing- und Vertriebsaktivit\u00e4ten<\/li>\n<\/div><\/ul>\n<\/div><div class=\"m-block--container u-offset m-block--core--separator\">\n<hr class=\"wp-block-separator has-alpha-channel-opacity\"\/>\n<\/div><div class=\"m-block--container u-offset m-block--core--heading\">\n<h2 class=\"wp-block-heading\">Was ist eine Persona?<\/h2>\n<\/div><div class=\"m-block--container u-offset m-block--core--paragraph\">\n<p><strong class=\"\">Kurzdefinition:<\/strong><br class=\"\">Eine Persona ist ein fiktiver, aber datenbasiert beschriebener Prototyp eines typischen Vertreters einer Zielgruppe \u2013 mit Namen, Biografie, Zielen, Motiven, H\u00fcrden und realistischen Verhaltensmustern.<\/p>\n<\/div><div class=\"m-block--container u-offset m-block--core--paragraph\">\n<p>Eine Persona verdichtet qualitative und quantitative Erkenntnisse zu einer greifbaren Figur. Sie beantwortet Fragen wie:<\/p>\n<\/div><div class=\"m-block--container u-offset m-block--core--list\">\n<ul class=\"wp-block-list\"><div class=\"m-block--container u-offset m-block--core--list-item\">\n<li>Was will diese Person erreichen?<\/li>\n<\/div>\n\n<div class=\"m-block--container u-offset m-block--core--list-item\">\n<li>Wovor hat sie Angst?<\/li>\n<\/div>\n\n<div class=\"m-block--container u-offset m-block--core--list-item\">\n<li>Wie informierte sie sich?<\/li>\n<\/div>\n\n<div class=\"m-block--container u-offset m-block--core--list-item\">\n<li>Welche Argumente \u00fcberzeugen sie?<\/li>\n<\/div>\n\n<div class=\"m-block--container u-offset m-block--core--list-item\">\n<li>Welche Einw\u00e4nde bringt sie?<\/li>\n<\/div><\/ul>\n<\/div><div class=\"m-block--container u-offset m-block--core--paragraph\">\n<p>Typische Bestandteile einer Persona:<\/p>\n<\/div><div class=\"m-block--container u-offset m-block--core--list\">\n<ul class=\"wp-block-list\"><div class=\"m-block--container u-offset m-block--core--list-item\">\n<li>Name und Kurzprofil (z.\u202fB. \u201eMartin Keller, 45, IT-Leiter\u201c)<\/li>\n<\/div>\n\n<div class=\"m-block--container u-offset m-block--core--list-item\">\n<li>Rolle im Unternehmen (Aufgaben, Verantwortung, Entscheidungsbefugnisse)<\/li>\n<\/div>\n\n<div class=\"m-block--container u-offset m-block--core--list-item\">\n<li>Ziele und Erfolgsma\u00dfst\u00e4be (KPIs, Priorit\u00e4ten, Erwartungen der Gesch\u00e4ftsf\u00fchrung)<\/li>\n<\/div>\n\n<div class=\"m-block--container u-offset m-block--core--list-item\">\n<li>Pain Points und Risiken (Sorgen, H\u00fcrden, Frustrationen)<\/li>\n<\/div>\n\n<div class=\"m-block--container u-offset m-block--core--list-item\">\n<li>Informationsverhalten (Kan\u00e4le, Medien, bevorzugte Formate)<\/li>\n<\/div>\n\n<div class=\"m-block--container u-offset m-block--core--list-item\">\n<li>Entscheidungslogik (rational, politisch, erfahrungsgetrieben etc.)<\/li>\n<\/div>\n\n<div class=\"m-block--container u-offset m-block--core--list-item\">\n<li>Einstellungen und Haltungen (z.\u202fB. zu Digitalisierung, Change, Remote Work)<\/li>\n<\/div><\/ul>\n<\/div><div class=\"m-block--container u-offset m-block--core--paragraph\">\n<p><strong class=\"\">Beispiel einer Persona im Projektkontext:<\/strong><\/p>\n<\/div><div class=\"m-block--container u-offset m-block--core--list\">\n<ul class=\"wp-block-list\"><div class=\"m-block--container u-offset m-block--core--list-item\">\n<li><strong class=\"\">Name:<\/strong> \u201eMartina Schuster, 42, Leiterin Finanzen eines mittelst\u00e4ndischen Herstellers\u201c<\/li>\n<\/div>\n\n<div class=\"m-block--container u-offset m-block--core--list-item\">\n<li><strong class=\"\">Ziele:<\/strong> Transparente, belastbare Kennzahlen; p\u00fcnktliche Abschl\u00fcsse; weniger Excel-Wildwuchs<\/li>\n<\/div>\n\n<div class=\"m-block--container u-offset m-block--core--list-item\">\n<li><strong class=\"\">Herausforderungen:<\/strong> Hohe Arbeitslast im Tagesgesch\u00e4ft, Skepsis gegen\u00fcber neuen Tools, Angst vor Reibungsverlusten in der \u00dcbergangsphase<\/li>\n<\/div>\n\n<div class=\"m-block--container u-offset m-block--core--list-item\">\n<li><strong class=\"\">Informationsverhalten:<\/strong> Fachartikel, Empfehlungen von Kollegen, Branchenveranstaltungen<\/li>\n<\/div>\n\n<div class=\"m-block--container u-offset m-block--core--list-item\">\n<li><strong class=\"\">Entscheidungsmuster:<\/strong> Risikoavers; will Referenzen sehen; erwartet klare Business Cases<\/li>\n<\/div><\/ul>\n<\/div><div class=\"m-block--container u-offset m-block--core--paragraph\">\n<p>Personas werden v.\u202fa. genutzt f\u00fcr:<\/p>\n<\/div><div class=\"m-block--container u-offset m-block--core--list\">\n<ul class=\"wp-block-list\"><div class=\"m-block--container u-offset m-block--core--list-item\">\n<li>User Experience und Produktdesign<\/li>\n<\/div>\n\n<div class=\"m-block--container u-offset m-block--core--list-item\">\n<li>Content-Strategie und Kommunikation<\/li>\n<\/div>\n\n<div class=\"m-block--container u-offset m-block--core--list-item\">\n<li>Change-Management und Schulungskonzepte<\/li>\n<\/div>\n\n<div class=\"m-block--container u-offset m-block--core--list-item\">\n<li>Anforderungsmanagement und Priorisierung in Projekten<\/li>\n<\/div><\/ul>\n<\/div><div class=\"m-block--container u-offset m-block--core--separator\">\n<hr class=\"wp-block-separator has-alpha-channel-opacity\"\/>\n<\/div><div class=\"m-block--container u-offset m-block--core--heading\">\n<h2 class=\"wp-block-heading\">Personas vs. Zielgruppen: die wichtigsten Unterschiede auf einen Blick<\/h2>\n<\/div><div class=\"m-block--container u-offset m-block--core--paragraph\">\n<p><strong class=\"\">Kurzantwort:<\/strong><br class=\"\">Zielgruppen beschreiben \u201ewer in etwa\u201c, Personas beschreiben \u201ewer genau und wie tickt diese Person\u201c.<\/p>\n<\/div><div class=\"m-block--container u-offset m-block--core--paragraph\">\n<p><strong class=\"\">Wesentliche Unterschiede:<\/strong><\/p>\n<\/div><div class=\"m-block--container u-offset m-block--core--list\">\n<ul class=\"wp-block-list\"><div class=\"m-block--container u-offset m-block--core--list-item\">\n<li><strong class=\"\">Abstraktionsebene<\/strong><div class=\"m-block--container u-offset m-block--core--list\">\n<ul class=\"wp-block-list\"><div class=\"m-block--container u-offset m-block--core--list-item\">\n<li>Zielgruppe: eher breit (\u201eIT-Leiter im Mittelstand\u201c)<\/li>\n<\/div>\n\n<div class=\"m-block--container u-offset m-block--core--list-item\">\n<li>Persona: konkret (\u201eMartin, 48, IT-Leiter, seit 10 Jahren im Unternehmen, stark kostenorientiert\u201c)<\/li>\n<\/div><\/ul>\n<\/div><\/li>\n<\/div>\n\n<div class=\"m-block--container u-offset m-block--core--list-item\">\n<li><strong class=\"\">Zweck<\/strong><div class=\"m-block--container u-offset m-block--core--list\">\n<ul class=\"wp-block-list\"><div class=\"m-block--container u-offset m-block--core--list-item\">\n<li>Zielgruppe: Marktsegmentierung, strategische Entscheidungen<\/li>\n<\/div>\n\n<div class=\"m-block--container u-offset m-block--core--list-item\">\n<li>Persona: operative Planung, Inhalte, UX, Features, Change-Ma\u00dfnahmen<\/li>\n<\/div><\/ul>\n<\/div><\/li>\n<\/div>\n\n<div class=\"m-block--container u-offset m-block--core--list-item\">\n<li><strong class=\"\">Tiefe der Beschreibung<\/strong><div class=\"m-block--container u-offset m-block--core--list\">\n<ul class=\"wp-block-list\"><div class=\"m-block--container u-offset m-block--core--list-item\">\n<li>Zielgruppe: demografische, organisatorische und strukturelle Merkmale<\/li>\n<\/div>\n\n<div class=\"m-block--container u-offset m-block--core--list-item\">\n<li>Persona: Motive, Emotionen, Entscheidungslogik, Verhalten<\/li>\n<\/div><\/ul>\n<\/div><\/li>\n<\/div>\n\n<div class=\"m-block--container u-offset m-block--core--list-item\">\n<li><strong class=\"\">Nutzungsort<\/strong><div class=\"m-block--container u-offset m-block--core--list\">\n<ul class=\"wp-block-list\"><div class=\"m-block--container u-offset m-block--core--list-item\">\n<li>Zielgruppe: Vorstand, Gesch\u00e4ftsf\u00fchrung, Marketing, Vertrieb<\/li>\n<\/div>\n\n<div class=\"m-block--container u-offset m-block--core--list-item\">\n<li>Persona: Produktteams, Projektleiter, UX-Designer, Change Manager, Kommunikation<\/li>\n<\/div><\/ul>\n<\/div><\/li>\n<\/div>\n\n<div class=\"m-block--container u-offset m-block--core--list-item\">\n<li><strong class=\"\">Datengrundlage<\/strong><div class=\"m-block--container u-offset m-block--core--list\">\n<ul class=\"wp-block-list\"><div class=\"m-block--container u-offset m-block--core--list-item\">\n<li>Zielgruppe: h\u00e4ufig auf Markt- und Kundendaten, CRM, Statistiken<\/li>\n<\/div>\n\n<div class=\"m-block--container u-offset m-block--core--list-item\">\n<li>Persona: zus\u00e4tzlich qualitative Interviews, Beobachtungen, Projekterfahrung<\/li>\n<\/div><\/ul>\n<\/div><\/li>\n<\/div><\/ul>\n<\/div><div class=\"m-block--container u-offset m-block--core--separator\">\n<hr class=\"wp-block-separator has-alpha-channel-opacity\"\/>\n<\/div><div class=\"m-block--container u-offset m-block--core--heading\">\n<h2 class=\"wp-block-heading\">Wann reichen Zielgruppen \u2013 und wann brauchen Sie Personas?<\/h2>\n<\/div><div class=\"m-block--container u-offset m-block--core--paragraph\">\n<p><strong class=\"\">Zielgruppen reichen oft aus, wenn \u2026<\/strong><\/p>\n<\/div><div class=\"m-block--container u-offset m-block--core--list\">\n<ul class=\"wp-block-list\"><div class=\"m-block--container u-offset m-block--core--list-item\">\n<li>es um Marktgr\u00f6\u00dfe, Potenziale und Budgetentscheidungen geht<\/li>\n<\/div>\n\n<div class=\"m-block--container u-offset m-block--core--list-item\">\n<li>Sie grob priorisieren m\u00fcssen, welche M\u00e4rkte\/Branchen Sie adressieren<\/li>\n<\/div>\n\n<div class=\"m-block--container u-offset m-block--core--list-item\">\n<li>Massenkommunikation oder breite Awareness-Kampagnen geplant sind<\/li>\n<\/div>\n\n<div class=\"m-block--container u-offset m-block--core--list-item\">\n<li>es prim\u00e4r um Reporting, Forecasts und Portfolioentscheidungen geht<\/li>\n<\/div><\/ul>\n<\/div><div class=\"m-block--container u-offset m-block--core--paragraph\">\n<p><strong class=\"\">Personas sind zwingend n\u00f6tig, wenn \u2026<\/strong><\/p>\n<\/div><div class=\"m-block--container u-offset m-block--core--list\">\n<ul class=\"wp-block-list\"><div class=\"m-block--container u-offset m-block--core--list-item\">\n<li>komplexe B2B-Kaufprozesse mit mehreren Stakeholdern vorliegen<\/li>\n<\/div>\n\n<div class=\"m-block--container u-offset m-block--core--list-item\">\n<li>neue Software, Tools oder Prozesse eingef\u00fchrt werden sollen<\/li>\n<\/div>\n\n<div class=\"m-block--container u-offset m-block--core--list-item\">\n<li>Fachanwender, F\u00fchrungskr\u00e4fte und IT sehr unterschiedliche Bed\u00fcrfnisse haben<\/li>\n<\/div>\n\n<div class=\"m-block--container u-offset m-block--core--list-item\">\n<li>Sie User Journeys, Customer Journeys oder Prozessdesign erarbeiten<\/li>\n<\/div>\n\n<div class=\"m-block--container u-offset m-block--core--list-item\">\n<li>Change-Management erfolgskritisch ist (z.\u202fB. bei ERP-, CRM-, DMS-Einf\u00fchrungen)<\/li>\n<\/div>\n\n<div class=\"m-block--container u-offset m-block--core--list-item\">\n<li>Inhalte, Schulungen oder Kommunikationsma\u00dfnahmen zielgenau wirken sollen<\/li>\n<\/div><\/ul>\n<\/div><div class=\"m-block--container u-offset m-block--core--paragraph\">\n<p><strong class=\"\">Praxisregel:<\/strong><br class=\"\">Je st\u00e4rker eine Ma\u00dfnahme Verhaltens\u00e4nderung, Akzeptanz und aktives Mitarbeiten verlangt, desto wichtiger sind detaillierte Personas.<\/p>\n<\/div><div class=\"m-block--container u-offset m-block--core--separator\">\n<hr class=\"wp-block-separator has-alpha-channel-opacity\"\/>\n<\/div><div class=\"m-block--container u-offset m-block--core--heading\">\n<h2 class=\"wp-block-heading\">H\u00e4ufige Missverst\u00e4ndnisse und Fehler bei Personas und Zielgruppen<\/h2>\n<\/div><div class=\"m-block--container u-offset m-block--core--paragraph\">\n<p>In vielen Unternehmen kursieren \u201ePersonas\u201c und \u201eZielbilder\u201c, die in der Praxis kaum helfen. Typische Fehler sind:<\/p>\n<\/div><div class=\"m-block--container u-offset m-block--core--list\">\n<ul class=\"wp-block-list\"><div class=\"m-block--container u-offset m-block--core--list-item\">\n<li><strong class=\"\">Personas nur mit demografischen Daten<\/strong><br>(\u201em, 35\u201345, studiert, verheiratet\u201c) \u2013 ohne Bezug zu Zielen, Aufgaben, politischen Zw\u00e4ngen oder Entscheidungslogik.<\/li>\n<\/div>\n\n<div class=\"m-block--container u-offset m-block--core--list-item\">\n<li><strong class=\"\">Verwechslung von Rolle und Persona<\/strong><br>\u201eDer Fachbereichsleiter\u201c ist eine Rolle, keine Persona. Eine Persona beschreibt eine konkrete, typische Person in dieser Rolle.<\/li>\n<\/div>\n\n<div class=\"m-block--container u-offset m-block--core--list-item\">\n<li><strong class=\"\">Zu viele Personas<\/strong><br>Zehn oder mehr Personas pro Projekt \u00fcberfordern Teams. Folge: Niemand nutzt sie.<\/li>\n<\/div>\n\n<div class=\"m-block--container u-offset m-block--core--list-item\">\n<li><strong class=\"\">Unvalidierte Personas<\/strong><br>Personas werden im Workshop \u201eerfunden\u201c, aber nicht mit realen Kunden oder Anwendern abgeglichen.<\/li>\n<\/div>\n\n<div class=\"m-block--container u-offset m-block--core--list-item\">\n<li><strong class=\"\">Personas als einmaliges Projektartefakt<\/strong><br>Nach dem Kick-off verschwinden sie in einer Pr\u00e4sentation und spielen im Alltag keine Rolle.<\/li>\n<\/div>\n\n<div class=\"m-block--container u-offset m-block--core--list-item\">\n<li><strong class=\"\">Keine Verbindung zur Zielgruppe<\/strong><br>Personas werden entwickelt, ohne vorher sauber gekl\u00e4rte Zielgruppen. Ergebnis: unscharfer Fokus.<\/li>\n<\/div><\/ul>\n<\/div><div class=\"m-block--container u-offset m-block--core--paragraph\">\n<p>Wer Personas vs. Zielgruppen sauber trennt und beides auf belastbare Daten st\u00fctzt, vermeidet diese typischen Stolpersteine.<\/p>\n<\/div><div class=\"m-block--container u-offset m-block--core--separator\">\n<hr class=\"wp-block-separator has-alpha-channel-opacity\"\/>\n<\/div><div class=\"m-block--container u-offset m-block--core--heading\">\n<h2 class=\"wp-block-heading\">Schritt-f\u00fcr-Schritt: Zielgruppen klar definieren<\/h2>\n<\/div><div class=\"m-block--container u-offset m-block--core--heading\">\n<h3 class=\"wp-block-heading\">1. Kontext und Ziel kl\u00e4ren<\/h3>\n<\/div><div class=\"m-block--container u-offset m-block--core--list\">\n<ul class=\"wp-block-list\"><div class=\"m-block--container u-offset m-block--core--list-item\">\n<li>Wof\u00fcr definieren Sie die Zielgruppe? (Projekt, Produkt, Kampagne, Change)<\/li>\n<\/div>\n\n<div class=\"m-block--container u-offset m-block--core--list-item\">\n<li>Welche Entscheidungen sollen darauf basieren?<\/li>\n<\/div><\/ul>\n<\/div><div class=\"m-block--container u-offset m-block--core--heading\">\n<h3 class=\"wp-block-heading\">2. Relevante Kriterien festlegen<\/h3>\n<\/div><div class=\"m-block--container u-offset m-block--core--paragraph\">\n<p>Im B2B-Kontext bew\u00e4hrt sich eine Kombination aus:<\/p>\n<\/div><div class=\"m-block--container u-offset m-block--core--list\">\n<ul class=\"wp-block-list\"><div class=\"m-block--container u-offset m-block--core--list-item\">\n<li>Branche, Region, Unternehmensgr\u00f6\u00dfe<\/li>\n<\/div>\n\n<div class=\"m-block--container u-offset m-block--core--list-item\">\n<li>Reifegrad (z.\u202fB. Digitalisierung, Prozessmanagement)<\/li>\n<\/div>\n\n<div class=\"m-block--container u-offset m-block--core--list-item\">\n<li>Technologie-Stack (z.\u202fB. bestehende ERP-\/CRM-Systeme)<\/li>\n<\/div>\n\n<div class=\"m-block--container u-offset m-block--core--list-item\">\n<li>Organisationsstruktur (z.\u202fB. zentrale vs. dezentrale IT)<\/li>\n<\/div><\/ul>\n<\/div><div class=\"m-block--container u-offset m-block--core--heading\">\n<h3 class=\"wp-block-heading\">3. Datenquellen nutzen<\/h3>\n<\/div><div class=\"m-block--container u-offset m-block--core--list\">\n<ul class=\"wp-block-list\"><div class=\"m-block--container u-offset m-block--core--list-item\">\n<li>CRM- und Vertriebsdaten<\/li>\n<\/div>\n\n<div class=\"m-block--container u-offset m-block--core--list-item\">\n<li>bestehende Kundenlisten und Ums\u00e4tze<\/li>\n<\/div>\n\n<div class=\"m-block--container u-offset m-block--core--list-item\">\n<li>Marktstudien und Branchenreports<\/li>\n<\/div>\n\n<div class=\"m-block--container u-offset m-block--core--list-item\">\n<li>Erfahrungen aus Projekten, Support, Consulting<\/li>\n<\/div><\/ul>\n<\/div><div class=\"m-block--container u-offset m-block--core--heading\">\n<h3 class=\"wp-block-heading\">4. Zielgruppensegmente bilden<\/h3>\n<\/div><div class=\"m-block--container u-offset m-block--core--list\">\n<ul class=\"wp-block-list\"><div class=\"m-block--container u-offset m-block--core--list-item\">\n<li>Segmente nach Attraktivit\u00e4t und Erreichbarkeit bewerten<\/li>\n<\/div>\n\n<div class=\"m-block--container u-offset m-block--core--list-item\">\n<li>klare, sprechende Labels vergeben (\u201eDigital-affiner Mittelstand Produktion\u201c, \u201ekonzerngebundene Kliniken\u201c etc.)<\/li>\n<\/div><\/ul>\n<\/div><div class=\"m-block--container u-offset m-block--core--heading\">\n<h3 class=\"wp-block-heading\">5. Fokus definieren<\/h3>\n<\/div><div class=\"m-block--container u-offset m-block--core--list\">\n<ul class=\"wp-block-list\"><div class=\"m-block--container u-offset m-block--core--list-item\">\n<li>Kernzielgruppe(n) f\u00fcr das konkrete Vorhaben bestimmen<\/li>\n<\/div>\n\n<div class=\"m-block--container u-offset m-block--core--list-item\">\n<li>sekund\u00e4re Zielgruppen transparent benennen<\/li>\n<\/div><\/ul>\n<\/div><div class=\"m-block--container u-offset m-block--core--paragraph\">\n<p>Damit haben Sie einen belastbaren Rahmen, auf dem Sie Personas aufbauen k\u00f6nnen.<\/p>\n<\/div><div class=\"m-block--container u-offset m-block--core--separator\">\n<hr class=\"wp-block-separator has-alpha-channel-opacity\"\/>\n<\/div><div class=\"m-block--container u-offset m-block--core--heading\">\n<h2 class=\"wp-block-heading\">Schritt-f\u00fcr-Schritt: Personas entwickeln, die in Projekten wirklich helfen<\/h2>\n<\/div><div class=\"m-block--container u-offset m-block--core--heading\">\n<h3 class=\"wp-block-heading\">1. Zielgruppe w\u00e4hlen und Persona-Fokus festlegen<\/h3>\n<\/div><div class=\"m-block--container u-offset m-block--core--list\">\n<ul class=\"wp-block-list\"><div class=\"m-block--container u-offset m-block--core--list-item\">\n<li>Aus der definierten Zielgruppe eine zentrale Rolle w\u00e4hlen (z.\u202fB. Projektleiter, IT-Leiter, Fachbereichsverantwortlicher).<\/li>\n<\/div>\n\n<div class=\"m-block--container u-offset m-block--core--list-item\">\n<li>Entscheiden, ob Sie prim\u00e4r Entscheider, Anwender oder Influencer betrachten.<\/li>\n<\/div><\/ul>\n<\/div><div class=\"m-block--container u-offset m-block--core--heading\">\n<h3 class=\"wp-block-heading\">2. Relevante Stakeholder identifizieren<\/h3>\n<\/div><div class=\"m-block--container u-offset m-block--core--list\">\n<ul class=\"wp-block-list\"><div class=\"m-block--container u-offset m-block--core--list-item\">\n<li>Wer beeinflusst die Entscheidung?<\/li>\n<\/div>\n\n<div class=\"m-block--container u-offset m-block--core--list-item\">\n<li>Wer nutzt die L\u00f6sung sp\u00e4ter im Alltag?<\/li>\n<\/div>\n\n<div class=\"m-block--container u-offset m-block--core--list-item\">\n<li>Wer kann das Projekt blockieren?<\/li>\n<\/div><\/ul>\n<\/div><div class=\"m-block--container u-offset m-block--core--paragraph\">\n<p>Oft ergeben sich daraus 2\u20134 Kern-Personas (z.\u202fB. Management, Projektleitung, Key User, IT).<\/p>\n<\/div><div class=\"m-block--container u-offset m-block--core--heading\">\n<h3 class=\"wp-block-heading\">3. Daten sammeln<\/h3>\n<\/div><div class=\"m-block--container u-offset m-block--core--list\">\n<ul class=\"wp-block-list\"><div class=\"m-block--container u-offset m-block--core--list-item\">\n<li>Interviews mit Kunden, Anwendern und internen Stakeholdern<\/li>\n<\/div>\n\n<div class=\"m-block--container u-offset m-block--core--list-item\">\n<li>Auswertung von Support-Tickets, Projektprotokollen, Kundenanfragen<\/li>\n<\/div>\n\n<div class=\"m-block--container u-offset m-block--core--list-item\">\n<li>Beobachtungen aus Workshops, Trainings, Einf\u00fchrungsprojekten<\/li>\n<\/div><\/ul>\n<\/div><div class=\"m-block--container u-offset m-block--core--paragraph\">\n<p>Ziel: echte Zitate, typische Situationen, wiederkehrende Muster \u2013 keine Wunschbilder.<\/p>\n<\/div><div class=\"m-block--container u-offset m-block--core--heading\">\n<h3 class=\"wp-block-heading\">4. Persona-Profile strukturieren<\/h3>\n<\/div><div class=\"m-block--container u-offset m-block--core--paragraph\">\n<p>F\u00fcr jede Persona:<\/p>\n<\/div><div class=\"m-block--container u-offset m-block--core--list\">\n<ul class=\"wp-block-list\"><div class=\"m-block--container u-offset m-block--core--list-item\">\n<li><strong class=\"\">Name und Kurzbeschreibung<\/strong><br>(\u201eThomas Berger, 50, Leiter Produktion, seit 15 Jahren im Unternehmen\u201c)<\/li>\n<\/div>\n\n<div class=\"m-block--container u-offset m-block--core--list-item\">\n<li><strong class=\"\">Rolle, Aufgaben, Verantwortung<\/strong><br>Was geh\u00f6rt zum Tagesgesch\u00e4ft? Welche Entscheidungen trifft die Person?<\/li>\n<\/div>\n\n<div class=\"m-block--container u-offset m-block--core--list-item\">\n<li><strong class=\"\">Ziele und Erfolgsfaktoren<\/strong><br>Woran wird sie gemessen? Was gilt intern als Erfolg?<\/li>\n<\/div>\n\n<div class=\"m-block--container u-offset m-block--core--list-item\">\n<li><strong class=\"\">Pain Points und Risiken<\/strong><br>Was l\u00e4uft aktuell schlecht? Was m\u00f6chte sie unbedingt vermeiden?<\/li>\n<\/div>\n\n<div class=\"m-block--container u-offset m-block--core--list-item\">\n<li><strong class=\"\">Einw\u00e4nde und Sorgen<\/strong><br>Typische Bedenken gegen\u00fcber Projekten, Tools, Ver\u00e4nderungen.<\/li>\n<\/div>\n\n<div class=\"m-block--container u-offset m-block--core--list-item\">\n<li><strong class=\"\">Informations- und Kommunikationsverhalten<\/strong><br>Welche Kan\u00e4le nutzt sie? Wie viel Zeit hat sie realistisch? Welche Sprache versteht sie?<\/li>\n<\/div><\/ul>\n<\/div><div class=\"m-block--container u-offset m-block--core--heading\">\n<h3 class=\"wp-block-heading\">5. Entscheidungslogik und Journey skizzieren<\/h3>\n<\/div><div class=\"m-block--container u-offset m-block--core--list\">\n<ul class=\"wp-block-list\"><div class=\"m-block--container u-offset m-block--core--list-item\">\n<li>Welche Schritte durchl\u00e4uft die Persona von \u201eProblem erkannt\u201c bis \u201eL\u00f6sung akzeptiert\u201c?<\/li>\n<\/div>\n\n<div class=\"m-block--container u-offset m-block--core--list-item\">\n<li>Wer wird wann eingebunden?<\/li>\n<\/div>\n\n<div class=\"m-block--container u-offset m-block--core--list-item\">\n<li>Wo entstehen Reibungen (z.\u202fB. zwischen IT und Fachbereich)?<\/li>\n<\/div><\/ul>\n<\/div><div class=\"m-block--container u-offset m-block--core--heading\">\n<h3 class=\"wp-block-heading\">6. Validierung mit echten Personen<\/h3>\n<\/div><div class=\"m-block--container u-offset m-block--core--list\">\n<ul class=\"wp-block-list\"><div class=\"m-block--container u-offset m-block--core--list-item\">\n<li>Persona-Entw\u00fcrfe mit Kunden, Key Usern oder internen Kollegen abgleichen<\/li>\n<\/div>\n\n<div class=\"m-block--container u-offset m-block--core--list-item\">\n<li>kritisches Feedback einholen (\u201eErkennen Sie sich wieder?\u201c)<\/li>\n<\/div>\n\n<div class=\"m-block--container u-offset m-block--core--list-item\">\n<li>Anpassungen vornehmen, bevorzugt auf Basis konkreter Beispiele<\/li>\n<\/div><\/ul>\n<\/div><div class=\"m-block--container u-offset m-block--core--heading\">\n<h3 class=\"wp-block-heading\">7. Nutzung im Tagesgesch\u00e4ft sichern<\/h3>\n<\/div><div class=\"m-block--container u-offset m-block--core--list\">\n<ul class=\"wp-block-list\"><div class=\"m-block--container u-offset m-block--core--list-item\">\n<li>Personas in Projekt- und Team-Workshops einbinden<\/li>\n<\/div>\n\n<div class=\"m-block--container u-offset m-block--core--list-item\">\n<li>in Entscheidungsvorlagen, Backlog-Pflege, UX-Design und Kommunikationsplanung verankern<\/li>\n<\/div>\n\n<div class=\"m-block--container u-offset m-block--core--list-item\">\n<li>regelm\u00e4\u00dfig \u00fcberpr\u00fcfen und aktualisieren<\/li>\n<\/div><\/ul>\n<\/div><div class=\"m-block--container u-offset m-block--core--separator\">\n<hr class=\"wp-block-separator has-alpha-channel-opacity\"\/>\n<\/div><div class=\"m-block--container u-offset m-block--core--heading\">\n<h2 class=\"wp-block-heading\">Praxisbeispiel: Von der Zielgruppe zur Persona in einem B2B-Projekt<\/h2>\n<\/div><div class=\"m-block--container u-offset m-block--core--paragraph\">\n<p><strong class=\"\">Ausgangslage:<\/strong><br class=\"\">Ein Unternehmen plant die Einf\u00fchrung eines neuen Projektmanagement-Tools im Konzern.<\/p>\n<\/div><div class=\"m-block--container u-offset m-block--core--paragraph\">\n<p><strong class=\"\">Zielgruppe:<\/strong><br class=\"\">\u201eProjektleiter und Teamleiter in internationalen mittelst\u00e4ndischen Unternehmen (500\u20135.000 Mitarbeitende) mit hoher Projektlast und heterogenen IT-Systemen.\u201c<\/p>\n<\/div><div class=\"m-block--container u-offset m-block--core--paragraph\">\n<p>Aus dieser Zielgruppe werden drei zentrale Personas abgeleitet:<\/p>\n<\/div><div class=\"m-block--container u-offset m-block--core--list\">\n<ol class=\"wp-block-list\"><div class=\"m-block--container u-offset m-block--core--list-item\">\n<li><strong class=\"\">\u201eStefan M\u00fcller, 46, Programm-Manager\u201c<\/strong><div class=\"m-block--container u-offset m-block--core--list\">\n<ul class=\"wp-block-list\"><div class=\"m-block--container u-offset m-block--core--list-item\">\n<li>Fokus: Steuerbarkeit des Gesamtportfolios, Reporting an Vorstand<\/li>\n<\/div>\n\n<div class=\"m-block--container u-offset m-block--core--list-item\">\n<li>Bedarf: Transparente Kennzahlen, standardisierte Methoden, wenig Zusatzaufwand<\/li>\n<\/div><\/ul>\n<\/div><\/li>\n<\/div>\n\n<div class=\"m-block--container u-offset m-block--core--list-item\">\n<li><strong class=\"\">\u201eLaura K\u00f6nig, 38, Projektleiterin IT-Einf\u00fchrung\u201c<\/strong><div class=\"m-block--container u-offset m-block--core--list\">\n<ul class=\"wp-block-list\"><div class=\"m-block--container u-offset m-block--core--list-item\">\n<li>Fokus: Termine, Ressourcen, Zusammenarbeit mit Fachbereichen<\/li>\n<\/div>\n\n<div class=\"m-block--container u-offset m-block--core--list-item\">\n<li>Bedarf: pragmatische Tools, klare Verantwortlichkeiten, wenig B\u00fcrokratie<\/li>\n<\/div><\/ul>\n<\/div><\/li>\n<\/div>\n\n<div class=\"m-block--container u-offset m-block--core--list-item\">\n<li><strong class=\"\">\u201eAhmed Yilmaz, 34, Teamleiter Entwicklung\u201c<\/strong><div class=\"m-block--container u-offset m-block--core--list\">\n<ul class=\"wp-block-list\"><div class=\"m-block--container u-offset m-block--core--list-item\">\n<li>Fokus: Priorisierung, realistische Planung, minimale St\u00f6rungen im Tagesgesch\u00e4ft<\/li>\n<\/div>\n\n<div class=\"m-block--container u-offset m-block--core--list-item\">\n<li>Bedarf: einfache Bedienung, Integration in bestehende Tools, klare Kommunikation<\/li>\n<\/div><\/ul>\n<\/div><\/li>\n<\/div><\/ol>\n<\/div><div class=\"m-block--container u-offset m-block--core--paragraph\">\n<p><strong class=\"\">Konkreter Nutzen im Projekt:<\/strong><\/p>\n<\/div><div class=\"m-block--container u-offset m-block--core--list\">\n<ul class=\"wp-block-list\"><div class=\"m-block--container u-offset m-block--core--list-item\">\n<li><strong class=\"\">Anforderungen:<\/strong><br>Features werden danach priorisiert, welche Persona welchen Mehrwert hat. Reporting-Funktionen f\u00fcr Stefan, einfache Taskboards f\u00fcr Ahmed, Schnittstellen f\u00fcr Laura.<\/li>\n<\/div>\n\n<div class=\"m-block--container u-offset m-block--core--list-item\">\n<li><strong class=\"\">Kommunikation:<\/strong><br>Vorstellung des Tools mit unterschiedlichen Schwerpunkten: Management bekommt Business Case und Kennzahlen, Projektleiter sehen Ressourcen- und Termin\u00fcbersicht, Teams erleben einfache Nutzung im Alltag.<\/li>\n<\/div>\n\n<div class=\"m-block--container u-offset m-block--core--list-item\">\n<li><strong class=\"\">Change-Management:<\/strong><br>Schulungsformate und Inhalte werden auf die jeweiligen Personas zugeschnitten. Widerst\u00e4nde werden fr\u00fch erkannt und adressiert.<\/li>\n<\/div><\/ul>\n<\/div><div class=\"m-block--container u-offset m-block--core--paragraph\">\n<p>Ohne Personas w\u00e4re die Einf\u00fchrung vermutlich \u201ef\u00fcr alle gleich\u201c geplant \u2013 und w\u00fcrde bei wichtigen Gruppen vorbeilaufen.<\/p>\n<\/div><div class=\"m-block--container u-offset m-block--core--separator\">\n<hr class=\"wp-block-separator has-alpha-channel-opacity\"\/>\n<\/div><div class=\"m-block--container u-offset m-block--core--heading\">\n<h2 class=\"wp-block-heading\">Wie viele Zielgruppen und Personas sind sinnvoll?<\/h2>\n<\/div><div class=\"m-block--container u-offset m-block--core--paragraph\">\n<p><strong class=\"\">Zielgruppen:<\/strong><\/p>\n<\/div><div class=\"m-block--container u-offset m-block--core--list\">\n<ul class=\"wp-block-list\"><div class=\"m-block--container u-offset m-block--core--list-item\">\n<li>strategisch k\u00f6nnen mehrere Zielgruppen existieren<\/li>\n<\/div>\n\n<div class=\"m-block--container u-offset m-block--core--list-item\">\n<li>f\u00fcr ein konkretes Projekt oder Produkt sollten 1\u20133 Hauptzielgruppen im Fokus stehen<\/li>\n<\/div><\/ul>\n<\/div><div class=\"m-block--container u-offset m-block--core--paragraph\">\n<p><strong class=\"\">Personas:<\/strong><\/p>\n<\/div><div class=\"m-block--container u-offset m-block--core--list\">\n<ul class=\"wp-block-list\"><div class=\"m-block--container u-offset m-block--core--list-item\">\n<li>pro Projektphase 2\u20135 Personas sind in der Praxis handhabbar<\/li>\n<\/div>\n\n<div class=\"m-block--container u-offset m-block--core--list-item\">\n<li>mehr als 6\u20137 Personas f\u00fchren meist zu Verzettelung<\/li>\n<\/div>\n\n<div class=\"m-block--container u-offset m-block--core--list-item\">\n<li>lieber weniger, aber gut validierte Personas, als viele Oberfl\u00e4chen-Beschreibungen<\/li>\n<\/div><\/ul>\n<\/div><div class=\"m-block--container u-offset m-block--core--paragraph\">\n<p>Wichtig: Personas d\u00fcrfen sich \u00fcberschneiden, solange klar ist, welchen Fokus jede Persona hat (z.\u202fB. \u201eBudgetverantwortung\u201c, \u201et\u00e4gliche Nutzung\u201c, \u201eIT-Betrieb\u201c).<\/p>\n<\/div><div class=\"m-block--container u-offset m-block--core--separator\">\n<hr class=\"wp-block-separator has-alpha-channel-opacity\"\/>\n<\/div><div class=\"m-block--container u-offset m-block--core--heading\">\n<h2 class=\"wp-block-heading\">Personas und Zielgruppen im Projektalltag nutzen<\/h2>\n<\/div><div class=\"m-block--container u-offset m-block--core--paragraph\">\n<p>Damit Personas vs. Zielgruppen echte Wirkung entfalten, m\u00fcssen sie in Entscheidungen und Abl\u00e4ufe eingebaut werden.<\/p>\n<\/div><div class=\"m-block--container u-offset m-block--core--paragraph\">\n<p><strong class=\"\">Typische Einsatzbereiche:<\/strong><\/p>\n<\/div><div class=\"m-block--container u-offset m-block--core--list\">\n<ul class=\"wp-block-list\"><div class=\"m-block--container u-offset m-block--core--list-item\">\n<li><strong class=\"\">Anforderungsmanagement<\/strong><br>User Stories explizit mit Personas verkn\u00fcpfen (\u201eAls [Persona] m\u00f6chte ich \u2026, um \u2026\u201c).<\/li>\n<\/div>\n\n<div class=\"m-block--container u-offset m-block--core--list-item\">\n<li><strong class=\"\">Priorisierung im Backlog<\/strong><br>Items priorisieren danach, welche Persona welchen Nutzen hat und wie kritisch sie f\u00fcr den Projekterfolg ist.<\/li>\n<\/div>\n\n<div class=\"m-block--container u-offset m-block--core--list-item\">\n<li><strong class=\"\">Kommunikationsplanung<\/strong><br>Botschaften, Kan\u00e4le und Tonalit\u00e4t abh\u00e4ngig von Persona und Zielgruppe festlegen.<\/li>\n<\/div>\n\n<div class=\"m-block--container u-offset m-block--core--list-item\">\n<li><strong class=\"\">Change- und Trainingskonzepte<\/strong><br>Schulungen, Handouts und E-Learnings an den Wissensstand und die Motivation der jeweiligen Personas anpassen.<\/li>\n<\/div>\n\n<div class=\"m-block--container u-offset m-block--core--list-item\">\n<li><strong class=\"\">Stakeholder-Management<\/strong><br>Risiko- und Einflussanalyse mit Personas verbinden: Wer kann das Projekt f\u00f6rdern oder blockieren?<\/li>\n<\/div>\n\n<div class=\"m-block--container u-offset m-block--core--list-item\">\n<li><strong class=\"\">Erfolgsmessung<\/strong><br>Feedback und KPIs differenziert nach Persona auswerten (z.\u202fB. Akzeptanz bei Key Usern vs. Management).<\/li>\n<\/div><\/ul>\n<\/div><div class=\"m-block--container u-offset m-block--core--separator\">\n<hr class=\"wp-block-separator has-alpha-channel-opacity\"\/>\n<\/div><div class=\"m-block--container u-offset m-block--core--heading\">\n<h2 class=\"wp-block-heading\">Checkliste: Erkennen, ob Ihre Personas und Zielgruppen gut definiert sind<\/h2>\n<\/div><div class=\"m-block--container u-offset m-block--core--paragraph\">\n<p>Beantworten Sie f\u00fcr Ihr aktuelles Projekt oder Produkt folgende Fragen:<\/p>\n<\/div><div class=\"m-block--container u-offset m-block--core--list\">\n<ol class=\"wp-block-list\"><div class=\"m-block--container u-offset m-block--core--list-item\">\n<li><strong class=\"\">Zielgruppen<\/strong><div class=\"m-block--container u-offset m-block--core--list\">\n<ul class=\"wp-block-list\"><div class=\"m-block--container u-offset m-block--core--list-item\">\n<li>Sind Branche, Unternehmensgr\u00f6\u00dfe, Region und Reifegrad klar beschrieben?<\/li>\n<\/div>\n\n<div class=\"m-block--container u-offset m-block--core--list-item\">\n<li>K\u00f6nnen alle Beteiligten Ihre Kernzielgruppe in 1\u20132 S\u00e4tzen konsistent benennen?<\/li>\n<\/div><\/ul>\n<\/div><\/li>\n<\/div>\n\n<div class=\"m-block--container u-offset m-block--core--list-item\">\n<li><strong class=\"\">Personas<\/strong><div class=\"m-block--container u-offset m-block--core--list\">\n<ul class=\"wp-block-list\"><div class=\"m-block--container u-offset m-block--core--list-item\">\n<li>Haben Ihre Personas Namen, Rollen, Ziele, Pain Points und Entscheidungslogik?<\/li>\n<\/div>\n\n<div class=\"m-block--container u-offset m-block--core--list-item\">\n<li>basieren sie auf echten Daten (Interviews, Projekterfahrung), nicht nur auf Annahmen?<\/li>\n<\/div>\n\n<div class=\"m-block--container u-offset m-block--core--list-item\">\n<li>sind es maximal 2\u20135 Kern-Personas, die regelm\u00e4\u00dfig genutzt werden?<\/li>\n<\/div><\/ul>\n<\/div><\/li>\n<\/div>\n\n<div class=\"m-block--container u-offset m-block--core--list-item\">\n<li><strong class=\"\">Nutzung<\/strong><div class=\"m-block--container u-offset m-block--core--list\">\n<ul class=\"wp-block-list\"><div class=\"m-block--container u-offset m-block--core--list-item\">\n<li>tauchen Personas und Zielgruppen sichtbar in Pr\u00e4sentationen, Backlogs, Journeys, Kommunikationspl\u00e4nen auf?<\/li>\n<\/div>\n\n<div class=\"m-block--container u-offset m-block--core--list-item\">\n<li>wird bei wichtigen Entscheidungen mindestens eine Frage gestellt wie: \u201eWas w\u00fcrde Persona X dazu sagen?\u201c<\/li>\n<\/div><\/ul>\n<\/div><\/li>\n<\/div>\n\n<div class=\"m-block--container u-offset m-block--core--list-item\">\n<li><strong class=\"\">Aktualit\u00e4t<\/strong><div class=\"m-block--container u-offset m-block--core--list\">\n<ul class=\"wp-block-list\"><div class=\"m-block--container u-offset m-block--core--list-item\">\n<li>wurden Personas und Zielgruppen in den letzten 12\u201324 Monaten \u00fcberpr\u00fcft?<\/li>\n<\/div>\n\n<div class=\"m-block--container u-offset m-block--core--list-item\">\n<li>flie\u00dfen neue Erfahrungen aus Projekten und Kundenkontakten ein?<\/li>\n<\/div><\/ul>\n<\/div><\/li>\n<\/div><\/ol>\n<\/div><div class=\"m-block--container u-offset m-block--core--paragraph\">\n<p>Wenn Sie hier mehrfach z\u00f6gern oder mit \u201enein\u201c antworten, steckt in \u201ePersonas vs. Zielgruppen\u201c wahrscheinlich ungenutztes Potenzial.<\/p>\n<\/div><div class=\"m-block--container u-offset m-block--core--separator\">\n<hr class=\"wp-block-separator has-alpha-channel-opacity\"\/>\n<\/div><div class=\"m-block--container u-offset m-block--core--heading\">\n<h2 class=\"wp-block-heading\">Fazit: Personas vs. Zielgruppen sinnvoll kombinieren<\/h2>\n<\/div><div class=\"m-block--container u-offset m-block--core--paragraph\">\n<p>Zielgruppen geben die strategische Richtung vor: In welchen M\u00e4rkten, Branchen und Organisationstypen wollen wir mit welchen Angeboten erfolgreich sein?<\/p>\n<\/div><div class=\"m-block--container u-offset m-block--core--paragraph\">\n<p>Personas machen diese Zielgruppen greifbar: Sie \u00fcbersetzen abstrakte Segmente in konkrete Menschen mit Zielen, \u00c4ngsten, Entscheidungswegen und Konflikten. Gerade in komplexen B2B-Umgebungen mit vielen Stakeholdern entscheidet diese Klarheit dar\u00fcber, ob Projekte akzeptiert werden, Produkte genutzt und Ver\u00e4nderungen mitgetragen werden.<\/p>\n<\/div><div class=\"m-block--container u-offset m-block--core--paragraph\">\n<p>Wer Personas vs. Zielgruppen bewusst kombiniert, erzielt:<\/p>\n<\/div><div class=\"m-block--container u-offset m-block--core--list\">\n<ul class=\"wp-block-list\"><div class=\"m-block--container u-offset m-block--core--list-item\">\n<li>bessere Priorisierung in Projekten<\/li>\n<\/div>\n\n<div class=\"m-block--container u-offset m-block--core--list-item\">\n<li>zielgenauere Kommunikation und Change-Ma\u00dfnahmen<\/li>\n<\/div>\n\n<div class=\"m-block--container u-offset m-block--core--list-item\">\n<li>passgenauere L\u00f6sungen f\u00fcr Management, Fachbereiche und IT<\/li>\n<\/div>\n\n<div class=\"m-block--container u-offset m-block--core--list-item\">\n<li>weniger Reibungsverluste zwischen Beteiligten<\/li>\n<\/div><\/ul>\n<\/div><div class=\"m-block--container u-offset m-block--core--paragraph\">\n<p>Wenn Sie Ihre bestehenden Zielgruppen sch\u00e4rfen, belastbare Personas entwickeln oder beides in laufende <strong><a href=\"https:\/\/www.pureconsultant.de\/de\/projektmanagement\/projekt-definition\/\" type=\"post\" id=\"4911\">Projekte<\/a><\/strong> integrieren m\u00f6chten, kann ein externer Blick helfen. Erfahrene Berater wie die <strong><a href=\"https:\/\/www.youtube.com\/watch?app=desktop&amp;v=FYvcTC8XYtc\">PURE Consultant<\/a><\/strong> unterst\u00fctzen dabei, aus \u201ewir sollten mal Personas machen\u201c einen pragmatischen, wirkungsvollen Ansatz zu formen, der sich im Projektalltag bew\u00e4hrt \u2013 von der Zieldefinition bis zur nachhaltigen Verankerung.<\/p>\n<\/div>","protected":false},"excerpt":{"rendered":"<p>Personas vs. Zielgruppen &#8211; Personas und Zielgruppen werden in vielen Unternehmen synonym verwendet \u2013 mit sp\u00fcrbaren Folgen: unklare Entscheidungen, verpuffende Ma\u00dfnahmen, frustrierte Projektteams. Wer beides sauber trennt und richtig einsetzt, gewinnt Klarheit in Strategie, Kommunikation, Produktentwicklung und Change-Projekten.In diesem Artikel erfahren Sie, was Zielgruppen und Personas genau sind, worin sich beide unterscheiden, wie Sie beides [&hellip;]<\/p>\n","protected":false},"author":6,"featured_media":0,"comment_status":"closed","ping_status":"closed","sticky":false,"template":"","format":"standard","meta":{"_acf_changed":false,"inline_featured_image":false,"footnotes":""},"categories":[55],"tags":[2899],"class_list":["post-27234","post","type-post","status-publish","format-standard","hentry","category-projektmanagement","tag-personas-vs-zielgruppen"],"acf":[],"yoast_head":"<!-- This site is optimized with the Yoast SEO plugin v27.5 - https:\/\/yoast.com\/product\/yoast-seo-wordpress\/ -->\n<title>Personas vs. Zielgruppen - PURE Consultant<\/title>\n<meta name=\"description\" content=\"Personas vs. Zielgruppen: Lerne, wie du deine Kunden besser ansprichst und deine Kampagnen maximierst. Starte jetzt!\" \/>\n<meta name=\"robots\" content=\"index, follow, max-snippet:-1, max-image-preview:large, max-video-preview:-1\" \/>\n<link rel=\"canonical\" href=\"https:\/\/www.pureconsultant.de\/de\/projektmanagement\/personas-vs-zielgruppen\/\" \/>\n<meta property=\"og:locale\" content=\"de_DE\" \/>\n<meta property=\"og:type\" content=\"article\" \/>\n<meta property=\"og:title\" content=\"Personas vs. Zielgruppen - PURE Consultant\" \/>\n<meta property=\"og:description\" content=\"Personas vs. Zielgruppen: Lerne, wie du deine Kunden besser ansprichst und deine Kampagnen maximierst. Starte jetzt!\" \/>\n<meta property=\"og:url\" content=\"https:\/\/www.pureconsultant.de\/de\/projektmanagement\/personas-vs-zielgruppen\/\" \/>\n<meta property=\"og:site_name\" content=\"PURE Consultant\" \/>\n<meta property=\"article:published_time\" content=\"2026-01-29T14:06:23+00:00\" \/>\n<meta property=\"article:modified_time\" content=\"2026-01-29T14:06:34+00:00\" \/>\n<meta name=\"author\" content=\"Serhat K\u00fcpeli\" \/>\n<meta name=\"twitter:card\" content=\"summary_large_image\" \/>\n<meta name=\"twitter:label1\" content=\"Verfasst von\" \/>\n\t<meta name=\"twitter:data1\" content=\"Serhat K\u00fcpeli\" \/>\n\t<meta name=\"twitter:label2\" content=\"Gesch\u00e4tzte Lesezeit\" \/>\n\t<meta name=\"twitter:data2\" content=\"11\u00a0Minuten\" \/>\n<script type=\"application\/ld+json\" class=\"yoast-schema-graph\">{\"@context\":\"https:\\\/\\\/schema.org\",\"@graph\":[{\"@type\":\"Article\",\"@id\":\"https:\\\/\\\/www.pureconsultant.de\\\/de\\\/projektmanagement\\\/personas-vs-zielgruppen\\\/#article\",\"isPartOf\":{\"@id\":\"https:\\\/\\\/www.pureconsultant.de\\\/de\\\/projektmanagement\\\/personas-vs-zielgruppen\\\/\"},\"author\":{\"name\":\"Serhat K\u00fcpeli\",\"@id\":\"https:\\\/\\\/www.pureconsultant.de\\\/#\\\/schema\\\/person\\\/b879d2f247599ce3a636522dd8344e95\"},\"headline\":\"Personas vs. Zielgruppen\",\"datePublished\":\"2026-01-29T14:06:23+00:00\",\"dateModified\":\"2026-01-29T14:06:34+00:00\",\"mainEntityOfPage\":{\"@id\":\"https:\\\/\\\/www.pureconsultant.de\\\/de\\\/projektmanagement\\\/personas-vs-zielgruppen\\\/\"},\"wordCount\":1985,\"image\":{\"@id\":\"https:\\\/\\\/www.pureconsultant.de\\\/de\\\/projektmanagement\\\/personas-vs-zielgruppen\\\/#primaryimage\"},\"thumbnailUrl\":\"https:\\\/\\\/www.pureconsultant.de\\\/wp-content\\\/uploads\\\/visual-selection251.svg\",\"keywords\":[\"Personas vs. Zielgruppen\"],\"articleSection\":[\"Projektmanagement\"],\"inLanguage\":\"de\"},{\"@type\":\"WebPage\",\"@id\":\"https:\\\/\\\/www.pureconsultant.de\\\/de\\\/projektmanagement\\\/personas-vs-zielgruppen\\\/\",\"url\":\"https:\\\/\\\/www.pureconsultant.de\\\/de\\\/projektmanagement\\\/personas-vs-zielgruppen\\\/\",\"name\":\"Personas vs. Zielgruppen - PURE Consultant\",\"isPartOf\":{\"@id\":\"https:\\\/\\\/www.pureconsultant.de\\\/#website\"},\"primaryImageOfPage\":{\"@id\":\"https:\\\/\\\/www.pureconsultant.de\\\/de\\\/projektmanagement\\\/personas-vs-zielgruppen\\\/#primaryimage\"},\"image\":{\"@id\":\"https:\\\/\\\/www.pureconsultant.de\\\/de\\\/projektmanagement\\\/personas-vs-zielgruppen\\\/#primaryimage\"},\"thumbnailUrl\":\"https:\\\/\\\/www.pureconsultant.de\\\/wp-content\\\/uploads\\\/visual-selection251.svg\",\"datePublished\":\"2026-01-29T14:06:23+00:00\",\"dateModified\":\"2026-01-29T14:06:34+00:00\",\"author\":{\"@id\":\"https:\\\/\\\/www.pureconsultant.de\\\/#\\\/schema\\\/person\\\/b879d2f247599ce3a636522dd8344e95\"},\"description\":\"Personas vs. Zielgruppen: Lerne, wie du deine Kunden besser ansprichst und deine Kampagnen maximierst. Starte jetzt!\",\"breadcrumb\":{\"@id\":\"https:\\\/\\\/www.pureconsultant.de\\\/de\\\/projektmanagement\\\/personas-vs-zielgruppen\\\/#breadcrumb\"},\"inLanguage\":\"de\",\"potentialAction\":[{\"@type\":\"ReadAction\",\"target\":[\"https:\\\/\\\/www.pureconsultant.de\\\/de\\\/projektmanagement\\\/personas-vs-zielgruppen\\\/\"]}]},{\"@type\":\"ImageObject\",\"inLanguage\":\"de\",\"@id\":\"https:\\\/\\\/www.pureconsultant.de\\\/de\\\/projektmanagement\\\/personas-vs-zielgruppen\\\/#primaryimage\",\"url\":\"https:\\\/\\\/www.pureconsultant.de\\\/wp-content\\\/uploads\\\/visual-selection251.svg\",\"contentUrl\":\"https:\\\/\\\/www.pureconsultant.de\\\/wp-content\\\/uploads\\\/visual-selection251.svg\"},{\"@type\":\"BreadcrumbList\",\"@id\":\"https:\\\/\\\/www.pureconsultant.de\\\/de\\\/projektmanagement\\\/personas-vs-zielgruppen\\\/#breadcrumb\",\"itemListElement\":[{\"@type\":\"ListItem\",\"position\":1,\"name\":\"Startseite\",\"item\":\"https:\\\/\\\/www.pureconsultant.de\\\/de\\\/\"},{\"@type\":\"ListItem\",\"position\":2,\"name\":\"Personas vs. Zielgruppen\"}]},{\"@type\":\"WebSite\",\"@id\":\"https:\\\/\\\/www.pureconsultant.de\\\/#website\",\"url\":\"https:\\\/\\\/www.pureconsultant.de\\\/\",\"name\":\"PURE Consultant\",\"description\":\"Scrum, PMO, Projektmanagement &amp; Prozessmanagement aus K\u00f6ln\",\"potentialAction\":[{\"@type\":\"SearchAction\",\"target\":{\"@type\":\"EntryPoint\",\"urlTemplate\":\"https:\\\/\\\/www.pureconsultant.de\\\/?s={search_term_string}\"},\"query-input\":{\"@type\":\"PropertyValueSpecification\",\"valueRequired\":true,\"valueName\":\"search_term_string\"}}],\"inLanguage\":\"de\"},{\"@type\":\"Person\",\"@id\":\"https:\\\/\\\/www.pureconsultant.de\\\/#\\\/schema\\\/person\\\/b879d2f247599ce3a636522dd8344e95\",\"name\":\"Serhat K\u00fcpeli\",\"image\":{\"@type\":\"ImageObject\",\"inLanguage\":\"de\",\"@id\":\"https:\\\/\\\/secure.gravatar.com\\\/avatar\\\/0886d2e74e7dfa20a0d9157eed001ec6efc4a799c718c80d37ebd532ec3810f1?s=96&d=mm&r=g\",\"url\":\"https:\\\/\\\/secure.gravatar.com\\\/avatar\\\/0886d2e74e7dfa20a0d9157eed001ec6efc4a799c718c80d37ebd532ec3810f1?s=96&d=mm&r=g\",\"contentUrl\":\"https:\\\/\\\/secure.gravatar.com\\\/avatar\\\/0886d2e74e7dfa20a0d9157eed001ec6efc4a799c718c80d37ebd532ec3810f1?s=96&d=mm&r=g\",\"caption\":\"Serhat K\u00fcpeli\"}}]}<\/script>\n<!-- \/ Yoast SEO plugin. -->","yoast_head_json":{"title":"Personas vs. Zielgruppen - PURE Consultant","description":"Personas vs. Zielgruppen: Lerne, wie du deine Kunden besser ansprichst und deine Kampagnen maximierst. Starte jetzt!","robots":{"index":"index","follow":"follow","max-snippet":"max-snippet:-1","max-image-preview":"max-image-preview:large","max-video-preview":"max-video-preview:-1"},"canonical":"https:\/\/www.pureconsultant.de\/de\/projektmanagement\/personas-vs-zielgruppen\/","og_locale":"de_DE","og_type":"article","og_title":"Personas vs. Zielgruppen - PURE Consultant","og_description":"Personas vs. Zielgruppen: Lerne, wie du deine Kunden besser ansprichst und deine Kampagnen maximierst. Starte jetzt!","og_url":"https:\/\/www.pureconsultant.de\/de\/projektmanagement\/personas-vs-zielgruppen\/","og_site_name":"PURE Consultant","article_published_time":"2026-01-29T14:06:23+00:00","article_modified_time":"2026-01-29T14:06:34+00:00","author":"Serhat K\u00fcpeli","twitter_card":"summary_large_image","twitter_misc":{"Verfasst von":"Serhat K\u00fcpeli","Gesch\u00e4tzte Lesezeit":"11\u00a0Minuten"},"schema":{"@context":"https:\/\/schema.org","@graph":[{"@type":"Article","@id":"https:\/\/www.pureconsultant.de\/de\/projektmanagement\/personas-vs-zielgruppen\/#article","isPartOf":{"@id":"https:\/\/www.pureconsultant.de\/de\/projektmanagement\/personas-vs-zielgruppen\/"},"author":{"name":"Serhat K\u00fcpeli","@id":"https:\/\/www.pureconsultant.de\/#\/schema\/person\/b879d2f247599ce3a636522dd8344e95"},"headline":"Personas vs. Zielgruppen","datePublished":"2026-01-29T14:06:23+00:00","dateModified":"2026-01-29T14:06:34+00:00","mainEntityOfPage":{"@id":"https:\/\/www.pureconsultant.de\/de\/projektmanagement\/personas-vs-zielgruppen\/"},"wordCount":1985,"image":{"@id":"https:\/\/www.pureconsultant.de\/de\/projektmanagement\/personas-vs-zielgruppen\/#primaryimage"},"thumbnailUrl":"https:\/\/www.pureconsultant.de\/wp-content\/uploads\/visual-selection251.svg","keywords":["Personas vs. Zielgruppen"],"articleSection":["Projektmanagement"],"inLanguage":"de"},{"@type":"WebPage","@id":"https:\/\/www.pureconsultant.de\/de\/projektmanagement\/personas-vs-zielgruppen\/","url":"https:\/\/www.pureconsultant.de\/de\/projektmanagement\/personas-vs-zielgruppen\/","name":"Personas vs. Zielgruppen - PURE Consultant","isPartOf":{"@id":"https:\/\/www.pureconsultant.de\/#website"},"primaryImageOfPage":{"@id":"https:\/\/www.pureconsultant.de\/de\/projektmanagement\/personas-vs-zielgruppen\/#primaryimage"},"image":{"@id":"https:\/\/www.pureconsultant.de\/de\/projektmanagement\/personas-vs-zielgruppen\/#primaryimage"},"thumbnailUrl":"https:\/\/www.pureconsultant.de\/wp-content\/uploads\/visual-selection251.svg","datePublished":"2026-01-29T14:06:23+00:00","dateModified":"2026-01-29T14:06:34+00:00","author":{"@id":"https:\/\/www.pureconsultant.de\/#\/schema\/person\/b879d2f247599ce3a636522dd8344e95"},"description":"Personas vs. Zielgruppen: Lerne, wie du deine Kunden besser ansprichst und deine Kampagnen maximierst. Starte jetzt!","breadcrumb":{"@id":"https:\/\/www.pureconsultant.de\/de\/projektmanagement\/personas-vs-zielgruppen\/#breadcrumb"},"inLanguage":"de","potentialAction":[{"@type":"ReadAction","target":["https:\/\/www.pureconsultant.de\/de\/projektmanagement\/personas-vs-zielgruppen\/"]}]},{"@type":"ImageObject","inLanguage":"de","@id":"https:\/\/www.pureconsultant.de\/de\/projektmanagement\/personas-vs-zielgruppen\/#primaryimage","url":"https:\/\/www.pureconsultant.de\/wp-content\/uploads\/visual-selection251.svg","contentUrl":"https:\/\/www.pureconsultant.de\/wp-content\/uploads\/visual-selection251.svg"},{"@type":"BreadcrumbList","@id":"https:\/\/www.pureconsultant.de\/de\/projektmanagement\/personas-vs-zielgruppen\/#breadcrumb","itemListElement":[{"@type":"ListItem","position":1,"name":"Startseite","item":"https:\/\/www.pureconsultant.de\/de\/"},{"@type":"ListItem","position":2,"name":"Personas vs. Zielgruppen"}]},{"@type":"WebSite","@id":"https:\/\/www.pureconsultant.de\/#website","url":"https:\/\/www.pureconsultant.de\/","name":"PURE Consultant","description":"Scrum, PMO, Projektmanagement &amp; Prozessmanagement aus K\u00f6ln","potentialAction":[{"@type":"SearchAction","target":{"@type":"EntryPoint","urlTemplate":"https:\/\/www.pureconsultant.de\/?s={search_term_string}"},"query-input":{"@type":"PropertyValueSpecification","valueRequired":true,"valueName":"search_term_string"}}],"inLanguage":"de"},{"@type":"Person","@id":"https:\/\/www.pureconsultant.de\/#\/schema\/person\/b879d2f247599ce3a636522dd8344e95","name":"Serhat K\u00fcpeli","image":{"@type":"ImageObject","inLanguage":"de","@id":"https:\/\/secure.gravatar.com\/avatar\/0886d2e74e7dfa20a0d9157eed001ec6efc4a799c718c80d37ebd532ec3810f1?s=96&d=mm&r=g","url":"https:\/\/secure.gravatar.com\/avatar\/0886d2e74e7dfa20a0d9157eed001ec6efc4a799c718c80d37ebd532ec3810f1?s=96&d=mm&r=g","contentUrl":"https:\/\/secure.gravatar.com\/avatar\/0886d2e74e7dfa20a0d9157eed001ec6efc4a799c718c80d37ebd532ec3810f1?s=96&d=mm&r=g","caption":"Serhat K\u00fcpeli"}}]}},"_links":{"self":[{"href":"https:\/\/www.pureconsultant.de\/de\/wp-json\/wp\/v2\/posts\/27234","targetHints":{"allow":["GET"]}}],"collection":[{"href":"https:\/\/www.pureconsultant.de\/de\/wp-json\/wp\/v2\/posts"}],"about":[{"href":"https:\/\/www.pureconsultant.de\/de\/wp-json\/wp\/v2\/types\/post"}],"author":[{"embeddable":true,"href":"https:\/\/www.pureconsultant.de\/de\/wp-json\/wp\/v2\/users\/6"}],"replies":[{"embeddable":true,"href":"https:\/\/www.pureconsultant.de\/de\/wp-json\/wp\/v2\/comments?post=27234"}],"version-history":[{"count":2,"href":"https:\/\/www.pureconsultant.de\/de\/wp-json\/wp\/v2\/posts\/27234\/revisions"}],"predecessor-version":[{"id":27237,"href":"https:\/\/www.pureconsultant.de\/de\/wp-json\/wp\/v2\/posts\/27234\/revisions\/27237"}],"wp:attachment":[{"href":"https:\/\/www.pureconsultant.de\/de\/wp-json\/wp\/v2\/media?parent=27234"}],"wp:term":[{"taxonomy":"category","embeddable":true,"href":"https:\/\/www.pureconsultant.de\/de\/wp-json\/wp\/v2\/categories?post=27234"},{"taxonomy":"post_tag","embeddable":true,"href":"https:\/\/www.pureconsultant.de\/de\/wp-json\/wp\/v2\/tags?post=27234"}],"curies":[{"name":"wp","href":"https:\/\/api.w.org\/{rel}","templated":true}]}}