{"id":27067,"date":"2026-01-26T11:55:48","date_gmt":"2026-01-26T10:55:48","guid":{"rendered":"https:\/\/www.pureconsultant.de\/de\/?p=27067"},"modified":"2026-01-26T11:55:57","modified_gmt":"2026-01-26T10:55:57","slug":"missverstaendnisse-bei-der-agilen-selbstorganisation","status":"publish","type":"post","link":"https:\/\/www.pureconsultant.de\/de\/agile\/missverstaendnisse-bei-der-agilen-selbstorganisation\/","title":{"rendered":"Missverst\u00e4ndnisse bei der agilen Selbstorganisation"},"content":{"rendered":"<div class=\"m-block--container u-offset m-block--core--paragraph\">\n<p>Missverst\u00e4ndnisse bei der agilen Selbstorganisation &#8211; Agile Selbstorganisation gilt als Schl\u00fcssel f\u00fcr schnellere Entscheidungen, mehr Innovation und motivierte Teams. Gleichzeitig scheitern viele Unternehmen genau daran: Erwartungen werden entt\u00e4uscht, F\u00fchrungskr\u00e4fte f\u00fchlen sich entmachtet, Teams \u00fcberfordert \u2013 und am Ende hei\u00dft es: \u201eAgil funktioniert bei uns nicht.\u201c In Wirklichkeit scheitern selten die Prinzipien, sondern falsche Bilder im Kopf. Dieser Beitrag zeigt die h\u00e4ufigsten Missverst\u00e4ndnisse bei der agilen Selbstorganisation, erkl\u00e4rt ihre Ursachen und macht konkret, wie Sie Selbstorganisation professionell gestalten \u2013 ohne Chaos, aber mit klaren Ergebnissen.<\/p>\n<\/div><div class=\"m-block--container u-offset m-block--core--image\">\n<figure class=\"wp-block-image size-full\"><img loading=\"lazy\" decoding=\"async\" width=\"1020\" height=\"726\" src=\"https:\/\/www.pureconsultant.de\/wp-content\/uploads\/visual-selection297.png\" alt=\"Missverst\u00e4ndnisse bei der agilen Selbstorganisation\" class=\"wp-image-27069\" srcset=\"https:\/\/www.pureconsultant.de\/wp-content\/uploads\/visual-selection297.png 1020w, https:\/\/www.pureconsultant.de\/wp-content\/uploads\/visual-selection297-768x547.png 768w, https:\/\/www.pureconsultant.de\/wp-content\/uploads\/visual-selection297-56x40.png 56w\" sizes=\"auto, (max-width: 1020px) 100vw, 1020px\" \/><figcaption class=\"wp-element-caption\">Missverst\u00e4ndnisse bei der agilen Selbstorganisation<\/figcaption><\/figure>\n<\/div><div class=\"m-block--container u-offset m-block--core--separator\">\n<hr class=\"wp-block-separator has-alpha-channel-opacity\"\/>\n<\/div><div class=\"m-block--container u-offset m-block--core--heading\">\n<h2 class=\"wp-block-heading\">Was bedeutet agile Selbstorganisation wirklich?<\/h2>\n<\/div><div class=\"m-block--container u-offset m-block--core--paragraph\">\n<p>Agile Selbstorganisation wird h\u00e4ufig verwendet, aber selten sauber definiert. Eine praxistaugliche Kurzdefinition:<\/p>\n<\/div><div class=\"m-block--container u-offset m-block--core--paragraph\">\n<p><strong class=\"\">Agile Selbstorganisation bedeutet, dass ein Team innerhalb klar definierter <a href=\"https:\/\/www.pureconsultant.de\/de\/agile\/agile-selbstorganisation\/\">Ziele und Rahmenbedingungen eigenst\u00e4ndig entscheidet<\/a>, wie es seine Arbeit organisiert und Ergebnisse liefert.<\/strong><\/p>\n<\/div><div class=\"m-block--container u-offset m-block--core--paragraph\">\n<p>Wesentliche Merkmale:<\/p>\n<\/div><div class=\"m-block--container u-offset m-block--core--list\">\n<ul class=\"wp-block-list\"><div class=\"m-block--container u-offset m-block--core--list-item\">\n<li><strong class=\"\">Klarer Auftrag:<\/strong> Das \u201eWas\u201c und \u201eWarum\u201c kommen aus der Organisation.<\/li>\n<\/div>\n\n<div class=\"m-block--container u-offset m-block--core--list-item\">\n<li><strong class=\"\">Gestaltungsfreiheit im \u201eWie\u201c:<\/strong> Methoden, Abl\u00e4ufe und Priorit\u00e4ten werden im Team entschieden.<\/li>\n<\/div>\n\n<div class=\"m-block--container u-offset m-block--core--list-item\">\n<li><strong class=\"\">Transparenz:<\/strong> Entscheidungen und Fortschritt sind f\u00fcr relevante Stakeholder nachvollziehbar.<\/li>\n<\/div>\n\n<div class=\"m-block--container u-offset m-block--core--list-item\">\n<li><strong class=\"\">Verantwortung:<\/strong> Das Team tr\u00e4gt Verantwortung f\u00fcr Qualit\u00e4t, Termine und Zusammenarbeit.<\/li>\n<\/div><\/ul>\n<\/div><div class=\"m-block--container u-offset m-block--core--paragraph\">\n<p>Wichtig: Selbstorganisation ist kein Selbstzweck. Sie ist ein Organisationsprinzip, um in komplexen, dynamischen Umfeldern bessere Ergebnisse zu erzielen.<\/p>\n<\/div><div class=\"m-block--container u-offset m-block--core--separator\">\n<hr class=\"wp-block-separator has-alpha-channel-opacity\"\/>\n<\/div><div class=\"m-block--container u-offset m-block--core--heading\">\n<h2 class=\"wp-block-heading\">Warum es rund um Selbstorganisation so viele Missverst\u00e4ndnisse gibt<\/h2>\n<\/div><div class=\"m-block--container u-offset m-block--core--paragraph\">\n<p>Agile Selbstorganisation ber\u00fchrt zentrale Macht- und Steuerungsmechanismen in Unternehmen. Typische Gr\u00fcnde f\u00fcr Missverst\u00e4ndnisse:<\/p>\n<\/div><div class=\"m-block--container u-offset m-block--core--list\">\n<ul class=\"wp-block-list\"><div class=\"m-block--container u-offset m-block--core--list-item\">\n<li><strong class=\"\">Unklare Begriffe:<\/strong> \u201eAgil\u201c, \u201eEmpowerment\u201c, \u201eAutonomie\u201c, \u201eNew Work\u201c werden vermischt.<\/li>\n<\/div>\n\n<div class=\"m-block--container u-offset m-block--core--list-item\">\n<li><strong class=\"\">Unausgesprochene \u00c4ngste:<\/strong> F\u00fchrungskr\u00e4fte f\u00fcrchten Kontrollverlust, Mitarbeitende \u00dcberforderung.<\/li>\n<\/div>\n\n<div class=\"m-block--container u-offset m-block--core--list-item\">\n<li><strong class=\"\">Halbwissen aus Trainings:<\/strong> Schlagworte bleiben h\u00e4ngen, aber die Systemlogik fehlt.<\/li>\n<\/div>\n\n<div class=\"m-block--container u-offset m-block--core--list-item\">\n<li><strong class=\"\">Copy-Paste von Vorbildern:<\/strong> Modelle anderer Firmen werden \u00fcbernommen, ohne Kontext.<\/li>\n<\/div><\/ul>\n<\/div><div class=\"m-block--container u-offset m-block--core--paragraph\">\n<p>Ergebnis: \u00dcberzogene Hoffnungen (\u201eSelbstorganisation l\u00f6st alle Probleme\u201c) treffen auf diffuse Sorgen (\u201eDann macht jeder, was er will\u201c). Beides ist falsch \u2013 und genau hier setzen die folgenden Missverst\u00e4ndnisse an.<\/p>\n<\/div><div class=\"m-block--container u-offset m-block--core--separator\">\n<hr class=\"wp-block-separator has-alpha-channel-opacity\"\/>\n<\/div><div class=\"m-block--container u-offset m-block--core--heading\">\n<h2 class=\"wp-block-heading\">Die h\u00e4ufigsten Missverst\u00e4ndnisse bei der agilen Selbstorganisation<\/h2>\n<\/div><div class=\"m-block--container u-offset m-block--core--heading\">\n<h3 class=\"wp-block-heading\">1. \u201eSelbstorganisation hei\u00dft: F\u00fchrung wird \u00fcberfl\u00fcssig\u201c<\/h3>\n<\/div><div class=\"m-block--container u-offset m-block--core--paragraph\">\n<p>Eines der hartn\u00e4ckigsten Missverst\u00e4ndnisse: Wenn Teams sich selbst organisieren, brauche es keine F\u00fchrung mehr.<\/p>\n<\/div><div class=\"m-block--container u-offset m-block--core--paragraph\">\n<p><strong class=\"\">Warum das problematisch ist:<\/strong><\/p>\n<\/div><div class=\"m-block--container u-offset m-block--core--list\">\n<ul class=\"wp-block-list\"><div class=\"m-block--container u-offset m-block--core--list-item\">\n<li>Strategische Ausrichtung bleibt unklar.<\/li>\n<\/div>\n\n<div class=\"m-block--container u-offset m-block--core--list-item\">\n<li>Priorit\u00e4tenkonflikte zwischen Teams eskalieren.<\/li>\n<\/div>\n\n<div class=\"m-block--container u-offset m-block--core--list-item\">\n<li>Niemand k\u00fcmmert sich um organisationale Hindernisse (Strukturen, Budgets, Politik).<\/li>\n<\/div><\/ul>\n<\/div><div class=\"m-block--container u-offset m-block--core--paragraph\">\n<p><strong class=\"\">Was stattdessen gilt:<\/strong><\/p>\n<\/div><div class=\"m-block--container u-offset m-block--core--list\">\n<ul class=\"wp-block-list\"><div class=\"m-block--container u-offset m-block--core--list-item\">\n<li>F\u00fchrung <strong class=\"\">\u00e4ndert ihren Fokus<\/strong>, sie verschwindet nicht.<\/li>\n<\/div>\n\n<div class=\"m-block--container u-offset m-block--core--list-item\">\n<li>Von <strong class=\"\">Command &amp; Control<\/strong> hin zu <strong class=\"\">Enable &amp; Align<\/strong>:<div class=\"m-block--container u-offset m-block--core--list\">\n<ul class=\"wp-block-list\"><div class=\"m-block--container u-offset m-block--core--list-item\">\n<li>Klarheit \u00fcber Ziele, Strategie und Rahmen schaffen.<\/li>\n<\/div>\n\n<div class=\"m-block--container u-offset m-block--core--list-item\">\n<li>Hindernisse aus dem Weg r\u00e4umen.<\/li>\n<\/div>\n\n<div class=\"m-block--container u-offset m-block--core--list-item\">\n<li>Grenzen und Verantwortlichkeiten definieren.<\/li>\n<\/div>\n\n<div class=\"m-block--container u-offset m-block--core--list-item\">\n<li>Entwicklung von Menschen und Teams unterst\u00fctzen.<\/li>\n<\/div><\/ul>\n<\/div><\/li>\n<\/div><\/ul>\n<\/div><div class=\"m-block--container u-offset m-block--core--paragraph\">\n<p><strong class=\"\">Merksatz:<\/strong> Selbstorganisation reduziert operative Steuerung, erh\u00f6ht aber den Anspruch an strategische und systemische F\u00fchrung.<\/p>\n<\/div><div class=\"m-block--container u-offset m-block--core--separator\">\n<hr class=\"wp-block-separator has-alpha-channel-opacity\"\/>\n<\/div><div class=\"m-block--container u-offset m-block--core--heading\">\n<h3 class=\"wp-block-heading\">2. \u201eSelbstorganisation hei\u00dft: Jeder entscheidet \u00fcber alles\u201c<\/h3>\n<\/div><div class=\"m-block--container u-offset m-block--core--paragraph\">\n<p>Ein weiteres Missverst\u00e4ndnis: In einem selbstorganisierten Umfeld darf und soll jede Person zu allem mitentscheiden.<\/p>\n<\/div><div class=\"m-block--container u-offset m-block--core--paragraph\">\n<p><strong class=\"\">Typische Symptome:<\/strong><\/p>\n<\/div><div class=\"m-block--container u-offset m-block--core--list\">\n<ul class=\"wp-block-list\"><div class=\"m-block--container u-offset m-block--core--list-item\">\n<li>Endlose Diskussionen ohne Entscheidung.<\/li>\n<\/div>\n\n<div class=\"m-block--container u-offset m-block--core--list-item\">\n<li>Entscheidungsprozesse werden immer gr\u00f6\u00dfer gruppiert (\u201eAlle m\u00fcssen geh\u00f6rt werden\u201c).<\/li>\n<\/div>\n\n<div class=\"m-block--container u-offset m-block--core--list-item\">\n<li>Verantwortung wird verw\u00e4ssert: Am Ende f\u00fchlt sich niemand verantwortlich.<\/li>\n<\/div><\/ul>\n<\/div><div class=\"m-block--container u-offset m-block--core--paragraph\">\n<p><strong class=\"\">Was stattdessen gilt:<\/strong><\/p>\n<\/div><div class=\"m-block--container u-offset m-block--core--paragraph\">\n<p>Selbstorganisation braucht <strong class=\"\">klare Entscheidungsprinzipien<\/strong>, zum Beispiel:<\/p>\n<\/div><div class=\"m-block--container u-offset m-block--core--list\">\n<ul class=\"wp-block-list\"><div class=\"m-block--container u-offset m-block--core--list-item\">\n<li><strong class=\"\">Entscheidungsdom\u00e4nen:<\/strong> Wer entscheidet \u00fcber was? (z. B. Product Owner \u00fcber Produktpriorit\u00e4ten, Team \u00fcber Umsetzung).<\/li>\n<\/div>\n\n<div class=\"m-block--container u-offset m-block--core--list-item\">\n<li><strong class=\"\">Delegationsgrade:<\/strong> Welche Entscheidungen trifft das Team eigenst\u00e4ndig, wo wird konsultiert, wo informiert?<\/li>\n<\/div>\n\n<div class=\"m-block--container u-offset m-block--core--list-item\">\n<li><strong class=\"\">Klare Eskalationswege:<\/strong> Wann und wie Entscheidungen nach oben gehoben werden.<\/li>\n<\/div><\/ul>\n<\/div><div class=\"m-block--container u-offset m-block--core--paragraph\">\n<p>Ein praktisches Instrument sind Delegationsmodelle (z. B. Delegation Poker), um mit Teams offen zu kl\u00e4ren:<br class=\"\"><strong class=\"\">Welche Entscheidungen liegen wo \u2013 heute, und wo sollen sie k\u00fcnftig liegen?<\/strong><\/p>\n<\/div><div class=\"m-block--container u-offset m-block--core--separator\">\n<hr class=\"wp-block-separator has-alpha-channel-opacity\"\/>\n<\/div><div class=\"m-block--container u-offset m-block--core--heading\">\n<h3 class=\"wp-block-heading\">3. \u201eSelbstorganisation entsteht automatisch, wenn man Teams einfach l\u00e4sst\u201c<\/h3>\n<\/div><div class=\"m-block--container u-offset m-block--core--paragraph\">\n<p>Die Vorstellung: Man entfernt Hierarchie, streicht ein paar Freigabeprozesse \u2013 und schon organisieren sich Teams von selbst.<\/p>\n<\/div><div class=\"m-block--container u-offset m-block--core--paragraph\">\n<p><strong class=\"\">Warum das selten funktioniert:<\/strong><\/p>\n<\/div><div class=\"m-block--container u-offset m-block--core--list\">\n<ul class=\"wp-block-list\"><div class=\"m-block--container u-offset m-block--core--list-item\">\n<li>Rollen und Verantwortlichkeiten bleiben diffus.<\/li>\n<\/div>\n\n<div class=\"m-block--container u-offset m-block--core--list-item\">\n<li>Informelle Hierarchien und Machtstrukturen dominieren.<\/li>\n<\/div>\n\n<div class=\"m-block--container u-offset m-block--core--list-item\">\n<li>Einzelne lautstarke Personen \u00fcbernehmen die inoffizielle F\u00fchrung.<\/li>\n<\/div>\n\n<div class=\"m-block--container u-offset m-block--core--list-item\">\n<li>Konflikte werden nicht professionell moderiert.<\/li>\n<\/div><\/ul>\n<\/div><div class=\"m-block--container u-offset m-block--core--paragraph\">\n<p><strong class=\"\">Was Teams brauchen, um sich sinnvoll selbst zu organisieren:<\/strong><\/p>\n<\/div><div class=\"m-block--container u-offset m-block--core--list\">\n<ul class=\"wp-block-list\"><div class=\"m-block--container u-offset m-block--core--list-item\">\n<li><strong class=\"\">Klare Ziele und Kennzahlen:<\/strong> Woran erkennt das Team gute Arbeit?<\/li>\n<\/div>\n\n<div class=\"m-block--container u-offset m-block--core--list-item\">\n<li><strong class=\"\">Transparente Rollen:<\/strong> Wer ist f\u00fcr welche Aufgaben und Entscheidungen zust\u00e4ndig?<\/li>\n<\/div>\n\n<div class=\"m-block--container u-offset m-block--core--list-item\">\n<li><strong class=\"\">Gemeinsame Arbeitsregeln:<\/strong> z. B. Definition of Done, Meeting-Formate, Kommunikationskan\u00e4le.<\/li>\n<\/div>\n\n<div class=\"m-block--container u-offset m-block--core--list-item\">\n<li><strong class=\"\">Unterst\u00fctzung beim Lernen:<\/strong> Coaching, Retrospektiven, Feedbackschleifen.<\/li>\n<\/div><\/ul>\n<\/div><div class=\"m-block--container u-offset m-block--core--paragraph\">\n<p>Selbstorganisation ist kein \u201eWeglassen von Steuerung\u201c, sondern ein <strong class=\"\">andere Art von bewusst gestalteter Steuerung<\/strong> \u2013 st\u00e4rker gemeinsam, n\u00e4her an der Wertsch\u00f6pfung.<\/p>\n<\/div><div class=\"m-block--container u-offset m-block--core--separator\">\n<hr class=\"wp-block-separator has-alpha-channel-opacity\"\/>\n<\/div><div class=\"m-block--container u-offset m-block--core--heading\">\n<h3 class=\"wp-block-heading\">4. \u201eSelbstorganisation hei\u00dft: Keine Regeln, keine Prozesse\u201c<\/h3>\n<\/div><div class=\"m-block--container u-offset m-block--core--paragraph\">\n<p>Ein verbreiteter Irrtum: Prozesse und Standards seien \u201eunagil\u201c und st\u00fcnden Selbstorganisation im Weg.<\/p>\n<\/div><div class=\"m-block--container u-offset m-block--core--paragraph\">\n<p><strong class=\"\">Typische Folgen:<\/strong><\/p>\n<\/div><div class=\"m-block--container u-offset m-block--core--list\">\n<ul class=\"wp-block-list\"><div class=\"m-block--container u-offset m-block--core--list-item\">\n<li>Jeder arbeitet nach eigenem Stil, Schnittstellen brechen.<\/li>\n<\/div>\n\n<div class=\"m-block--container u-offset m-block--core--list-item\">\n<li>Qualit\u00e4t schwankt stark, weil Standards fehlen.<\/li>\n<\/div>\n\n<div class=\"m-block--container u-offset m-block--core--list-item\">\n<li>Onboarding neuer Kolleg:innen wird zum Zufall.<\/li>\n<\/div><\/ul>\n<\/div><div class=\"m-block--container u-offset m-block--core--paragraph\">\n<p><strong class=\"\">Was stattdessen gilt:<\/strong><\/p>\n<\/div><div class=\"m-block--container u-offset m-block--core--paragraph\">\n<p>Agile Selbstorganisation braucht <strong class=\"\">klare, aber anpassbare Spielregeln<\/strong>:<\/p>\n<\/div><div class=\"m-block--container u-offset m-block--core--list\">\n<ul class=\"wp-block-list\"><div class=\"m-block--container u-offset m-block--core--list-item\">\n<li><strong class=\"\">Minimal notwendige Standards:<\/strong> z. B. Definition of Ready\/Done, Coding-Guidelines, Freigabeschritte.<\/li>\n<\/div>\n\n<div class=\"m-block--container u-offset m-block--core--list-item\">\n<li><strong class=\"\">Transparente, vereinbarte Prozesse:<\/strong> Wer tut was, wann, in welcher Abfolge?<\/li>\n<\/div>\n\n<div class=\"m-block--container u-offset m-block--core--list-item\">\n<li><strong class=\"\">Regelm\u00e4\u00dfige \u00dcberpr\u00fcfung:<\/strong> Prozesse geh\u00f6ren dem Team \u2013 aber sie m\u00fcssen bewusst gepflegt und angepasst werden (Inspect &amp; Adapt).<\/li>\n<\/div><\/ul>\n<\/div><div class=\"m-block--container u-offset m-block--core--paragraph\">\n<p>Selbstorganisation hei\u00dft nicht \u201eKeine Regeln\u201c, sondern:<br class=\"\"><strong class=\"\">Teams gestalten und verbessern ihre Regeln aktiv mit.<\/strong><\/p>\n<\/div><div class=\"m-block--container u-offset m-block--core--separator\">\n<hr class=\"wp-block-separator has-alpha-channel-opacity\"\/>\n<\/div><div class=\"m-block--container u-offset m-block--core--heading\">\n<h3 class=\"wp-block-heading\">5. \u201eSelbstorganisation ist nur etwas f\u00fcr IT- oder Scrum-Teams\u201c<\/h3>\n<\/div><div class=\"m-block--container u-offset m-block--core--paragraph\">\n<p>Weil viele Beispiele aus der Softwareentwicklung stammen, wird Selbstorganisation oft als reines IT-Thema gesehen.<\/p>\n<\/div><div class=\"m-block--container u-offset m-block--core--paragraph\">\n<p><strong class=\"\">Warum das zu kurz greift:<\/strong><\/p>\n<\/div><div class=\"m-block--container u-offset m-block--core--list\">\n<ul class=\"wp-block-list\"><div class=\"m-block--container u-offset m-block--core--list-item\">\n<li>Komplexit\u00e4t und Dynamik betreffen heute nahezu alle Bereiche: Produktentwicklung, Marketing, Service, HR, Produktion.<\/li>\n<\/div>\n\n<div class=\"m-block--container u-offset m-block--core--list-item\">\n<li>Viele Wertstr\u00f6me verlaufen bereichs\u00fcbergreifend \u2013 ohne selbstorganisierte Abstimmung entstehen dauernd Reibungsverluste.<\/li>\n<\/div><\/ul>\n<\/div><div class=\"m-block--container u-offset m-block--core--paragraph\">\n<p><strong class=\"\">Praxisbeispiele au\u00dferhalb der IT:<\/strong><\/p>\n<\/div><div class=\"m-block--container u-offset m-block--core--list\">\n<ul class=\"wp-block-list\"><div class=\"m-block--container u-offset m-block--core--list-item\">\n<li><strong class=\"\">Produktentwicklung:<\/strong> Cross-funktionale Teams aus Produktmanagement, Konstruktion, Einkauf, Qualit\u00e4t.<\/li>\n<\/div>\n\n<div class=\"m-block--container u-offset m-block--core--list-item\">\n<li><strong class=\"\">Marketing &amp; Sales:<\/strong> Gemeinsame Kampagnenteams mit klarer End-to-End-Verantwortung.<\/li>\n<\/div>\n\n<div class=\"m-block--container u-offset m-block--core--list-item\">\n<li><strong class=\"\">HR:<\/strong> Agile Projektteams f\u00fcr Themen wie Talentprogramme oder Learning-Plattformen.<\/li>\n<\/div><\/ul>\n<\/div><div class=\"m-block--container u-offset m-block--core--paragraph\">\n<p>Die konkrete Ausgestaltung unterscheidet sich, aber das Grundprinzip bleibt:<br class=\"\"><strong class=\"\">Teams nahe am Problem erhalten Gestaltungsspielraum, Verantwortung und klare Ziele.<\/strong><\/p>\n<\/div><div class=\"m-block--container u-offset m-block--core--separator\">\n<hr class=\"wp-block-separator has-alpha-channel-opacity\"\/>\n<\/div><div class=\"m-block--container u-offset m-block--core--heading\">\n<h3 class=\"wp-block-heading\">6. \u201eSelbstorganisation ist ein einmaliges Einf\u00fchrungsprojekt\u201c<\/h3>\n<\/div><div class=\"m-block--container u-offset m-block--core--paragraph\">\n<p>Ein h\u00e4ufiges Missverst\u00e4ndnis im Management: Man \u201ef\u00fchrt Selbstorganisation ein\u201c \u2013 per Projektplan, Rollout und Go-Live-Datum.<\/p>\n<\/div><div class=\"m-block--container u-offset m-block--core--paragraph\">\n<p><strong class=\"\">Warum das nicht funktioniert:<\/strong><\/p>\n<\/div><div class=\"m-block--container u-offset m-block--core--list\">\n<ul class=\"wp-block-list\"><div class=\"m-block--container u-offset m-block--core--list-item\">\n<li>Selbstorganisation ist eine <strong class=\"\">F\u00e4higkeit<\/strong>, kein Tool.<\/li>\n<\/div>\n\n<div class=\"m-block--container u-offset m-block--core--list-item\">\n<li>Organisation, F\u00fchrung und Teams m\u00fcssen neue Kompetenzen entwickeln:<div class=\"m-block--container u-offset m-block--core--list\">\n<ul class=\"wp-block-list\"><div class=\"m-block--container u-offset m-block--core--list-item\">\n<li>Entscheidungen n\u00e4her an den Kunden treffen.<\/li>\n<\/div>\n\n<div class=\"m-block--container u-offset m-block--core--list-item\">\n<li>Konflikte konstruktiv bearbeiten.<\/li>\n<\/div>\n\n<div class=\"m-block--container u-offset m-block--core--list-item\">\n<li>Verantwortung \u00fcbernehmen und halten.<\/li>\n<\/div>\n\n<div class=\"m-block--container u-offset m-block--core--list-item\">\n<li>Mit Unsicherheit umgehen.<\/li>\n<\/div><\/ul>\n<\/div><\/li>\n<\/div><\/ul>\n<\/div><div class=\"m-block--container u-offset m-block--core--paragraph\">\n<p><strong class=\"\">Was stattdessen n\u00f6tig ist:<\/strong><\/p>\n<\/div><div class=\"m-block--container u-offset m-block--core--list\">\n<ul class=\"wp-block-list\"><div class=\"m-block--container u-offset m-block--core--list-item\">\n<li><strong class=\"\">Schrittweises Vorgehen:<\/strong> Pilotbereiche, Lernen, Anpassen, skalieren.<\/li>\n<\/div>\n\n<div class=\"m-block--container u-offset m-block--core--list-item\">\n<li><strong class=\"\">Begleitung als Lernprozess:<\/strong> Coaching, Feedback, Erfahrungsaustausch.<\/li>\n<\/div>\n\n<div class=\"m-block--container u-offset m-block--core--list-item\">\n<li><strong class=\"\">Langfristige Perspektive:<\/strong> Selbstorganisation entwickelt sich \u00fcber Jahre \u2013 im Zusammenspiel von Struktur, Kultur und F\u00fchrung.<\/li>\n<\/div><\/ul>\n<\/div><div class=\"m-block--container u-offset m-block--core--paragraph\">\n<p>Die zentrale Frage lautet nicht: \u201eSind wir schon selbstorganisiert?\u201c, sondern:<br class=\"\"><strong class=\"\">\u201eWerden wir jedes Jahr ein St\u00fcck besser darin, Verantwortung dorthin zu verschieben, wo sie den meisten Wert stiftet?\u201c<\/strong><\/p>\n<\/div><div class=\"m-block--container u-offset m-block--core--separator\">\n<hr class=\"wp-block-separator has-alpha-channel-opacity\"\/>\n<\/div><div class=\"m-block--container u-offset m-block--core--heading\">\n<h3 class=\"wp-block-heading\">7. \u201eJedes Team darf alles komplett anders machen\u201c<\/h3>\n<\/div><div class=\"m-block--container u-offset m-block--core--paragraph\">\n<p>Vielfalt ist wichtig. Doch die \u00dcbertreibung f\u00fchrt zum n\u00e4chsten Missverst\u00e4ndnis:<br class=\"\">Jedes Team definiert Prozesse, Tools und Arbeitsweisen komplett neu \u2013 ohne R\u00fccksicht auf andere.<\/p>\n<\/div><div class=\"m-block--container u-offset m-block--core--paragraph\">\n<p><strong class=\"\">Risiken:<\/strong><\/p>\n<\/div><div class=\"m-block--container u-offset m-block--core--list\">\n<ul class=\"wp-block-list\"><div class=\"m-block--container u-offset m-block--core--list-item\">\n<li>Hoher Abstimmungsaufwand an Schnittstellen.<\/li>\n<\/div>\n\n<div class=\"m-block--container u-offset m-block--core--list-item\">\n<li>Medienbr\u00fcche (unvereinbare Tools, Formate, Datenstrukturen).<\/li>\n<\/div>\n\n<div class=\"m-block--container u-offset m-block--core--list-item\">\n<li>Wissensaustausch wird erschwert, weil jeder \u201eseine eigene Welt\u201c baut.<\/li>\n<\/div><\/ul>\n<\/div><div class=\"m-block--container u-offset m-block--core--paragraph\">\n<p><strong class=\"\">Was stattdessen gilt:<\/strong><\/p>\n<\/div><div class=\"m-block--container u-offset m-block--core--paragraph\">\n<p>Gute agile Selbstorganisation findet die <strong class=\"\">Balance zwischen lokaler Freiheit und globalem Alignment<\/strong>:<\/p>\n<\/div><div class=\"m-block--container u-offset m-block--core--list\">\n<ul class=\"wp-block-list\"><div class=\"m-block--container u-offset m-block--core--list-item\">\n<li><strong class=\"\">Gemeinsame Leitplanken:<\/strong> z. B. einheitliches Toolset, zentrale Qualit\u00e4tsstandards, grundlegende Governance.<\/li>\n<\/div>\n\n<div class=\"m-block--container u-offset m-block--core--list-item\">\n<li><strong class=\"\">Gestaltungsfreiraum im Detail:<\/strong> Teams entscheiden z. B. \u00fcber:<div class=\"m-block--container u-offset m-block--core--list\">\n<ul class=\"wp-block-list\"><div class=\"m-block--container u-offset m-block--core--list-item\">\n<li>konkrete Meeting-Rhythmen,<\/li>\n<\/div>\n\n<div class=\"m-block--container u-offset m-block--core--list-item\">\n<li>Umfang der Dokumentation,<\/li>\n<\/div>\n\n<div class=\"m-block--container u-offset m-block--core--list-item\">\n<li>interne Rollenverteilung,<\/li>\n<\/div>\n\n<div class=\"m-block--container u-offset m-block--core--list-item\">\n<li>Feingestaltung des Backlogs.<\/li>\n<\/div><\/ul>\n<\/div><\/li>\n<\/div><\/ul>\n<\/div><div class=\"m-block--container u-offset m-block--core--paragraph\">\n<p>Eine hilfreiche Frage:<br class=\"\"><strong class=\"\">Was muss organisationsweit einheitlich sein \u2013 und wo ist bewusste Vielfalt ein Vorteil?<\/strong><\/p>\n<\/div><div class=\"m-block--container u-offset m-block--core--separator\">\n<hr class=\"wp-block-separator has-alpha-channel-opacity\"\/>\n<\/div><div class=\"m-block--container u-offset m-block--core--heading\">\n<h3 class=\"wp-block-heading\">8. \u201eSelbstorganisation l\u00f6st unsere Performance-Probleme\u201c<\/h3>\n<\/div><div class=\"m-block--container u-offset m-block--core--paragraph\">\n<p>Manche Organisationen setzen auf Selbstorganisation als schnelle Antwort auf schlechte Ergebnisse, Fluktuation oder Innovationsstau.<\/p>\n<\/div><div class=\"m-block--container u-offset m-block--core--paragraph\">\n<p><strong class=\"\">Typischer Irrtum:<\/strong><\/p>\n<\/div><div class=\"m-block--container u-offset m-block--core--list\">\n<ul class=\"wp-block-list\"><div class=\"m-block--container u-offset m-block--core--list-item\">\n<li>\u201eWenn wir den Leuten mehr Freiheit geben, werden sie automatisch engagierter und leistungsf\u00e4higer.\u201c<\/li>\n<\/div><\/ul>\n<\/div><div class=\"m-block--container u-offset m-block--core--paragraph\">\n<p><strong class=\"\">Warum das gef\u00e4hrlich ist:<\/strong><\/p>\n<\/div><div class=\"m-block--container u-offset m-block--core--list\">\n<ul class=\"wp-block-list\"><div class=\"m-block--container u-offset m-block--core--list-item\">\n<li>Grundlegende Probleme (unklare Strategie, \u00fcberladene Portfolios, falsche Anreizsysteme) bleiben bestehen.<\/li>\n<\/div>\n\n<div class=\"m-block--container u-offset m-block--core--list-item\">\n<li>Teams bekommen mehr Verantwortung \u2013 aber in einem weiterhin widerspr\u00fcchlichen System.<\/li>\n<\/div>\n\n<div class=\"m-block--container u-offset m-block--core--list-item\">\n<li>Entt\u00e4uschung ist programmiert: \u201eWir haben Selbstorganisation probiert, es wurde nur chaotischer.\u201c<\/li>\n<\/div><\/ul>\n<\/div><div class=\"m-block--container u-offset m-block--core--paragraph\">\n<p><strong class=\"\">Was stattdessen n\u00f6tig ist:<\/strong><\/p>\n<\/div><div class=\"m-block--container u-offset m-block--core--list\">\n<ul class=\"wp-block-list\"><div class=\"m-block--container u-offset m-block--core--list-item\">\n<li><strong class=\"\">Ehrliche Diagnose:<\/strong> Wo liegen die wirklichen Performancebremsen?<\/li>\n<\/div>\n\n<div class=\"m-block--container u-offset m-block--core--list-item\">\n<li><strong class=\"\">Systemische Anpassungen<\/strong>:<div class=\"m-block--container u-offset m-block--core--list\">\n<ul class=\"wp-block-list\"><div class=\"m-block--container u-offset m-block--core--list-item\">\n<li>Kl\u00e4rung von Priorit\u00e4ten und Stoppen nicht-wichtiger Vorhaben.<\/li>\n<\/div>\n\n<div class=\"m-block--container u-offset m-block--core--list-item\">\n<li>Anpassung von Ziel- und Bonussystemen, die bisher Silos belohnen.<\/li>\n<\/div>\n\n<div class=\"m-block--container u-offset m-block--core--list-item\">\n<li>Reduktion von Reporting-Aufwand, der keine Wertsch\u00f6pfung bringt.<\/li>\n<\/div><\/ul>\n<\/div><\/li>\n<\/div>\n\n<div class=\"m-block--container u-offset m-block--core--list-item\">\n<li><strong class=\"\">Selbstorganisation als Baustein<\/strong>, nicht als alleinige L\u00f6sung.<\/li>\n<\/div><\/ul>\n<\/div><div class=\"m-block--container u-offset m-block--core--paragraph\">\n<p>Selbstorganisation kann Performance massiv steigern \u2013 <strong class=\"\">wenn<\/strong> das Umfeld dazu passt.<\/p>\n<\/div><div class=\"m-block--container u-offset m-block--core--separator\">\n<hr class=\"wp-block-separator has-alpha-channel-opacity\"\/>\n<\/div><div class=\"m-block--container u-offset m-block--core--heading\">\n<h3 class=\"wp-block-heading\">9. \u201eSelbstorganisation ist nur etwas f\u00fcr \u201areife\u2018 Mitarbeiter:innen\u201c<\/h3>\n<\/div><div class=\"m-block--container u-offset m-block--core--paragraph\">\n<p>Ein verbreitetes, aber problematisches Narrativ: Nur sehr erfahrene, hochqualifizierte Menschen k\u00f6nnten sich selbst organisieren. Alle anderen br\u00e4uchten enge F\u00fchrung.<\/p>\n<\/div><div class=\"m-block--container u-offset m-block--core--paragraph\">\n<p><strong class=\"\">Probleme dieser Sichtweise:<\/strong><\/p>\n<\/div><div class=\"m-block--container u-offset m-block--core--list\">\n<ul class=\"wp-block-list\"><div class=\"m-block--container u-offset m-block--core--list-item\">\n<li>Entwicklungspotenziale werden untersch\u00e4tzt.<\/li>\n<\/div>\n\n<div class=\"m-block--container u-offset m-block--core--list-item\">\n<li>Chancen zur Verantwortungs\u00fcbernahme werden ungleich verteilt.<\/li>\n<\/div>\n\n<div class=\"m-block--container u-offset m-block--core--list-item\">\n<li>Eine selbsterf\u00fcllende Prophezeiung entsteht: Wer keine Verantwortung erh\u00e4lt, entwickelt auch keine entsprechenden Kompetenzen.<\/li>\n<\/div><\/ul>\n<\/div><div class=\"m-block--container u-offset m-block--core--paragraph\">\n<p><strong class=\"\">Was stattdessen gilt:<\/strong><\/p>\n<\/div><div class=\"m-block--container u-offset m-block--core--list\">\n<ul class=\"wp-block-list\"><div class=\"m-block--container u-offset m-block--core--list-item\">\n<li>Selbstorganisation ist <strong class=\"\">lernbar<\/strong> \u2013 auf individueller und Teamebene.<\/li>\n<\/div>\n\n<div class=\"m-block--container u-offset m-block--core--list-item\">\n<li>Unterschiedliche Menschen brauchen <strong class=\"\">unterschiedliche Unterst\u00fctzung<\/strong>:<div class=\"m-block--container u-offset m-block--core--list\">\n<ul class=\"wp-block-list\"><div class=\"m-block--container u-offset m-block--core--list-item\">\n<li>Klarere Struktur und Anleitung bei geringerer Erfahrung.<\/li>\n<\/div>\n\n<div class=\"m-block--container u-offset m-block--core--list-item\">\n<li>Mehr Freiraum und Coaching bei h\u00f6herer Reife.<\/li>\n<\/div><\/ul>\n<\/div><\/li>\n<\/div>\n\n<div class=\"m-block--container u-offset m-block--core--list-item\">\n<li>Entscheidender Hebel ist die <strong class=\"\">psychologische Sicherheit<\/strong>: K\u00f6nnen Mitarbeitende offen sagen, was sie nicht wissen, Fragen stellen, Fehler benennen?<\/li>\n<\/div><\/ul>\n<\/div><div class=\"m-block--container u-offset m-block--core--paragraph\">\n<p>F\u00fchrung bleibt gefragt, die Bedingungen zu schaffen, unter denen Menschen Verantwortung <strong class=\"\">schrittweise<\/strong> \u00fcbernehmen k\u00f6nnen.<\/p>\n<\/div><div class=\"m-block--container u-offset m-block--core--separator\">\n<hr class=\"wp-block-separator has-alpha-channel-opacity\"\/>\n<\/div><div class=\"m-block--container u-offset m-block--core--heading\">\n<h3 class=\"wp-block-heading\">10. \u201eSelbstorganisation bedeutet: Keine Linienverantwortung mehr\u201c<\/h3>\n<\/div><div class=\"m-block--container u-offset m-block--core--paragraph\">\n<p>In skalierten Organisationen entsteht h\u00e4ufig der Eindruck, Selbstorganisation im Team und klassische Linienf\u00fchrung schl\u00f6ssen sich aus.<\/p>\n<\/div><div class=\"m-block--container u-offset m-block--core--paragraph\">\n<p><strong class=\"\">Typische Spannungen:<\/strong><\/p>\n<\/div><div class=\"m-block--container u-offset m-block--core--list\">\n<ul class=\"wp-block-list\"><div class=\"m-block--container u-offset m-block--core--list-item\">\n<li>Fachliche Verantwortung im Team vs. disziplinarische Verantwortung in der Linie.<\/li>\n<\/div>\n\n<div class=\"m-block--container u-offset m-block--core--list-item\">\n<li>Unterschiedliche Zielsysteme (Teamziele vs. individuelle Bonusziele).<\/li>\n<\/div>\n\n<div class=\"m-block--container u-offset m-block--core--list-item\">\n<li>Unklarheit f\u00fcr Mitarbeitende: Wem \u201egeh\u00f6re\u201c ich eigentlich?<\/li>\n<\/div><\/ul>\n<\/div><div class=\"m-block--container u-offset m-block--core--paragraph\">\n<p><strong class=\"\">Was stattdessen m\u00f6glich ist:<\/strong><\/p>\n<\/div><div class=\"m-block--container u-offset m-block--core--list\">\n<ul class=\"wp-block-list\"><div class=\"m-block--container u-offset m-block--core--list-item\">\n<li><strong class=\"\">Dual Leadership-Modelle:<\/strong><div class=\"m-block--container u-offset m-block--core--list\">\n<ul class=\"wp-block-list\"><div class=\"m-block--container u-offset m-block--core--list-item\">\n<li>Die Linie verantwortet z. B. Personalentwicklung, Gehalt, langfristige Qualifizierung.<\/li>\n<\/div>\n\n<div class=\"m-block--container u-offset m-block--core--list-item\">\n<li>Das Team bzw. der Product Owner verantwortet die operative Arbeit und Priorisierung.<\/li>\n<\/div><\/ul>\n<\/div><\/li>\n<\/div>\n\n<div class=\"m-block--container u-offset m-block--core--list-item\">\n<li><strong class=\"\">Gemeinsame Zielbilder:<\/strong> Linie und Teamleitung(en) stimmen sich \u00fcber Entwicklungsziele und Beitrag zum Wertstrom ab.<\/li>\n<\/div>\n\n<div class=\"m-block--container u-offset m-block--core--list-item\">\n<li><strong class=\"\">Transparente Rollenkl\u00e4rung:<\/strong> F\u00fcr Mitarbeitende ist klar:<div class=\"m-block--container u-offset m-block--core--list\">\n<ul class=\"wp-block-list\"><div class=\"m-block--container u-offset m-block--core--list-item\">\n<li>Wer entscheidet \u00fcber Einsatz im Projekt?<\/li>\n<\/div>\n\n<div class=\"m-block--container u-offset m-block--core--list-item\">\n<li>Wer \u00fcber Weiterbildung?<\/li>\n<\/div>\n\n<div class=\"m-block--container u-offset m-block--core--list-item\">\n<li>Wer \u00fcber Gehalt und Karrierepfade?<\/li>\n<\/div><\/ul>\n<\/div><\/li>\n<\/div><\/ul>\n<\/div><div class=\"m-block--container u-offset m-block--core--paragraph\">\n<p>Selbstorganisation im Team und Linienverantwortung schlie\u00dfen sich nicht aus \u2013 sie m\u00fcssen jedoch bewusst aufeinander abgestimmt werden.<\/p>\n<\/div><div class=\"m-block--container u-offset m-block--core--separator\">\n<hr class=\"wp-block-separator has-alpha-channel-opacity\"\/>\n<\/div><div class=\"m-block--container u-offset m-block--core--heading\">\n<h2 class=\"wp-block-heading\">Voraussetzungen f\u00fcr funktionierende agile Selbstorganisation<\/h2>\n<\/div><div class=\"m-block--container u-offset m-block--core--paragraph\">\n<p>Damit Selbstorganisation nicht an Missverst\u00e4ndnissen scheitert, braucht es einige zentrale Voraussetzungen. Eine kompakte \u00dcbersicht:<\/p>\n<\/div><div class=\"m-block--container u-offset m-block--core--paragraph\">\n<p><strong class=\"\">1. Klare Ausrichtung<\/strong><\/p>\n<\/div><div class=\"m-block--container u-offset m-block--core--list\">\n<ul class=\"wp-block-list\"><div class=\"m-block--container u-offset m-block--core--list-item\">\n<li>Verst\u00e4ndliche Strategie und Priorit\u00e4ten.<\/li>\n<\/div>\n\n<div class=\"m-block--container u-offset m-block--core--list-item\">\n<li>\u00dcbersetzung in konkrete Ziele f\u00fcr Teams (z. B. OKR, Team-KPIs).<\/li>\n<\/div>\n\n<div class=\"m-block--container u-offset m-block--core--list-item\">\n<li>Klare Definition von Wertstr\u00f6men: Wer schafft f\u00fcr wen welchen Nutzen?<\/li>\n<\/div><\/ul>\n<\/div><div class=\"m-block--container u-offset m-block--core--paragraph\">\n<p><strong class=\"\">2. Entscheidungs- und Verantwortungsklarheit<\/strong><\/p>\n<\/div><div class=\"m-block--container u-offset m-block--core--list\">\n<ul class=\"wp-block-list\"><div class=\"m-block--container u-offset m-block--core--list-item\">\n<li>Dokumentierte Entscheidungsbereiche (\u201eWer entscheidet was?\u201c).<\/li>\n<\/div>\n\n<div class=\"m-block--container u-offset m-block--core--list-item\">\n<li>Transparente Delegationsgrade.<\/li>\n<\/div>\n\n<div class=\"m-block--container u-offset m-block--core--list-item\">\n<li>Passende Eskalationsmechanismen.<\/li>\n<\/div><\/ul>\n<\/div><div class=\"m-block--container u-offset m-block--core--paragraph\">\n<p><strong class=\"\">3. Transparente Informationen<\/strong><\/p>\n<\/div><div class=\"m-block--container u-offset m-block--core--list\">\n<ul class=\"wp-block-list\"><div class=\"m-block--container u-offset m-block--core--list-item\">\n<li>Zugang zu relevanten Daten (Kundenfeedback, Kennzahlen, Risiken).<\/li>\n<\/div>\n\n<div class=\"m-block--container u-offset m-block--core--list-item\">\n<li>Einfache Visualisierung von Arbeit und Fortschritt (z. B. Boards, Dashboards).<\/li>\n<\/div>\n\n<div class=\"m-block--container u-offset m-block--core--list-item\">\n<li>Regelm\u00e4\u00dfige, faktenbasierte Reviews.<\/li>\n<\/div><\/ul>\n<\/div><div class=\"m-block--container u-offset m-block--core--paragraph\">\n<p><strong class=\"\">4. Kompetenzen und F\u00e4higkeiten<\/strong><\/p>\n<\/div><div class=\"m-block--container u-offset m-block--core--list\">\n<ul class=\"wp-block-list\"><div class=\"m-block--container u-offset m-block--core--list-item\">\n<li>Methodenkompetenz (z. B. agile Praktiken, Moderation, Konfliktkl\u00e4rung).<\/li>\n<\/div>\n\n<div class=\"m-block--container u-offset m-block--core--list-item\">\n<li>Kommunikations- und Feedbackf\u00e4higkeit.<\/li>\n<\/div>\n\n<div class=\"m-block--container u-offset m-block--core--list-item\">\n<li>Basiswissen in Selbstorganisation und Zusammenarbeit.<\/li>\n<\/div><\/ul>\n<\/div><div class=\"m-block--container u-offset m-block--core--paragraph\">\n<p><strong class=\"\">5. Unterst\u00fctzende F\u00fchrungskultur<\/strong><\/p>\n<\/div><div class=\"m-block--container u-offset m-block--core--list\">\n<ul class=\"wp-block-list\"><div class=\"m-block--container u-offset m-block--core--list-item\">\n<li>Fehler werden als Lernchance genutzt, nicht prim\u00e4r sanktioniert.<\/li>\n<\/div>\n\n<div class=\"m-block--container u-offset m-block--core--list-item\">\n<li>F\u00fchrungskr\u00e4fte geben Verantwortung bewusst ab \u2013 und bleiben ansprechbar.<\/li>\n<\/div>\n\n<div class=\"m-block--container u-offset m-block--core--list-item\">\n<li>Erfolge selbstorganisierter Teams werden sichtbar gemacht und gew\u00fcrdigt.<\/li>\n<\/div><\/ul>\n<\/div><div class=\"m-block--container u-offset m-block--core--separator\">\n<hr class=\"wp-block-separator has-alpha-channel-opacity\"\/>\n<\/div><div class=\"m-block--container u-offset m-block--core--heading\">\n<h2 class=\"wp-block-heading\">Wie F\u00fchrung Selbstorganisation gezielt st\u00e4rken kann<\/h2>\n<\/div><div class=\"m-block--container u-offset m-block--core--paragraph\">\n<p>F\u00fcr viele F\u00fchrungskr\u00e4fte stellt sich die Frage:<br class=\"\"><strong class=\"\">Wie kann ich Selbstorganisation f\u00f6rdern, ohne ins Chaos oder in die Beliebigkeit zu rutschen?<\/strong><\/p>\n<\/div><div class=\"m-block--container u-offset m-block--core--paragraph\">\n<p>Konkrete Ansatzpunkte:<\/p>\n<\/div><div class=\"m-block--container u-offset m-block--core--list\">\n<ol class=\"wp-block-list\"><div class=\"m-block--container u-offset m-block--core--list-item\">\n<li><strong class=\"\">Rahmen kl\u00e4ren, bevor Freiheit erh\u00f6hen<\/strong><div class=\"m-block--container u-offset m-block--core--list\">\n<ul class=\"wp-block-list\"><div class=\"m-block--container u-offset m-block--core--list-item\">\n<li>Ziele, Grenzen, Spielregeln definieren.<\/li>\n<\/div>\n\n<div class=\"m-block--container u-offset m-block--core--list-item\">\n<li>Fragen explizit beantworten:<div class=\"m-block--container u-offset m-block--core--list\">\n<ul class=\"wp-block-list\"><div class=\"m-block--container u-offset m-block--core--list-item\">\n<li>Was darf das Team entscheiden?<\/li>\n<\/div>\n\n<div class=\"m-block--container u-offset m-block--core--list-item\">\n<li>Was (noch) nicht?<\/li>\n<\/div>\n\n<div class=\"m-block--container u-offset m-block--core--list-item\">\n<li>Wo braucht es Abstimmung mit anderen?<\/li>\n<\/div><\/ul>\n<\/div><\/li>\n<\/div><\/ul>\n<\/div><\/li>\n<\/div>\n\n<div class=\"m-block--container u-offset m-block--core--list-item\">\n<li><strong class=\"\">Schrittweise Verantwortungs\u00fcbergabe<\/strong><div class=\"m-block--container u-offset m-block--core--list\">\n<ul class=\"wp-block-list\"><div class=\"m-block--container u-offset m-block--core--list-item\">\n<li>Einzelne Entscheidungsfelder identifizieren, die ans Team \u00fcbergehen k\u00f6nnen (z. B. Urlaubsplanung, Technologieentscheidungen, Lieferantenwahl im Rahmen X).<\/li>\n<\/div>\n\n<div class=\"m-block--container u-offset m-block--core--list-item\">\n<li>Klare Erfolgskriterien vereinbaren.<\/li>\n<\/div>\n\n<div class=\"m-block--container u-offset m-block--core--list-item\">\n<li>Nach einer definierten Zeit gemeinsam reflektieren: Was lief gut, was nicht?<\/li>\n<\/div><\/ul>\n<\/div><\/li>\n<\/div>\n\n<div class=\"m-block--container u-offset m-block--core--list-item\">\n<li><strong class=\"\">Transparenz \u00fcber Erwartungen schaffen<\/strong><div class=\"m-block--container u-offset m-block--core--list\">\n<ul class=\"wp-block-list\"><div class=\"m-block--container u-offset m-block--core--list-item\">\n<li>Erwartung an Selbstorganisation und Verantwortungs\u00fcbernahme offen formulieren.<\/li>\n<\/div>\n\n<div class=\"m-block--container u-offset m-block--core--list-item\">\n<li>Gleichzeitig Unterst\u00fctzung anbieten (Coaching, Training, Sparring).<\/li>\n<\/div><\/ul>\n<\/div><\/li>\n<\/div>\n\n<div class=\"m-block--container u-offset m-block--core--list-item\">\n<li><strong class=\"\">Rituale f\u00fcr Reflexion etablieren<\/strong><div class=\"m-block--container u-offset m-block--core--list\">\n<ul class=\"wp-block-list\"><div class=\"m-block--container u-offset m-block--core--list-item\">\n<li>Regelm\u00e4\u00dfige Retrospektiven.<\/li>\n<\/div>\n\n<div class=\"m-block--container u-offset m-block--core--list-item\">\n<li>Gemeinsame Lessons Learned nach kritischen Ereignissen.<\/li>\n<\/div>\n\n<div class=\"m-block--container u-offset m-block--core--list-item\">\n<li>Feedback-Schleifen zwischen Teams und F\u00fchrung.<\/li>\n<\/div><\/ul>\n<\/div><\/li>\n<\/div>\n\n<div class=\"m-block--container u-offset m-block--core--list-item\">\n<li><strong class=\"\">Anreizsysteme \u00fcberpr\u00fcfen<\/strong><div class=\"m-block--container u-offset m-block--core--list\">\n<ul class=\"wp-block-list\"><div class=\"m-block--container u-offset m-block--core--list-item\">\n<li>Boni und Zielvereinbarungen so gestalten, dass sie Teamleistung und Zusammenarbeit f\u00f6rdern \u2013 nicht nur individuelle Zielerreichung.<\/li>\n<\/div><\/ul>\n<\/div><\/li>\n<\/div><\/ol>\n<\/div><div class=\"m-block--container u-offset m-block--core--separator\">\n<hr class=\"wp-block-separator has-alpha-channel-opacity\"\/>\n<\/div><div class=\"m-block--container u-offset m-block--core--heading\">\n<h2 class=\"wp-block-heading\">Praktische Schritte f\u00fcr Organisationen auf dem Weg zur agilen Selbstorganisation<\/h2>\n<\/div><div class=\"m-block--container u-offset m-block--core--paragraph\">\n<p>F\u00fcr Entscheider, Projektmanager und F\u00fchrungskr\u00e4fte sind folgende Schritte in der Praxis hilfreich:<\/p>\n<\/div><div class=\"m-block--container u-offset m-block--core--paragraph\">\n<p><strong class=\"\">1. Diagnose: Wo stehen wir heute?<\/strong><\/p>\n<\/div><div class=\"m-block--container u-offset m-block--core--list\">\n<ul class=\"wp-block-list\"><div class=\"m-block--container u-offset m-block--core--list-item\">\n<li>Wie werden heute Entscheidungen getroffen?<\/li>\n<\/div>\n\n<div class=\"m-block--container u-offset m-block--core--list-item\">\n<li>Wo sind Engp\u00e4sse und typische Konfliktpunkte?<\/li>\n<\/div>\n\n<div class=\"m-block--container u-offset m-block--core--list-item\">\n<li>Wo gibt es schon positive Beispiele funktionierender Selbstorganisation?<\/li>\n<\/div><\/ul>\n<\/div><div class=\"m-block--container u-offset m-block--core--paragraph\">\n<p><strong class=\"\">2. Leitbild definieren: Wie viel Selbstorganisation passt zu uns?<\/strong><\/p>\n<\/div><div class=\"m-block--container u-offset m-block--core--list\">\n<ul class=\"wp-block-list\"><div class=\"m-block--container u-offset m-block--core--list-item\">\n<li>In welchen Bereichen ist mehr Selbstorganisation sinnvoll (z. B. Produktentwicklung, Kundenteams)?<\/li>\n<\/div>\n\n<div class=\"m-block--container u-offset m-block--core--list-item\">\n<li>Wo sind starke Regulatorik oder Risiken, die andere Formen der Steuerung verlangen?<\/li>\n<\/div>\n\n<div class=\"m-block--container u-offset m-block--core--list-item\">\n<li>Welches Zielbild verfolgen wir in den n\u00e4chsten 2\u20133 Jahren?<\/li>\n<\/div><\/ul>\n<\/div><div class=\"m-block--container u-offset m-block--core--paragraph\">\n<p><strong class=\"\">3. Pilotbereiche ausw\u00e4hlen und bewusst gestalten<\/strong><\/p>\n<\/div><div class=\"m-block--container u-offset m-block--core--list\">\n<ul class=\"wp-block-list\"><div class=\"m-block--container u-offset m-block--core--list-item\">\n<li>Mit \u00fcberschaubaren Einheiten starten, die hohe Hebelwirkung haben.<\/li>\n<\/div>\n\n<div class=\"m-block--container u-offset m-block--core--list-item\">\n<li>Ziel, Rahmenbedingungen und Erfolgskriterien klar dokumentieren.<\/li>\n<\/div>\n\n<div class=\"m-block--container u-offset m-block--core--list-item\">\n<li>F\u00fchrung und Teams eng begleiten.<\/li>\n<\/div><\/ul>\n<\/div><div class=\"m-block--container u-offset m-block--core--paragraph\">\n<p><strong class=\"\">4. Lernen skalieren statt Struktur kopieren<\/strong><\/p>\n<\/div><div class=\"m-block--container u-offset m-block--core--list\">\n<ul class=\"wp-block-list\"><div class=\"m-block--container u-offset m-block--core--list-item\">\n<li>Aus Pilotbereichen systematisch lernen:<div class=\"m-block--container u-offset m-block--core--list\">\n<ul class=\"wp-block-list\"><div class=\"m-block--container u-offset m-block--core--list-item\">\n<li>Was hat funktioniert, was nicht \u2013 und warum?<\/li>\n<\/div>\n\n<div class=\"m-block--container u-offset m-block--core--list-item\">\n<li>Welche Prinzipien sind \u00fcbertragbar, welche nicht?<\/li>\n<\/div><\/ul>\n<\/div><\/li>\n<\/div>\n\n<div class=\"m-block--container u-offset m-block--core--list-item\">\n<li>Strukturen nicht 1:1 kopieren, sondern an Kontext anpassen.<\/li>\n<\/div><\/ul>\n<\/div><div class=\"m-block--container u-offset m-block--core--paragraph\">\n<p><strong class=\"\">5. Governance und Struktur nachziehen<\/strong><\/p>\n<\/div><div class=\"m-block--container u-offset m-block--core--list\">\n<ul class=\"wp-block-list\"><div class=\"m-block--container u-offset m-block--core--list-item\">\n<li>Rollen, Gremien und Entscheidungsprozesse weiterentwickeln, damit sie Selbstorganisation unterst\u00fctzen statt blockieren.<\/li>\n<\/div>\n\n<div class=\"m-block--container u-offset m-block--core--list-item\">\n<li>Unternehmensweite Leitplanken (z. B. Compliance, IT-Sicherheit, Budgetrahmen) klar formulieren \u2013 als Erm\u00f6glichungs-, nicht als Verhinderungslogik.<\/li>\n<\/div><\/ul>\n<\/div><div class=\"m-block--container u-offset m-block--core--separator\">\n<hr class=\"wp-block-separator has-alpha-channel-opacity\"\/>\n<\/div><div class=\"m-block--container u-offset m-block--core--heading\">\n<h2 class=\"wp-block-heading\">H\u00e4ufige Warnsignale: Woran Sie erkennen, dass Selbstorganisation missverstanden wird<\/h2>\n<\/div><div class=\"m-block--container u-offset m-block--core--paragraph\">\n<p>Ein kurzer Praxis-Check:<\/p>\n<\/div><div class=\"m-block--container u-offset m-block--core--list\">\n<ul class=\"wp-block-list\"><div class=\"m-block--container u-offset m-block--core--list-item\">\n<li><strong class=\"\">Dauerbrenner-Konflikte<\/strong> zwischen Teams \u00fcber Zust\u00e4ndigkeiten?<\/li>\n<\/div>\n\n<div class=\"m-block--container u-offset m-block--core--list-item\">\n<li><strong class=\"\">F\u00fchrungskr\u00e4fte im Mikromanagement<\/strong>, obwohl \u201eSelbstorganisation\u201c ausgerufen wurde?<\/li>\n<\/div>\n\n<div class=\"m-block--container u-offset m-block--core--list-item\">\n<li><strong class=\"\">Teams klagen \u00fcber \u00dcberforderung<\/strong>, aber niemand traut sich, Grenzen oder Widerspr\u00fcche anzusprechen?<\/li>\n<\/div>\n\n<div class=\"m-block--container u-offset m-block--core--list-item\">\n<li><strong class=\"\">Viele Meetings, wenige Entscheidungen<\/strong>?<\/li>\n<\/div>\n\n<div class=\"m-block--container u-offset m-block--core--list-item\">\n<li><strong class=\"\">\u201eAgil\u201c wird als Etikett genutzt<\/strong>, aber zentrale Entscheidungen bleiben unver\u00e4ndert hierarchisch und intransparent?<\/li>\n<\/div><\/ul>\n<\/div><div class=\"m-block--container u-offset m-block--core--paragraph\">\n<p>Treten mehrere dieser Signale auf, lohnt ein gezielter Blick auf die oben beschriebenen Missverst\u00e4ndnisse \u2013 meist finden sich dort die Ursachen.<\/p>\n<\/div><div class=\"m-block--container u-offset m-block--core--separator\">\n<hr class=\"wp-block-separator has-alpha-channel-opacity\"\/>\n<\/div><div class=\"m-block--container u-offset m-block--core--heading\">\n<h2 class=\"wp-block-heading\">Fazit: Agile Selbstorganisation ohne Illusionen gestalten<\/h2>\n<\/div><div class=\"m-block--container u-offset m-block--core--paragraph\">\n<p>Agile Selbstorganisation ist weder Wundermittel noch Chaosrezept. Sie ist ein wirkungsvolles Organisationsprinzip, das in komplexen Umfeldern bessere Entscheidungen und mehr Wertsch\u00f6pfung erm\u00f6glicht \u2013 <strong class=\"\">wenn<\/strong> Missverst\u00e4ndnisse ausger\u00e4umt und Rahmenbedingungen professionell gestaltet werden.<\/p>\n<\/div><div class=\"m-block--container u-offset m-block--core--paragraph\">\n<p>F\u00fcr Entscheider und F\u00fchrungskr\u00e4fte bedeutet das:<\/p>\n<\/div><div class=\"m-block--container u-offset m-block--core--list\">\n<ul class=\"wp-block-list\"><div class=\"m-block--container u-offset m-block--core--list-item\">\n<li>Selbstorganisation bewusst <strong class=\"\">als strategische Entscheidung<\/strong> verstehen, nicht als Modetrend.<\/li>\n<\/div>\n\n<div class=\"m-block--container u-offset m-block--core--list-item\">\n<li>M\u00e4rchen (\u201eDann braucht es keine F\u00fchrung mehr\u201c) und \u00c4ngste (\u201eDann macht jeder, was er will\u201c) systematisch adressieren.<\/li>\n<\/div>\n\n<div class=\"m-block--container u-offset m-block--core--list-item\">\n<li>Strukturen, Kultur und F\u00fchrung so ausrichten, dass Teams Verantwortung wirklich \u00fcbernehmen <strong class=\"\">k\u00f6nnen<\/strong> \u2013 statt nur \u201esollen\u201c.<\/li>\n<\/div><\/ul>\n<\/div><div class=\"m-block--container u-offset m-block--core--paragraph\">\n<p>Wenn Sie vor der Frage stehen, wie viel Selbstorganisation zu Ihrem Unternehmen passt, wie Sie Verantwortungen verschieben, ohne Steuerungsf\u00e4higkeit zu verlieren, oder wie Sie bestehende agile Setups entwirren, kann ein externer Blick helfen. Erfahrene Partner wie die Berater:innen von <strong><a href=\"https:\/\/de.trustpilot.com\/review\/pureconsultant.de\">PURE Consultant<\/a><\/strong> unterst\u00fctzen dabei, Klarheit \u00fcber Rollen, Entscheidungswege und geeignete Schritte herzustellen \u2013 damit agile Selbstorganisation in Ihrem Kontext nicht an Missverst\u00e4ndnissen scheitert, sondern messbaren Nutzen stiftet.<\/p>\n<\/div>","protected":false},"excerpt":{"rendered":"<p>Missverst\u00e4ndnisse bei der agilen Selbstorganisation &#8211; Agile Selbstorganisation gilt als Schl\u00fcssel f\u00fcr schnellere Entscheidungen, mehr Innovation und motivierte Teams. Gleichzeitig scheitern viele Unternehmen genau daran: Erwartungen werden entt\u00e4uscht, F\u00fchrungskr\u00e4fte f\u00fchlen sich entmachtet, Teams \u00fcberfordert \u2013 und am Ende hei\u00dft es: \u201eAgil funktioniert bei uns nicht.\u201c In Wirklichkeit scheitern selten die Prinzipien, sondern falsche Bilder im [&hellip;]<\/p>\n","protected":false},"author":6,"featured_media":0,"comment_status":"closed","ping_status":"closed","sticky":false,"template":"","format":"standard","meta":{"_acf_changed":false,"inline_featured_image":false,"footnotes":""},"categories":[1],"tags":[2860],"class_list":["post-27067","post","type-post","status-publish","format-standard","hentry","category-agile","tag-missverstaendnisse-bei-der-agilen-selbstorganisation"],"acf":[],"yoast_head":"<!-- This site is optimized with the Yoast SEO plugin v27.5 - https:\/\/yoast.com\/product\/yoast-seo-wordpress\/ -->\n<title>Missverst\u00e4ndnisse bei der agilen Selbstorganisation - PURE Consultant<\/title>\n<meta name=\"description\" content=\"Missverst\u00e4ndnisse bei der agilen Selbstorganisation? Entdecken Sie Klarheit, vermeiden Sie Fehler und st\u00e4rken Sie Ihr Team!\" \/>\n<meta name=\"robots\" content=\"index, follow, max-snippet:-1, max-image-preview:large, max-video-preview:-1\" \/>\n<link rel=\"canonical\" href=\"https:\/\/www.pureconsultant.de\/de\/agile\/missverstaendnisse-bei-der-agilen-selbstorganisation\/\" \/>\n<meta property=\"og:locale\" content=\"de_DE\" \/>\n<meta property=\"og:type\" content=\"article\" \/>\n<meta property=\"og:title\" content=\"Missverst\u00e4ndnisse bei der agilen Selbstorganisation - PURE Consultant\" \/>\n<meta property=\"og:description\" content=\"Missverst\u00e4ndnisse bei der agilen Selbstorganisation? Entdecken Sie Klarheit, vermeiden Sie Fehler und st\u00e4rken Sie Ihr Team!\" \/>\n<meta property=\"og:url\" content=\"https:\/\/www.pureconsultant.de\/de\/agile\/missverstaendnisse-bei-der-agilen-selbstorganisation\/\" \/>\n<meta property=\"og:site_name\" content=\"PURE Consultant\" \/>\n<meta property=\"article:published_time\" content=\"2026-01-26T10:55:48+00:00\" \/>\n<meta property=\"article:modified_time\" content=\"2026-01-26T10:55:57+00:00\" \/>\n<meta property=\"og:image\" content=\"https:\/\/www.pureconsultant.de\/wp-content\/uploads\/visual-selection297.png\" \/>\n\t<meta property=\"og:image:width\" content=\"1020\" \/>\n\t<meta property=\"og:image:height\" content=\"726\" \/>\n\t<meta property=\"og:image:type\" content=\"image\/png\" \/>\n<meta name=\"author\" content=\"Serhat K\u00fcpeli\" \/>\n<meta name=\"twitter:card\" content=\"summary_large_image\" \/>\n<meta name=\"twitter:label1\" content=\"Verfasst von\" \/>\n\t<meta name=\"twitter:data1\" content=\"Serhat K\u00fcpeli\" \/>\n\t<meta name=\"twitter:label2\" content=\"Gesch\u00e4tzte Lesezeit\" \/>\n\t<meta name=\"twitter:data2\" content=\"12\u00a0Minuten\" \/>\n<script type=\"application\/ld+json\" class=\"yoast-schema-graph\">{\"@context\":\"https:\\\/\\\/schema.org\",\"@graph\":[{\"@type\":\"Article\",\"@id\":\"https:\\\/\\\/www.pureconsultant.de\\\/de\\\/agile\\\/missverstaendnisse-bei-der-agilen-selbstorganisation\\\/#article\",\"isPartOf\":{\"@id\":\"https:\\\/\\\/www.pureconsultant.de\\\/de\\\/agile\\\/missverstaendnisse-bei-der-agilen-selbstorganisation\\\/\"},\"author\":{\"name\":\"Serhat K\u00fcpeli\",\"@id\":\"https:\\\/\\\/www.pureconsultant.de\\\/#\\\/schema\\\/person\\\/b879d2f247599ce3a636522dd8344e95\"},\"headline\":\"Missverst\u00e4ndnisse bei der agilen Selbstorganisation\",\"datePublished\":\"2026-01-26T10:55:48+00:00\",\"dateModified\":\"2026-01-26T10:55:57+00:00\",\"mainEntityOfPage\":{\"@id\":\"https:\\\/\\\/www.pureconsultant.de\\\/de\\\/agile\\\/missverstaendnisse-bei-der-agilen-selbstorganisation\\\/\"},\"wordCount\":2234,\"image\":{\"@id\":\"https:\\\/\\\/www.pureconsultant.de\\\/de\\\/agile\\\/missverstaendnisse-bei-der-agilen-selbstorganisation\\\/#primaryimage\"},\"thumbnailUrl\":\"https:\\\/\\\/www.pureconsultant.de\\\/wp-content\\\/uploads\\\/visual-selection297.png\",\"keywords\":[\"Missverst\u00e4ndnisse bei der agilen Selbstorganisation\"],\"articleSection\":[\"Agile\"],\"inLanguage\":\"de\"},{\"@type\":\"WebPage\",\"@id\":\"https:\\\/\\\/www.pureconsultant.de\\\/de\\\/agile\\\/missverstaendnisse-bei-der-agilen-selbstorganisation\\\/\",\"url\":\"https:\\\/\\\/www.pureconsultant.de\\\/de\\\/agile\\\/missverstaendnisse-bei-der-agilen-selbstorganisation\\\/\",\"name\":\"Missverst\u00e4ndnisse bei der agilen Selbstorganisation - PURE Consultant\",\"isPartOf\":{\"@id\":\"https:\\\/\\\/www.pureconsultant.de\\\/#website\"},\"primaryImageOfPage\":{\"@id\":\"https:\\\/\\\/www.pureconsultant.de\\\/de\\\/agile\\\/missverstaendnisse-bei-der-agilen-selbstorganisation\\\/#primaryimage\"},\"image\":{\"@id\":\"https:\\\/\\\/www.pureconsultant.de\\\/de\\\/agile\\\/missverstaendnisse-bei-der-agilen-selbstorganisation\\\/#primaryimage\"},\"thumbnailUrl\":\"https:\\\/\\\/www.pureconsultant.de\\\/wp-content\\\/uploads\\\/visual-selection297.png\",\"datePublished\":\"2026-01-26T10:55:48+00:00\",\"dateModified\":\"2026-01-26T10:55:57+00:00\",\"author\":{\"@id\":\"https:\\\/\\\/www.pureconsultant.de\\\/#\\\/schema\\\/person\\\/b879d2f247599ce3a636522dd8344e95\"},\"description\":\"Missverst\u00e4ndnisse bei der agilen Selbstorganisation? Entdecken Sie Klarheit, vermeiden Sie Fehler und st\u00e4rken Sie Ihr Team!\",\"breadcrumb\":{\"@id\":\"https:\\\/\\\/www.pureconsultant.de\\\/de\\\/agile\\\/missverstaendnisse-bei-der-agilen-selbstorganisation\\\/#breadcrumb\"},\"inLanguage\":\"de\",\"potentialAction\":[{\"@type\":\"ReadAction\",\"target\":[\"https:\\\/\\\/www.pureconsultant.de\\\/de\\\/agile\\\/missverstaendnisse-bei-der-agilen-selbstorganisation\\\/\"]}]},{\"@type\":\"ImageObject\",\"inLanguage\":\"de\",\"@id\":\"https:\\\/\\\/www.pureconsultant.de\\\/de\\\/agile\\\/missverstaendnisse-bei-der-agilen-selbstorganisation\\\/#primaryimage\",\"url\":\"https:\\\/\\\/www.pureconsultant.de\\\/wp-content\\\/uploads\\\/visual-selection297.png\",\"contentUrl\":\"https:\\\/\\\/www.pureconsultant.de\\\/wp-content\\\/uploads\\\/visual-selection297.png\"},{\"@type\":\"BreadcrumbList\",\"@id\":\"https:\\\/\\\/www.pureconsultant.de\\\/de\\\/agile\\\/missverstaendnisse-bei-der-agilen-selbstorganisation\\\/#breadcrumb\",\"itemListElement\":[{\"@type\":\"ListItem\",\"position\":1,\"name\":\"Startseite\",\"item\":\"https:\\\/\\\/www.pureconsultant.de\\\/de\\\/\"},{\"@type\":\"ListItem\",\"position\":2,\"name\":\"Missverst\u00e4ndnisse bei der agilen Selbstorganisation\"}]},{\"@type\":\"WebSite\",\"@id\":\"https:\\\/\\\/www.pureconsultant.de\\\/#website\",\"url\":\"https:\\\/\\\/www.pureconsultant.de\\\/\",\"name\":\"PURE Consultant\",\"description\":\"Scrum, PMO, Projektmanagement &amp; Prozessmanagement aus K\u00f6ln\",\"potentialAction\":[{\"@type\":\"SearchAction\",\"target\":{\"@type\":\"EntryPoint\",\"urlTemplate\":\"https:\\\/\\\/www.pureconsultant.de\\\/?s={search_term_string}\"},\"query-input\":{\"@type\":\"PropertyValueSpecification\",\"valueRequired\":true,\"valueName\":\"search_term_string\"}}],\"inLanguage\":\"de\"},{\"@type\":\"Person\",\"@id\":\"https:\\\/\\\/www.pureconsultant.de\\\/#\\\/schema\\\/person\\\/b879d2f247599ce3a636522dd8344e95\",\"name\":\"Serhat K\u00fcpeli\",\"image\":{\"@type\":\"ImageObject\",\"inLanguage\":\"de\",\"@id\":\"https:\\\/\\\/secure.gravatar.com\\\/avatar\\\/0886d2e74e7dfa20a0d9157eed001ec6efc4a799c718c80d37ebd532ec3810f1?s=96&d=mm&r=g\",\"url\":\"https:\\\/\\\/secure.gravatar.com\\\/avatar\\\/0886d2e74e7dfa20a0d9157eed001ec6efc4a799c718c80d37ebd532ec3810f1?s=96&d=mm&r=g\",\"contentUrl\":\"https:\\\/\\\/secure.gravatar.com\\\/avatar\\\/0886d2e74e7dfa20a0d9157eed001ec6efc4a799c718c80d37ebd532ec3810f1?s=96&d=mm&r=g\",\"caption\":\"Serhat K\u00fcpeli\"}}]}<\/script>\n<!-- \/ Yoast SEO plugin. -->","yoast_head_json":{"title":"Missverst\u00e4ndnisse bei der agilen Selbstorganisation - PURE Consultant","description":"Missverst\u00e4ndnisse bei der agilen Selbstorganisation? Entdecken Sie Klarheit, vermeiden Sie Fehler und st\u00e4rken Sie Ihr Team!","robots":{"index":"index","follow":"follow","max-snippet":"max-snippet:-1","max-image-preview":"max-image-preview:large","max-video-preview":"max-video-preview:-1"},"canonical":"https:\/\/www.pureconsultant.de\/de\/agile\/missverstaendnisse-bei-der-agilen-selbstorganisation\/","og_locale":"de_DE","og_type":"article","og_title":"Missverst\u00e4ndnisse bei der agilen Selbstorganisation - PURE Consultant","og_description":"Missverst\u00e4ndnisse bei der agilen Selbstorganisation? Entdecken Sie Klarheit, vermeiden Sie Fehler und st\u00e4rken Sie Ihr Team!","og_url":"https:\/\/www.pureconsultant.de\/de\/agile\/missverstaendnisse-bei-der-agilen-selbstorganisation\/","og_site_name":"PURE Consultant","article_published_time":"2026-01-26T10:55:48+00:00","article_modified_time":"2026-01-26T10:55:57+00:00","og_image":[{"width":1020,"height":726,"url":"https:\/\/www.pureconsultant.de\/wp-content\/uploads\/visual-selection297.png","type":"image\/png"}],"author":"Serhat K\u00fcpeli","twitter_card":"summary_large_image","twitter_misc":{"Verfasst von":"Serhat K\u00fcpeli","Gesch\u00e4tzte Lesezeit":"12\u00a0Minuten"},"schema":{"@context":"https:\/\/schema.org","@graph":[{"@type":"Article","@id":"https:\/\/www.pureconsultant.de\/de\/agile\/missverstaendnisse-bei-der-agilen-selbstorganisation\/#article","isPartOf":{"@id":"https:\/\/www.pureconsultant.de\/de\/agile\/missverstaendnisse-bei-der-agilen-selbstorganisation\/"},"author":{"name":"Serhat K\u00fcpeli","@id":"https:\/\/www.pureconsultant.de\/#\/schema\/person\/b879d2f247599ce3a636522dd8344e95"},"headline":"Missverst\u00e4ndnisse bei der agilen Selbstorganisation","datePublished":"2026-01-26T10:55:48+00:00","dateModified":"2026-01-26T10:55:57+00:00","mainEntityOfPage":{"@id":"https:\/\/www.pureconsultant.de\/de\/agile\/missverstaendnisse-bei-der-agilen-selbstorganisation\/"},"wordCount":2234,"image":{"@id":"https:\/\/www.pureconsultant.de\/de\/agile\/missverstaendnisse-bei-der-agilen-selbstorganisation\/#primaryimage"},"thumbnailUrl":"https:\/\/www.pureconsultant.de\/wp-content\/uploads\/visual-selection297.png","keywords":["Missverst\u00e4ndnisse bei der agilen Selbstorganisation"],"articleSection":["Agile"],"inLanguage":"de"},{"@type":"WebPage","@id":"https:\/\/www.pureconsultant.de\/de\/agile\/missverstaendnisse-bei-der-agilen-selbstorganisation\/","url":"https:\/\/www.pureconsultant.de\/de\/agile\/missverstaendnisse-bei-der-agilen-selbstorganisation\/","name":"Missverst\u00e4ndnisse bei der agilen Selbstorganisation - PURE Consultant","isPartOf":{"@id":"https:\/\/www.pureconsultant.de\/#website"},"primaryImageOfPage":{"@id":"https:\/\/www.pureconsultant.de\/de\/agile\/missverstaendnisse-bei-der-agilen-selbstorganisation\/#primaryimage"},"image":{"@id":"https:\/\/www.pureconsultant.de\/de\/agile\/missverstaendnisse-bei-der-agilen-selbstorganisation\/#primaryimage"},"thumbnailUrl":"https:\/\/www.pureconsultant.de\/wp-content\/uploads\/visual-selection297.png","datePublished":"2026-01-26T10:55:48+00:00","dateModified":"2026-01-26T10:55:57+00:00","author":{"@id":"https:\/\/www.pureconsultant.de\/#\/schema\/person\/b879d2f247599ce3a636522dd8344e95"},"description":"Missverst\u00e4ndnisse bei der agilen Selbstorganisation? Entdecken Sie Klarheit, vermeiden Sie Fehler und st\u00e4rken Sie Ihr Team!","breadcrumb":{"@id":"https:\/\/www.pureconsultant.de\/de\/agile\/missverstaendnisse-bei-der-agilen-selbstorganisation\/#breadcrumb"},"inLanguage":"de","potentialAction":[{"@type":"ReadAction","target":["https:\/\/www.pureconsultant.de\/de\/agile\/missverstaendnisse-bei-der-agilen-selbstorganisation\/"]}]},{"@type":"ImageObject","inLanguage":"de","@id":"https:\/\/www.pureconsultant.de\/de\/agile\/missverstaendnisse-bei-der-agilen-selbstorganisation\/#primaryimage","url":"https:\/\/www.pureconsultant.de\/wp-content\/uploads\/visual-selection297.png","contentUrl":"https:\/\/www.pureconsultant.de\/wp-content\/uploads\/visual-selection297.png"},{"@type":"BreadcrumbList","@id":"https:\/\/www.pureconsultant.de\/de\/agile\/missverstaendnisse-bei-der-agilen-selbstorganisation\/#breadcrumb","itemListElement":[{"@type":"ListItem","position":1,"name":"Startseite","item":"https:\/\/www.pureconsultant.de\/de\/"},{"@type":"ListItem","position":2,"name":"Missverst\u00e4ndnisse bei der agilen Selbstorganisation"}]},{"@type":"WebSite","@id":"https:\/\/www.pureconsultant.de\/#website","url":"https:\/\/www.pureconsultant.de\/","name":"PURE Consultant","description":"Scrum, PMO, Projektmanagement &amp; Prozessmanagement aus K\u00f6ln","potentialAction":[{"@type":"SearchAction","target":{"@type":"EntryPoint","urlTemplate":"https:\/\/www.pureconsultant.de\/?s={search_term_string}"},"query-input":{"@type":"PropertyValueSpecification","valueRequired":true,"valueName":"search_term_string"}}],"inLanguage":"de"},{"@type":"Person","@id":"https:\/\/www.pureconsultant.de\/#\/schema\/person\/b879d2f247599ce3a636522dd8344e95","name":"Serhat K\u00fcpeli","image":{"@type":"ImageObject","inLanguage":"de","@id":"https:\/\/secure.gravatar.com\/avatar\/0886d2e74e7dfa20a0d9157eed001ec6efc4a799c718c80d37ebd532ec3810f1?s=96&d=mm&r=g","url":"https:\/\/secure.gravatar.com\/avatar\/0886d2e74e7dfa20a0d9157eed001ec6efc4a799c718c80d37ebd532ec3810f1?s=96&d=mm&r=g","contentUrl":"https:\/\/secure.gravatar.com\/avatar\/0886d2e74e7dfa20a0d9157eed001ec6efc4a799c718c80d37ebd532ec3810f1?s=96&d=mm&r=g","caption":"Serhat K\u00fcpeli"}}]}},"_links":{"self":[{"href":"https:\/\/www.pureconsultant.de\/de\/wp-json\/wp\/v2\/posts\/27067","targetHints":{"allow":["GET"]}}],"collection":[{"href":"https:\/\/www.pureconsultant.de\/de\/wp-json\/wp\/v2\/posts"}],"about":[{"href":"https:\/\/www.pureconsultant.de\/de\/wp-json\/wp\/v2\/types\/post"}],"author":[{"embeddable":true,"href":"https:\/\/www.pureconsultant.de\/de\/wp-json\/wp\/v2\/users\/6"}],"replies":[{"embeddable":true,"href":"https:\/\/www.pureconsultant.de\/de\/wp-json\/wp\/v2\/comments?post=27067"}],"version-history":[{"count":2,"href":"https:\/\/www.pureconsultant.de\/de\/wp-json\/wp\/v2\/posts\/27067\/revisions"}],"predecessor-version":[{"id":27070,"href":"https:\/\/www.pureconsultant.de\/de\/wp-json\/wp\/v2\/posts\/27067\/revisions\/27070"}],"wp:attachment":[{"href":"https:\/\/www.pureconsultant.de\/de\/wp-json\/wp\/v2\/media?parent=27067"}],"wp:term":[{"taxonomy":"category","embeddable":true,"href":"https:\/\/www.pureconsultant.de\/de\/wp-json\/wp\/v2\/categories?post=27067"},{"taxonomy":"post_tag","embeddable":true,"href":"https:\/\/www.pureconsultant.de\/de\/wp-json\/wp\/v2\/tags?post=27067"}],"curies":[{"name":"wp","href":"https:\/\/api.w.org\/{rel}","templated":true}]}}