{"id":26692,"date":"2026-01-19T14:30:52","date_gmt":"2026-01-19T13:30:52","guid":{"rendered":"https:\/\/www.pureconsultant.de\/de\/?p=26692"},"modified":"2026-01-19T14:31:03","modified_gmt":"2026-01-19T13:31:03","slug":"warum-das-abilene-paradox-entsteht","status":"publish","type":"post","link":"https:\/\/www.pureconsultant.de\/de\/management-2\/warum-das-abilene-paradox-entsteht\/","title":{"rendered":"Warum das Abilene-Paradox entsteht \u2013 psychologische Hintergr\u00fcnde"},"content":{"rendered":"<div class=\"m-block--container u-offset m-block--core--paragraph\">\n<p>Warum das Abilene-Paradox entsteht &#8211; Viele Teams kennen die Situation: Am Ende einer Besprechung liegt ein Beschluss auf dem Tisch, niemand protestiert, alle nicken zustimmend \u2013 und doch gehen fast alle mit einem unguten Gef\u00fchl aus dem Raum. Sp\u00e4ter stellt sich heraus, dass eigentlich <strong><a href=\"https:\/\/www.pureconsultant.de\/de\/management\/abilene-paradox\/\">niemand wirklich hinter der Entscheidung<\/a><\/strong> stand. Genau dieses Ph\u00e4nomen beschreibt das Abilene-Paradox.<\/p>\n<\/div><div class=\"m-block--container u-offset m-block--core--paragraph\">\n<p>Im Unterschied zu klassischem Gruppendenken stimmen Menschen beim Abilene-Paradox nicht einer dominanten Meinung zu, <strong class=\"\">weil<\/strong> sie \u00fcberzeugt sind, sondern <strong class=\"\">weil<\/strong> sie f\u00e4lschlich annehmen, die anderen seien \u00fcberzeugt. Dadurch entsteht eine Dynamik, in der Gruppen kollektive Entscheidungen treffen, die nahezu niemand tats\u00e4chlich will.<\/p>\n<\/div><div class=\"m-block--container u-offset m-block--core--image\">\n<figure class=\"wp-block-image size-full\"><img loading=\"lazy\" decoding=\"async\" width=\"902\" height=\"900\" src=\"https:\/\/www.pureconsultant.de\/wp-content\/uploads\/visual-selection226.png\" alt=\"Warum das Abilene-Paradox entsteht \u2013 psychologische Hintergr\u00fcnde\" class=\"wp-image-26694\" srcset=\"https:\/\/www.pureconsultant.de\/wp-content\/uploads\/visual-selection226.png 902w, https:\/\/www.pureconsultant.de\/wp-content\/uploads\/visual-selection226-150x150.png 150w, https:\/\/www.pureconsultant.de\/wp-content\/uploads\/visual-selection226-768x766.png 768w, https:\/\/www.pureconsultant.de\/wp-content\/uploads\/visual-selection226-40x40.png 40w, https:\/\/www.pureconsultant.de\/wp-content\/uploads\/visual-selection226-510x510.png 510w, https:\/\/www.pureconsultant.de\/wp-content\/uploads\/visual-selection226-256x256.png 256w\" sizes=\"auto, (max-width: 902px) 100vw, 902px\" \/><figcaption class=\"wp-element-caption\">Warum das Abilene-Paradox entsteht \u2013 psychologische Hintergr\u00fcnde<\/figcaption><\/figure>\n<\/div><div class=\"m-block--container u-offset m-block--core--heading\">\n<h2 class=\"wp-block-heading\">Was ist das Abilene-Paradox?<\/h2>\n<\/div><div class=\"m-block--container u-offset m-block--core--paragraph\">\n<p>Der Organisationspsychologe Jerry B. Harvey pr\u00e4gte den Begriff in den 1970er-Jahren anhand einer Familienanekdote:<br class=\"\">Vier Personen sitzen an einem hei\u00dfen Nachmittag gem\u00fctlich auf einer Veranda in Texas. Jemand wirft halbherzig die Idee in den Raum, man k\u00f6nne doch nach Abilene fahren, um dort zu essen. Niemand hat eigentlich Lust auf die lange Fahrt, doch <strong class=\"\">alle<\/strong> stimmen zu, <strong class=\"\">weil<\/strong> sie denken, die anderen h\u00e4tten Lust auf einen Ausflug. Also f\u00e4hrt die Familie nach Abilene, ertr\u00e4gt Hitze, Staub und schlechtes Essen \u2013 und auf dem R\u00fcckweg stellt sich heraus, dass niemand diese Idee wirklich gut fand. Trotzdem hat niemand widersprochen.<\/p>\n<\/div><div class=\"m-block--container u-offset m-block--core--heading\">\n<h3 class=\"wp-block-heading\">Kernelemente des Abilene-Paradoxons<\/h3>\n<\/div><div class=\"m-block--container u-offset m-block--core--list\">\n<ul class=\"wp-block-list\"><div class=\"m-block--container u-offset m-block--core--list-item\">\n<li>Eine Gruppe trifft eine Entscheidung,<\/li>\n<\/div>\n\n<div class=\"m-block--container u-offset m-block--core--list-item\">\n<li>die objektiv betrachtet unattraktiv, ineffektiv oder irrational ist,<\/li>\n<\/div>\n\n<div class=\"m-block--container u-offset m-block--core--list-item\">\n<li>obwohl viele Mitglieder die Entscheidung innerlich ablehnen,<\/li>\n<\/div>\n\n<div class=\"m-block--container u-offset m-block--core--list-item\">\n<li><strong class=\"\">aber<\/strong> davon ausgehen, dass die anderen sie unterst\u00fctzen,<\/li>\n<\/div>\n\n<div class=\"m-block--container u-offset m-block--core--list-item\">\n<li>und sich deshalb nicht trauen, ihre wahre Meinung zu \u00e4u\u00dfern.<\/li>\n<\/div><\/ul>\n<\/div><div class=\"m-block--container u-offset m-block--core--heading\">\n<h3 class=\"wp-block-heading\">Abgrenzung zu verwandten Konzepten<\/h3>\n<\/div><div class=\"m-block--container u-offset m-block--core--paragraph\">\n<p>Es ist hilfreich, das Abilene-Paradox von anderen Gruppeneffekten zu unterscheiden, <strong class=\"\">denn<\/strong> nur so lassen sich passende Gegenma\u00dfnahmen ableiten:<\/p>\n<\/div><div class=\"m-block--container u-offset m-block--core--list\">\n<ul class=\"wp-block-list\"><div class=\"m-block--container u-offset m-block--core--list-item\">\n<li><strong class=\"\">Gruppendenken (Groupthink):<\/strong><div class=\"m-block--container u-offset m-block--core--list\">\n<ul class=\"wp-block-list\"><div class=\"m-block--container u-offset m-block--core--list-item\">\n<li>Die Gruppe \u00fcberzeugt sich gegenseitig, dass eine schlechte Idee gut ist.<\/li>\n<\/div>\n\n<div class=\"m-block--container u-offset m-block--core--list-item\">\n<li>Kritik wird aktiv unterdr\u00fcckt, <strong class=\"\">weil<\/strong> Einigkeit \u00fcberh\u00f6ht wird.<\/li>\n<\/div>\n\n<div class=\"m-block--container u-offset m-block--core--list-item\">\n<li>Beim Abilene-Paradox glaubt dagegen fast niemand an die Idee.<\/li>\n<\/div><\/ul>\n<\/div><\/li>\n<\/div>\n\n<div class=\"m-block--container u-offset m-block--core--list-item\">\n<li><strong class=\"\">Konformit\u00e4t (z.\u202fB. Asch-Experimente):<\/strong><div class=\"m-block--container u-offset m-block--core--list\">\n<ul class=\"wp-block-list\"><div class=\"m-block--container u-offset m-block--core--list-item\">\n<li>Einzelne passen sich einer klar erkennbaren Mehrheitsmeinung an.<\/li>\n<\/div>\n\n<div class=\"m-block--container u-offset m-block--core--list-item\">\n<li>Beim Abilene-Paradox existiert diese echte Mehrheit gar nicht, <strong class=\"\">sondern<\/strong> sie entsteht nur in den K\u00f6pfen.<\/li>\n<\/div><\/ul>\n<\/div><\/li>\n<\/div>\n\n<div class=\"m-block--container u-offset m-block--core--list-item\">\n<li><strong class=\"\">Pluralistische Ignoranz:<\/strong><div class=\"m-block--container u-offset m-block--core--list\">\n<ul class=\"wp-block-list\"><div class=\"m-block--container u-offset m-block--core--list-item\">\n<li>Alle glauben, sie seien mit ihrer Meinung in der Minderheit,<\/li>\n<\/div>\n\n<div class=\"m-block--container u-offset m-block--core--list-item\">\n<li>und verhalten sich deshalb so, wie sie die (vermeintliche) Mehrheit wahrnehmen.<\/li>\n<\/div>\n\n<div class=\"m-block--container u-offset m-block--core--list-item\">\n<li>Das Abilene-Paradox ist eine spezifische Auspr\u00e4gung dieser pluralistischen Ignoranz im Kontext von Entscheidungen.<\/li>\n<\/div><\/ul>\n<\/div><\/li>\n<\/div><\/ul>\n<\/div><div class=\"m-block--container u-offset m-block--core--heading\">\n<h2 class=\"wp-block-heading\">Zentrale psychologische Mechanismen<\/h2>\n<\/div><div class=\"m-block--container u-offset m-block--core--paragraph\">\n<p>Warum entsteht das Abilene-Paradox immer wieder, <strong class=\"\">obwohl<\/strong> viele Menschen solche Situationen als unangenehm erleben? Mehrere psychologische Faktoren greifen ineinander.<\/p>\n<\/div><div class=\"m-block--container u-offset m-block--core--heading\">\n<h3 class=\"wp-block-heading\">Soziale Erw\u00fcnschtheit und Konformit\u00e4tsdruck<\/h3>\n<\/div><div class=\"m-block--container u-offset m-block--core--paragraph\">\n<p>Menschen m\u00f6chten gemocht und akzeptiert werden. Sie vermeiden Verhaltensweisen, die sie als \u201est\u00f6rend\u201c oder \u201equer\u201c empfinden, <strong class=\"\">weil<\/strong> sie Ablehnung f\u00fcrchten.<\/p>\n<\/div><div class=\"m-block--container u-offset m-block--core--paragraph\">\n<p>Typische Gedanken in solchen Situationen sind zum Beispiel:<\/p>\n<\/div><div class=\"m-block--container u-offset m-block--core--list\">\n<ul class=\"wp-block-list\"><div class=\"m-block--container u-offset m-block--core--list-item\">\n<li>\u201eWenn ich jetzt widerspreche, halte ich die anderen nur auf.\u201c<\/li>\n<\/div>\n\n<div class=\"m-block--container u-offset m-block--core--list-item\">\n<li>\u201eAlle wirken motiviert \u2013 dann will ich nicht der Spielverderber sein.\u201c<\/li>\n<\/div>\n\n<div class=\"m-block--container u-offset m-block--core--list-item\">\n<li>\u201eDie F\u00fchrungskraft scheint die Idee gut zu finden, also halte ich besser den Mund.\u201c<\/li>\n<\/div><\/ul>\n<\/div><div class=\"m-block--container u-offset m-block--core--paragraph\">\n<p>Konformit\u00e4t f\u00fchlt sich zun\u00e4chst sicher an, <strong class=\"\">aber<\/strong> sie verhindert, dass echte Pr\u00e4ferenzen sichtbar werden. Dadurch kann sich eine falsche Annahme \u00fcber die Gruppenmeinung etablieren, die am Ende zur gemeinsamen Fehlentscheidung f\u00fchrt.<\/p>\n<\/div><div class=\"m-block--container u-offset m-block--core--heading\">\n<h3 class=\"wp-block-heading\">Angst vor Konflikt und Harmoniebed\u00fcrfnis<\/h3>\n<\/div><div class=\"m-block--container u-offset m-block--core--paragraph\">\n<p>Viele Menschen erleben offene Meinungsverschiedenheiten als bedrohlich, <strong class=\"\">weil<\/strong> sie negative Konsequenzen antizipieren:<\/p>\n<\/div><div class=\"m-block--container u-offset m-block--core--list\">\n<ul class=\"wp-block-list\"><div class=\"m-block--container u-offset m-block--core--list-item\">\n<li>eskalierende Diskussionen,<\/li>\n<\/div>\n\n<div class=\"m-block--container u-offset m-block--core--list-item\">\n<li>besch\u00e4digte Beziehungen,<\/li>\n<\/div>\n\n<div class=\"m-block--container u-offset m-block--core--list-item\">\n<li>Gesichtsverlust vor Kollegen,<\/li>\n<\/div>\n\n<div class=\"m-block--container u-offset m-block--core--list-item\">\n<li>m\u00f6gliche Nachteile bei Karriere oder Beurteilung.<\/li>\n<\/div><\/ul>\n<\/div><div class=\"m-block--container u-offset m-block--core--paragraph\">\n<p>Statt einen Konflikt zu riskieren, w\u00e4hlen sie \u201escheinbare Harmonie\u201c.<br class=\"\">Diese Harmonie ist allerdings tr\u00fcgerisch, <strong class=\"\">denn<\/strong> sie basiert auf unausgesprochenem Widerspruch. Die Gruppe wirkt geeint, <strong class=\"\">obwohl<\/strong> sie innerlich gespalten ist.<\/p>\n<\/div><div class=\"m-block--container u-offset m-block--core--heading\">\n<h3 class=\"wp-block-heading\">Fehlende psychologische Sicherheit<\/h3>\n<\/div><div class=\"m-block--container u-offset m-block--core--paragraph\">\n<p>Psychologische Sicherheit beschreibt das Gef\u00fchl, in einem sozialen Kontext Risiken eingehen zu d\u00fcrfen \u2013 also Fragen zu stellen, Fehler zuzugeben oder anderer Meinung zu sein, ohne negative Folgen bef\u00fcrchten zu m\u00fcssen.<\/p>\n<\/div><div class=\"m-block--container u-offset m-block--core--paragraph\">\n<p>Fehlt diese Sicherheit, entsteht das Abilene-Paradox besonders leicht, <strong class=\"\">weil<\/strong> Menschen:<\/p>\n<\/div><div class=\"m-block--container u-offset m-block--core--list\">\n<ul class=\"wp-block-list\"><div class=\"m-block--container u-offset m-block--core--list-item\">\n<li>kritische Fragen als gef\u00e4hrlich einstufen,<\/li>\n<\/div>\n\n<div class=\"m-block--container u-offset m-block--core--list-item\">\n<li>negative Reaktionen der F\u00fchrung bef\u00fcrchten,<\/li>\n<\/div>\n\n<div class=\"m-block--container u-offset m-block--core--list-item\">\n<li>in der Vergangenheit erlebt haben, dass abweichende Meinungen \u201ebestraft\u201c wurden,<\/li>\n<\/div>\n\n<div class=\"m-block--container u-offset m-block--core--list-item\">\n<li>oder bef\u00fcrchten, als inkompetent wahrgenommen zu werden.<\/li>\n<\/div><\/ul>\n<\/div><div class=\"m-block--container u-offset m-block--core--paragraph\">\n<p>In solchen Umgebungen schweigen Teammitglieder lieber, <strong class=\"\">obwohl<\/strong> sie gute Argumente oder Bedenken h\u00e4tten. Dadurch entsteht ein Klima, in dem scheinbare Zustimmung zur sozialen Norm wird.<\/p>\n<\/div><div class=\"m-block--container u-offset m-block--core--heading\">\n<h3 class=\"wp-block-heading\">Fehleinsch\u00e4tzung der Mehrheitsmeinung (pluralistische Ignoranz)<\/h3>\n<\/div><div class=\"m-block--container u-offset m-block--core--paragraph\">\n<p>Ein Kernmechanismus des Abilene-Paradoxons ist die systematische Fehlwahrnehmung dessen, was \u201edie anderen\u201c denken.<\/p>\n<\/div><div class=\"m-block--container u-offset m-block--core--list\">\n<ul class=\"wp-block-list\"><div class=\"m-block--container u-offset m-block--core--list-item\">\n<li>Jede Person erlebt ihre eigenen Zweifel,<\/li>\n<\/div>\n\n<div class=\"m-block--container u-offset m-block--core--list-item\">\n<li>interpretiert das Schweigen der anderen aber als Zustimmung,<\/li>\n<\/div>\n\n<div class=\"m-block--container u-offset m-block--core--list-item\">\n<li>und st\u00e4rkt dadurch die Illusion eines Konsenses.<\/li>\n<\/div><\/ul>\n<\/div><div class=\"m-block--container u-offset m-block--core--paragraph\">\n<p>Dieses Missverst\u00e4ndnis verfestigt sich, <strong class=\"\">weil<\/strong>:<\/p>\n<\/div><div class=\"m-block--container u-offset m-block--core--list\">\n<ul class=\"wp-block-list\"><div class=\"m-block--container u-offset m-block--core--list-item\">\n<li>nonverbale Signale (z.\u202fB. leichtes Z\u00f6gern) oft \u00fcbersehen werden,<\/li>\n<\/div>\n\n<div class=\"m-block--container u-offset m-block--core--list-item\">\n<li>soziale Normen wie \u201eWir machen das hier so\u201c unkritisch \u00fcbernommen werden,<\/li>\n<\/div>\n\n<div class=\"m-block--container u-offset m-block--core--list-item\">\n<li>und kaum strukturierte M\u00f6glichkeiten existieren, verdeckte Meinungen offen zu legen.<\/li>\n<\/div><\/ul>\n<\/div><div class=\"m-block--container u-offset m-block--core--paragraph\">\n<p>So entsteht eine Spirale: Je st\u00e4rker jemand an den (vermeintlichen) Gruppenkonsens glaubt, desto weniger sagt er etwas \u2013 und desto \u00fcberzeugender wirkt der Konsens auf alle anderen.<\/p>\n<\/div><div class=\"m-block--container u-offset m-block--core--heading\">\n<h3 class=\"wp-block-heading\">Rollen, Status und Macht<\/h3>\n<\/div><div class=\"m-block--container u-offset m-block--core--paragraph\">\n<p>Hierarchien verst\u00e4rken die Tendenz zum Abilene-Paradox erheblich.<br class=\"\">Wenn eine ranghohe Person einen Vorschlag macht, interpretieren viele dies sofort als \u201ePr\u00e4ferenzsignal\u201c, <strong class=\"\">auch wenn<\/strong> es nur eine lose Idee war.<\/p>\n<\/div><div class=\"m-block--container u-offset m-block--core--paragraph\">\n<p>Machtasymmetrien wirken auf mehreren Ebenen:<\/p>\n<\/div><div class=\"m-block--container u-offset m-block--core--list\">\n<ul class=\"wp-block-list\"><div class=\"m-block--container u-offset m-block--core--list-item\">\n<li>Mitarbeitende nehmen an, dass Vorgesetzte die bessere Informationslage haben.<\/li>\n<\/div>\n\n<div class=\"m-block--container u-offset m-block--core--list-item\">\n<li>F\u00fchrungskr\u00e4fte setzen unbewusst subtile Drucksignale, etwa durch Tonfall oder K\u00f6rpersprache.<\/li>\n<\/div>\n\n<div class=\"m-block--container u-offset m-block--core--list-item\">\n<li>Personen mit geringerer formaler Macht trauen sich weniger, gegenzusteuern.<\/li>\n<\/div><\/ul>\n<\/div><div class=\"m-block--container u-offset m-block--core--paragraph\">\n<p>Besonders kritisch wird es, wenn F\u00fchrungskr\u00e4fte ihre eigene Unsicherheit nicht zeigen, <strong class=\"\">sondern<\/strong> Vorschl\u00e4ge als bereits weitgehend entschiedene Optionen pr\u00e4sentieren. Dann knickt die Widerstandsbereitschaft der anderen oft vollends ein.<\/p>\n<\/div><div class=\"m-block--container u-offset m-block--core--heading\">\n<h3 class=\"wp-block-heading\">Kognitive Dissonanz und nachtr\u00e4gliche Rationalisierung<\/h3>\n<\/div><div class=\"m-block--container u-offset m-block--core--paragraph\">\n<p>Nachdem eine Gruppe sich in Richtung \u201eAbilene\u201c entschieden hat, entsteht bei vielen Beteiligten ein unangenehmes Spannungsgef\u00fchl, <strong class=\"\">weil<\/strong> ihr tats\u00e4chliches Urteil (\u201eDas war keine gute Idee\u201c) nicht zur getroffenen Entscheidung passt.<\/p>\n<\/div><div class=\"m-block--container u-offset m-block--core--paragraph\">\n<p>Um diese kognitive Dissonanz zu reduzieren, rationalisieren Menschen im Nachhinein:<\/p>\n<\/div><div class=\"m-block--container u-offset m-block--core--list\">\n<ul class=\"wp-block-list\"><div class=\"m-block--container u-offset m-block--core--list-item\">\n<li>\u201eSo schlimm ist es ja gar nicht.\u201c<\/li>\n<\/div>\n\n<div class=\"m-block--container u-offset m-block--core--list-item\">\n<li>\u201eVielleicht bringt das Projekt doch mehr, als wir dachten.\u201c<\/li>\n<\/div>\n\n<div class=\"m-block--container u-offset m-block--core--list-item\">\n<li>\u201eWir m\u00fcssen jetzt das Beste daraus machen.\u201c<\/li>\n<\/div><\/ul>\n<\/div><div class=\"m-block--container u-offset m-block--core--paragraph\">\n<p>Diese Rationalisierungen stabilisieren die Fehlentscheidung zus\u00e4tzlich, <strong class=\"\">denn<\/strong> sie machen es schwerer, sie sp\u00e4ter offen in Frage zu stellen. Wer die Entscheidung \u00f6ffentlich verteidigt hat, korrigiert sie ungern, <strong class=\"\">weil<\/strong> dies wie ein Eingest\u00e4ndnis von Fehlurteil wirken k\u00f6nnte.<\/p>\n<\/div><div class=\"m-block--container u-offset m-block--core--heading\">\n<h2 class=\"wp-block-heading\">Typische Konstellationen, in denen das Abilene-Paradox auftritt<\/h2>\n<\/div><div class=\"m-block--container u-offset m-block--core--paragraph\">\n<p>Das Abilene-Paradox findet sich in ganz unterschiedlichen Kontexten, <strong class=\"\">aber<\/strong> die Muster \u00e4hneln sich.<\/p>\n<\/div><div class=\"m-block--container u-offset m-block--core--heading\">\n<h3 class=\"wp-block-heading\">In Unternehmen und Organisationen<\/h3>\n<\/div><div class=\"m-block--container u-offset m-block--core--list\">\n<ul class=\"wp-block-list\"><div class=\"m-block--container u-offset m-block--core--list-item\">\n<li>Einf\u00fchrung eines Systems, das niemand wirklich will,<\/li>\n<\/div>\n\n<div class=\"m-block--container u-offset m-block--core--list-item\">\n<li>Weiterf\u00fchren eines offensichtlich unprofitablen Projekts,<\/li>\n<\/div>\n\n<div class=\"m-block--container u-offset m-block--core--list-item\">\n<li>\u00dcbernahme von Kunden, die intern als problematisch gelten,<\/li>\n<\/div>\n\n<div class=\"m-block--container u-offset m-block--core--list-item\">\n<li>strategische Weichenstellungen, hinter denen kaum jemand steht.<\/li>\n<\/div><\/ul>\n<\/div><div class=\"m-block--container u-offset m-block--core--paragraph\">\n<p>Gerade in gro\u00dfen Organisationen wirken Silos, Hierarchien und politische Interessen zusammen, <strong class=\"\">sodass<\/strong> kritische Stimmen leicht verstummen.<\/p>\n<\/div><div class=\"m-block--container u-offset m-block--core--heading\">\n<h3 class=\"wp-block-heading\">In Teams und Projekten<\/h3>\n<\/div><div class=\"m-block--container u-offset m-block--core--list\">\n<ul class=\"wp-block-list\"><div class=\"m-block--container u-offset m-block--core--list-item\">\n<li>unrealistische Deadlines werden akzeptiert,<\/li>\n<\/div>\n\n<div class=\"m-block--container u-offset m-block--core--list-item\">\n<li>riskante technische L\u00f6sungen werden nicht hinterfragt,<\/li>\n<\/div>\n\n<div class=\"m-block--container u-offset m-block--core--list-item\">\n<li>\u00fcberambitionierte Zielsetzungen bleiben unkommentiert,<\/li>\n<\/div>\n\n<div class=\"m-block--container u-offset m-block--core--list-item\">\n<li>Zust\u00e4ndigkeitswirrwarr wird \u201ehingenommen\u201c, <strong class=\"\">obwohl<\/strong> niemand zufrieden ist.<\/li>\n<\/div><\/ul>\n<\/div><div class=\"m-block--container u-offset m-block--core--paragraph\">\n<p>Teammitglieder denken: \u201eWenn die anderen das so mittragen, werde ich mich schon irren.\u201c<br class=\"\">Genau diese Annahme teilen aber mehrere \u2013 und sto\u00dfen das Team gemeinsam nach \u201eAbilene\u201c.<\/p>\n<\/div><div class=\"m-block--container u-offset m-block--core--heading\">\n<h3 class=\"wp-block-heading\">In privaten Beziehungen und Freundeskreisen<\/h3>\n<\/div><div class=\"m-block--container u-offset m-block--core--paragraph\">\n<p>Das Abilene-Paradox ist kein rein berufliches Ph\u00e4nomen.<br class=\"\">Es tritt auch auf, wenn:<\/p>\n<\/div><div class=\"m-block--container u-offset m-block--core--list\">\n<ul class=\"wp-block-list\"><div class=\"m-block--container u-offset m-block--core--list-item\">\n<li>Paare Urlaube buchen, die keiner Seite wirklich entsprechen,<\/li>\n<\/div>\n\n<div class=\"m-block--container u-offset m-block--core--list-item\">\n<li>Freundesgruppen immer wieder Lokale w\u00e4hlen, die kaum jemand mag,<\/li>\n<\/div>\n\n<div class=\"m-block--container u-offset m-block--core--list-item\">\n<li>Familien Feiertagsrituale pflegen, die alle eher anstrengend finden.<\/li>\n<\/div><\/ul>\n<\/div><div class=\"m-block--container u-offset m-block--core--paragraph\">\n<p>In all diesen F\u00e4llen herrscht das ungesprochene Narrativ: \u201eDie anderen wollen das so, also f\u00fcge ich mich.\u201c<\/p>\n<\/div><div class=\"m-block--container u-offset m-block--core--heading\">\n<h2 class=\"wp-block-heading\">Woran man das Abilene-Paradox erkennt<\/h2>\n<\/div><div class=\"m-block--container u-offset m-block--core--paragraph\">\n<p>Da das Paradox auf Schweigen und Missverst\u00e4ndnissen basiert, ist es schwer zu erkennen. Dennoch gibt es typische Anzeichen:<\/p>\n<\/div><div class=\"m-block--container u-offset m-block--core--list\">\n<ul class=\"wp-block-list\"><div class=\"m-block--container u-offset m-block--core--list-item\">\n<li><strong class=\"\">Hohe formale Zustimmung bei niedriger emotionaler Energie<\/strong><div class=\"m-block--container u-offset m-block--core--list\">\n<ul class=\"wp-block-list\"><div class=\"m-block--container u-offset m-block--core--list-item\">\n<li>Alle sagen \u201eJa\u201c, <strong class=\"\">aber<\/strong> niemand wirkt wirklich begeistert.<\/li>\n<\/div><\/ul>\n<\/div><\/li>\n<\/div>\n\n<div class=\"m-block--container u-offset m-block--core--list-item\">\n<li><strong class=\"\">Viel Einigkeit im Meeting, viel Klagen im Flur<\/strong><div class=\"m-block--container u-offset m-block--core--list\">\n<ul class=\"wp-block-list\"><div class=\"m-block--container u-offset m-block--core--list-item\">\n<li>Kritik wird nicht offen ge\u00e4u\u00dfert, <strong class=\"\">sondern<\/strong> nur in informellen Gespr\u00e4chen.<\/li>\n<\/div><\/ul>\n<\/div><\/li>\n<\/div>\n\n<div class=\"m-block--container u-offset m-block--core--list-item\">\n<li><strong class=\"\">Formulierungen wie \u201eMan macht das so\u201c oder \u201eDas ist halt entschieden\u201c<\/strong><div class=\"m-block--container u-offset m-block--core--list\">\n<ul class=\"wp-block-list\"><div class=\"m-block--container u-offset m-block--core--list-item\">\n<li>Niemand \u00fcbernimmt erkennbar pers\u00f6nliche Verantwortung f\u00fcr die Entscheidung.<\/li>\n<\/div><\/ul>\n<\/div><\/li>\n<\/div>\n\n<div class=\"m-block--container u-offset m-block--core--list-item\">\n<li><strong class=\"\">Wenig echte Alternativen in der Diskussion<\/strong><div class=\"m-block--container u-offset m-block--core--list\">\n<ul class=\"wp-block-list\"><div class=\"m-block--container u-offset m-block--core--list-item\">\n<li>Die Gruppe diskutiert nur Pro- und Contra-Aspekte einer vorgeschlagenen Option,<br><strong class=\"\">anstatt<\/strong> mehrere L\u00f6sungswege ergebnisoffen zu betrachten.<\/li>\n<\/div><\/ul>\n<\/div><\/li>\n<\/div>\n\n<div class=\"m-block--container u-offset m-block--core--list-item\">\n<li><strong class=\"\">Starkes Bed\u00fcrfnis nach \u201eRuhe\u201c<\/strong><div class=\"m-block--container u-offset m-block--core--list\">\n<ul class=\"wp-block-list\"><div class=\"m-block--container u-offset m-block--core--list-item\">\n<li>Der Wunsch, die Diskussion schnell zu beenden, \u00fcberlagert den Wunsch nach einer guten L\u00f6sung.<\/li>\n<\/div><\/ul>\n<\/div><\/li>\n<\/div><\/ul>\n<\/div><div class=\"m-block--container u-offset m-block--core--paragraph\">\n<p>Wenn mehrere dieser Signale gleichzeitig auftreten, lohnt sich ein bewusster Check: \u201eWollen wir das wirklich \u2013 oder fahren wir gerade gemeinsam nach Abilene?\u201c<\/p>\n<\/div><div class=\"m-block--container u-offset m-block--core--heading\">\n<h2 class=\"wp-block-heading\">Wie man das Abilene-Paradox verhindert<\/h2>\n<\/div><div class=\"m-block--container u-offset m-block--core--paragraph\">\n<p>Das Abilene-Paradox l\u00e4sst sich nicht vollst\u00e4ndig vermeiden, <strong class=\"\">aber<\/strong> seine Wahrscheinlichkeit kann deutlich sinken, wenn bestimmte Rahmenbedingungen und Praktiken etabliert werden.<\/p>\n<\/div><div class=\"m-block--container u-offset m-block--core--heading\">\n<h3 class=\"wp-block-heading\">Psychologische Sicherheit bewusst st\u00e4rken<\/h3>\n<\/div><div class=\"m-block--container u-offset m-block--core--paragraph\">\n<p>Ohne psychologische Sicherheit wird jede Methode zur Meinungsabfrage zur Formalit\u00e4t. Deshalb lohnt sich gezielte Arbeit an der Kultur:<\/p>\n<\/div><div class=\"m-block--container u-offset m-block--core--list\">\n<ul class=\"wp-block-list\"><div class=\"m-block--container u-offset m-block--core--list-item\">\n<li><strong class=\"\">Fehler als Lernchancen rahmen<\/strong>, nicht als Schw\u00e4chen.<\/li>\n<\/div>\n\n<div class=\"m-block--container u-offset m-block--core--list-item\">\n<li><strong class=\"\">Kritik ausdr\u00fccklich einladen<\/strong>, zum Beispiel durch Fragen wie:<div class=\"m-block--container u-offset m-block--core--list\">\n<ul class=\"wp-block-list\"><div class=\"m-block--container u-offset m-block--core--list-item\">\n<li>\u201eWer sieht das anders \u2013 und warum?\u201c<\/li>\n<\/div>\n\n<div class=\"m-block--container u-offset m-block--core--list-item\">\n<li>\u201eWelche Risiken \u00fcbersehen wir gerade?\u201c<\/li>\n<\/div><\/ul>\n<\/div><\/li>\n<\/div>\n\n<div class=\"m-block--container u-offset m-block--core--list-item\">\n<li><strong class=\"\">Abweichende Meinungen w\u00fcrdigen<\/strong>, selbst wenn ihnen nicht gefolgt wird.<\/li>\n<\/div>\n\n<div class=\"m-block--container u-offset m-block--core--list-item\">\n<li><strong class=\"\">Machtgef\u00e4lle transparenter machen<\/strong>, indem F\u00fchrungskr\u00e4fte offen eigene Zweifel teilen.<\/li>\n<\/div><\/ul>\n<\/div><div class=\"m-block--container u-offset m-block--core--paragraph\">\n<p>Je deutlicher Menschen sp\u00fcren, dass Widerspruch erw\u00fcnscht ist, desto eher \u00e4u\u00dfern sie ihn \u2013 und desto schwerer hat es das Abilene-Paradox.<\/p>\n<\/div><div class=\"m-block--container u-offset m-block--core--heading\">\n<h3 class=\"wp-block-heading\">Entscheidungsprozesse strukturieren<\/h3>\n<\/div><div class=\"m-block--container u-offset m-block--core--paragraph\">\n<p>Unstrukturierte Diskussionen beg\u00fcnstigen Schweigen, <strong class=\"\">weil<\/strong> nur die Lautesten und Hierarchisch St\u00e4rksten geh\u00f6rt werden. Strukturierte Verfahren helfen, auch leise oder abweichende Stimmen sichtbar zu machen.<\/p>\n<\/div><div class=\"m-block--container u-offset m-block--core--paragraph\">\n<p>Beispiele:<\/p>\n<\/div><div class=\"m-block--container u-offset m-block--core--list\">\n<ul class=\"wp-block-list\"><div class=\"m-block--container u-offset m-block--core--list-item\">\n<li><strong class=\"\">Stilles Brainwriting vor der Diskussion<\/strong><div class=\"m-block--container u-offset m-block--core--list\">\n<ul class=\"wp-block-list\"><div class=\"m-block--container u-offset m-block--core--list-item\">\n<li>Alle notieren f\u00fcr sich Pro- und Contra-Argumente oder Alternativideen,<br><strong class=\"\">bevor<\/strong> jemand laut spricht.<\/li>\n<\/div><\/ul>\n<\/div><\/li>\n<\/div>\n\n<div class=\"m-block--container u-offset m-block--core--list-item\">\n<li><strong class=\"\">Anonyme Meinungsabfragen<\/strong><div class=\"m-block--container u-offset m-block--core--list\">\n<ul class=\"wp-block-list\"><div class=\"m-block--container u-offset m-block--core--list-item\">\n<li>Kurze digitale Umfragen oder Tools,<br><strong class=\"\">damit<\/strong> sich auch vorsichtige Personen \u00e4u\u00dfern k\u00f6nnen.<\/li>\n<\/div><\/ul>\n<\/div><\/li>\n<\/div>\n\n<div class=\"m-block--container u-offset m-block--core--list-item\">\n<li><strong class=\"\">\u201eWorst-Case\u201c-Runden<\/strong><div class=\"m-block--container u-offset m-block--core--list\">\n<ul class=\"wp-block-list\"><div class=\"m-block--container u-offset m-block--core--list-item\">\n<li>Gezielt nach Gr\u00fcnden fragen, warum eine Idee scheitern k\u00f6nnte,<br><strong class=\"\">um<\/strong> kritisches Denken zu legitimieren.<\/li>\n<\/div><\/ul>\n<\/div><\/li>\n<\/div>\n\n<div class=\"m-block--container u-offset m-block--core--list-item\">\n<li><strong class=\"\">\u201eCheck-out\u201c-Fragen am Ende einer Entscheidung<\/strong><div class=\"m-block--container u-offset m-block--core--list\">\n<ul class=\"wp-block-list\"><div class=\"m-block--container u-offset m-block--core--list-item\">\n<li>\u201eAuf einer Skala von 1\u201310: Wie sehr tr\u00e4gst du diese Entscheidung mit?\u201c<\/li>\n<\/div>\n\n<div class=\"m-block--container u-offset m-block--core--list-item\">\n<li>\u201eWas br\u00e4uchtest du, <strong class=\"\">damit<\/strong> du bei 8 oder h\u00f6her bist?\u201c<\/li>\n<\/div><\/ul>\n<\/div><\/li>\n<\/div><\/ul>\n<\/div><div class=\"m-block--container u-offset m-block--core--paragraph\">\n<p>Solche Formate erzeugen R\u00e4ume, in denen abweichende Meinungen nicht als St\u00f6rung, <strong class=\"\">sondern<\/strong> als normaler Teil guter Entscheidungsqualit\u00e4t gelten.<\/p>\n<\/div><div class=\"m-block--container u-offset m-block--core--heading\">\n<h3 class=\"wp-block-heading\">Die Rolle von F\u00fchrungskr\u00e4ften<\/h3>\n<\/div><div class=\"m-block--container u-offset m-block--core--paragraph\">\n<p>F\u00fchrungskr\u00e4fte haben einen \u00fcbergro\u00dfen Einfluss darauf, ob das Abilene-Paradox entsteht oder nicht, <strong class=\"\">weil<\/strong> ihr Verhalten Rahmen und Norm setzt.<\/p>\n<\/div><div class=\"m-block--container u-offset m-block--core--paragraph\">\n<p>Wichtige Hebel sind:<\/p>\n<\/div><div class=\"m-block--container u-offset m-block--core--list\">\n<ul class=\"wp-block-list\"><div class=\"m-block--container u-offset m-block--core--list-item\">\n<li><strong class=\"\">Sp\u00e4ter sprechen, fr\u00fcher fragen<\/strong><div class=\"m-block--container u-offset m-block--core--list\">\n<ul class=\"wp-block-list\"><div class=\"m-block--container u-offset m-block--core--list-item\">\n<li>F\u00fchrungskr\u00e4fte sollten eigene Positionen erst dann \u00e4u\u00dfern,<br><strong class=\"\">wenn<\/strong> sie bereits Input aus dem Team eingeholt haben.<\/li>\n<\/div><\/ul>\n<\/div><\/li>\n<\/div>\n\n<div class=\"m-block--container u-offset m-block--core--list-item\">\n<li><strong class=\"\">Aktiv nach Widerspruch suchen<\/strong><div class=\"m-block--container u-offset m-block--core--list\">\n<ul class=\"wp-block-list\"><div class=\"m-block--container u-offset m-block--core--list-item\">\n<li>\u201eAngenommen, wir irren uns \u2013 woran w\u00fcrden wir es merken?\u201c<\/li>\n<\/div>\n\n<div class=\"m-block--container u-offset m-block--core--list-item\">\n<li>\u201eWer kann ein Argument gegen diesen Vorschlag formulieren?\u201c<\/li>\n<\/div><\/ul>\n<\/div><\/li>\n<\/div>\n\n<div class=\"m-block--container u-offset m-block--core--list-item\">\n<li><strong class=\"\">Minderheitspositionen sch\u00fctzen<\/strong><div class=\"m-block--container u-offset m-block--core--list\">\n<ul class=\"wp-block-list\"><div class=\"m-block--container u-offset m-block--core--list-item\">\n<li>Wenn jemand eine unpopul\u00e4re Meinung \u00e4u\u00dfert, lohnt es sich,<br>diese Person bewusst zu st\u00e4rken und nicht \u201everpuffen\u201c zu lassen.<\/li>\n<\/div><\/ul>\n<\/div><\/li>\n<\/div>\n\n<div class=\"m-block--container u-offset m-block--core--list-item\">\n<li><strong class=\"\">Entscheidungslogik transparent machen<\/strong><div class=\"m-block--container u-offset m-block--core--list\">\n<ul class=\"wp-block-list\"><div class=\"m-block--container u-offset m-block--core--list-item\">\n<li>Warum eine Entscheidung trotz Einw\u00e4nden getroffen wird,<br>sollte nachvollziehbar erl\u00e4utert werden,<br><strong class=\"\">damit<\/strong> Mitarbeitende den Prozess als fair erleben.<\/li>\n<\/div><\/ul>\n<\/div><\/li>\n<\/div><\/ul>\n<\/div><div class=\"m-block--container u-offset m-block--core--paragraph\">\n<p>F\u00fchrung hei\u00dft in diesem Kontext auch, aktiv zu verhindern, dass das eigene Wort automatisch als kollektiver Wille missverstanden wird.<\/p>\n<\/div><div class=\"m-block--container u-offset m-block--core--heading\">\n<h3 class=\"wp-block-heading\">Individuelle Strategien gegen das eigene Schweigen<\/h3>\n<\/div><div class=\"m-block--container u-offset m-block--core--paragraph\">\n<p>Nicht nur Strukturen und F\u00fchrung sind entscheidend, <strong class=\"\">sondern<\/strong> auch das Verhalten des Einzelnen. Jede Person kann dazu beitragen, dass Gruppen weniger oft nach Abilene fahren.<\/p>\n<\/div><div class=\"m-block--container u-offset m-block--core--paragraph\">\n<p>Hilfreiche pers\u00f6nliche Ans\u00e4tze:<\/p>\n<\/div><div class=\"m-block--container u-offset m-block--core--list\">\n<ul class=\"wp-block-list\"><div class=\"m-block--container u-offset m-block--core--list-item\">\n<li><strong class=\"\">Innere \u201eAlarmglocke\u201c sch\u00e4rfen<\/strong><div class=\"m-block--container u-offset m-block--core--list\">\n<ul class=\"wp-block-list\"><div class=\"m-block--container u-offset m-block--core--list-item\">\n<li>Wenn Sie denken: \u201eIrgendwie f\u00fchlt sich das nicht richtig an\u201c,<br>ist das ein Signal, vorsichtig nachzufragen.<\/li>\n<\/div><\/ul>\n<\/div><\/li>\n<\/div>\n\n<div class=\"m-block--container u-offset m-block--core--list-item\">\n<li><strong class=\"\">Neugierig statt konfrontativ formulieren<\/strong><div class=\"m-block--container u-offset m-block--core--list\">\n<ul class=\"wp-block-list\"><div class=\"m-block--container u-offset m-block--core--list-item\">\n<li>\u201eDarf ich kurz teilen, was mir Bauchschmerzen macht?\u201c<\/li>\n<\/div>\n\n<div class=\"m-block--container u-offset m-block--core--list-item\">\n<li>\u201eIch frage mich, ob wir eine Alternative \u00fcbersehen.\u201c<\/li>\n<\/div><\/ul>\n<\/div><\/li>\n<\/div>\n\n<div class=\"m-block--container u-offset m-block--core--list-item\">\n<li><strong class=\"\">Verantwortung nicht nur an \u201edie Gruppe\u201c delegieren<\/strong><div class=\"m-block--container u-offset m-block--core--list\">\n<ul class=\"wp-block-list\"><div class=\"m-block--container u-offset m-block--core--list-item\">\n<li>Sich bewusst machen: Das eigene Schweigen stabilisiert eine potenziell schlechte Entscheidung.<\/li>\n<\/div><\/ul>\n<\/div><\/li>\n<\/div>\n\n<div class=\"m-block--container u-offset m-block--core--list-item\">\n<li><strong class=\"\">Verb\u00fcndete suchen<\/strong><div class=\"m-block--container u-offset m-block--core--list\">\n<ul class=\"wp-block-list\"><div class=\"m-block--container u-offset m-block--core--list-item\">\n<li>Vor oder nach Meetings kurz mit anderen sprechen,<br><strong class=\"\">um<\/strong> zu kl\u00e4ren, ob man mit seinen Zweifeln wirklich allein ist.<\/li>\n<\/div><\/ul>\n<\/div><\/li>\n<\/div><\/ul>\n<\/div><div class=\"m-block--container u-offset m-block--core--paragraph\">\n<p>Wer sich seiner eigenen Rolle in diesen Dynamiken bewusst wird,<br class=\"\">kann im entscheidenden Moment eine kleine, aber wirksame Gegenbewegung initiieren.<\/p>\n<\/div><div class=\"m-block--container u-offset m-block--core--heading\">\n<h2 class=\"wp-block-heading\">Fazit Warum das Abilene-Paradox entsteht \u2013 psychologische Hintergr\u00fcnde: Bewusste Entscheidungen statt Fahrten nach Abilene<\/h2>\n<\/div><div class=\"m-block--container u-offset m-block--core--paragraph\">\n<p>Das Abilene-Paradox zeigt, wie leicht Gruppen Entscheidungen treffen, die kaum jemand will \u2013 nicht <strong class=\"\">weil<\/strong> Menschen dumm oder irrational sind, sondern <strong class=\"\">weil<\/strong> sie soziale Signale oft falsch interpretieren und Konflikte scheuen. Schweigen wird zur scheinbaren Zustimmung, und aus vermeintlicher Harmonie erw\u00e4chst kollektives Fehlverhalten.<\/p>\n<\/div><div class=\"m-block--container u-offset m-block--core--paragraph\">\n<p>Wer die psychologischen Hintergr\u00fcnde versteht, erkennt, dass vor allem vier Faktoren entscheidend sind:<\/p>\n<\/div><div class=\"m-block--container u-offset m-block--core--list\">\n<ul class=\"wp-block-list\"><div class=\"m-block--container u-offset m-block--core--list-item\">\n<li>wahrgenommener Konformit\u00e4tsdruck,<\/li>\n<\/div>\n\n<div class=\"m-block--container u-offset m-block--core--list-item\">\n<li>Angst vor Konflikt und Ablehnung,<\/li>\n<\/div>\n\n<div class=\"m-block--container u-offset m-block--core--list-item\">\n<li>fehlende psychologische Sicherheit,<\/li>\n<\/div>\n\n<div class=\"m-block--container u-offset m-block--core--list-item\">\n<li>und systematische Fehleinsch\u00e4tzung der Mehrheitsmeinung.<\/li>\n<\/div><\/ul>\n<\/div><div class=\"m-block--container u-offset m-block--core--paragraph\">\n<p>Organisationen, Teams und auch private Gruppen k\u00f6nnen viel gewinnen,<br>wenn sie diese Mechanismen ernst nehmen und ihre Entscheidungsprozesse entsprechend gestalten.<br>Strukturierte Meinungsabfragen, eine Kultur des respektvollen Widerspruchs und reflektierte F\u00fchrung sorgen daf\u00fcr, dass <strong><a href=\"https:\/\/de.wikipedia.org\/wiki\/Abilene-Paradox\">echte \u00dcberzeugungen sichtbar<\/a><\/strong> werden \u2013 und Entscheidungen nicht l\u00e4nger auf stillen Missverst\u00e4ndnissen beruhen.<\/p>\n<\/div><div class=\"m-block--container u-offset m-block--core--paragraph\">\n<p>Am Ende geht es darum, dass Gruppen nicht deshalb gemeinsam irgendwohin fahren,<br class=\"\">weil sie glauben, die anderen wollten es so,<br class=\"\">sondern <strong class=\"\">weil<\/strong> sie bewusst und gut informiert genau diese Richtung w\u00e4hlen.<\/p>\n<\/div>","protected":false},"excerpt":{"rendered":"<p>Warum das Abilene-Paradox entsteht &#8211; Viele Teams kennen die Situation: Am Ende einer Besprechung liegt ein Beschluss auf dem Tisch, niemand protestiert, alle nicken zustimmend \u2013 und doch gehen fast alle mit einem unguten Gef\u00fchl aus dem Raum. Sp\u00e4ter stellt sich heraus, dass eigentlich niemand wirklich hinter der Entscheidung stand. Genau dieses Ph\u00e4nomen beschreibt das [&hellip;]<\/p>\n","protected":false},"author":6,"featured_media":0,"comment_status":"closed","ping_status":"closed","sticky":false,"template":"","format":"standard","meta":{"_acf_changed":false,"inline_featured_image":false,"footnotes":""},"categories":[1463],"tags":[2769],"class_list":["post-26692","post","type-post","status-publish","format-standard","hentry","category-management-2","tag-warum-das-abilene-paradox-entsteht-psychologische-hintergruende"],"acf":[],"yoast_head":"<!-- This site is optimized with the Yoast SEO plugin v27.4 - https:\/\/yoast.com\/product\/yoast-seo-wordpress\/ -->\n<title>Warum das Abilene-Paradox entsteht - PURE Consultant<\/title>\n<meta name=\"description\" content=\"Entdecken Sie, warum das Abilene-Paradox entsteht \u2013 psychologische Hintergr\u00fcnde und wie Sie Gruppenfehler vermeiden. Lesen Sie weiter!\" \/>\n<meta name=\"robots\" content=\"index, follow, max-snippet:-1, max-image-preview:large, max-video-preview:-1\" \/>\n<link rel=\"canonical\" href=\"https:\/\/www.pureconsultant.de\/de\/management-2\/warum-das-abilene-paradox-entsteht\/\" \/>\n<meta property=\"og:locale\" content=\"de_DE\" \/>\n<meta property=\"og:type\" content=\"article\" \/>\n<meta property=\"og:title\" content=\"Warum das Abilene-Paradox entsteht - PURE Consultant\" \/>\n<meta property=\"og:description\" content=\"Entdecken Sie, warum das Abilene-Paradox entsteht \u2013 psychologische Hintergr\u00fcnde und wie Sie Gruppenfehler vermeiden. Lesen Sie weiter!\" \/>\n<meta property=\"og:url\" content=\"https:\/\/www.pureconsultant.de\/de\/management-2\/warum-das-abilene-paradox-entsteht\/\" \/>\n<meta property=\"og:site_name\" content=\"PURE Consultant\" \/>\n<meta property=\"article:published_time\" content=\"2026-01-19T13:30:52+00:00\" \/>\n<meta property=\"article:modified_time\" content=\"2026-01-19T13:31:03+00:00\" \/>\n<meta property=\"og:image\" content=\"https:\/\/www.pureconsultant.de\/wp-content\/uploads\/visual-selection226.png\" \/>\n\t<meta property=\"og:image:width\" content=\"902\" \/>\n\t<meta property=\"og:image:height\" content=\"900\" \/>\n\t<meta property=\"og:image:type\" content=\"image\/png\" \/>\n<meta name=\"author\" content=\"Serhat K\u00fcpeli\" \/>\n<meta name=\"twitter:card\" content=\"summary_large_image\" \/>\n<meta name=\"twitter:label1\" content=\"Verfasst von\" \/>\n\t<meta name=\"twitter:data1\" content=\"Serhat K\u00fcpeli\" \/>\n\t<meta name=\"twitter:label2\" content=\"Gesch\u00e4tzte Lesezeit\" \/>\n\t<meta name=\"twitter:data2\" content=\"11\u00a0Minuten\" \/>\n<script type=\"application\/ld+json\" class=\"yoast-schema-graph\">{\"@context\":\"https:\\\/\\\/schema.org\",\"@graph\":[{\"@type\":\"Article\",\"@id\":\"https:\\\/\\\/www.pureconsultant.de\\\/de\\\/management-2\\\/warum-das-abilene-paradox-entsteht\\\/#article\",\"isPartOf\":{\"@id\":\"https:\\\/\\\/www.pureconsultant.de\\\/de\\\/management-2\\\/warum-das-abilene-paradox-entsteht\\\/\"},\"author\":{\"name\":\"Serhat K\u00fcpeli\",\"@id\":\"https:\\\/\\\/www.pureconsultant.de\\\/#\\\/schema\\\/person\\\/b879d2f247599ce3a636522dd8344e95\"},\"headline\":\"Warum das Abilene-Paradox entsteht \u2013 psychologische Hintergr\u00fcnde\",\"datePublished\":\"2026-01-19T13:30:52+00:00\",\"dateModified\":\"2026-01-19T13:31:03+00:00\",\"mainEntityOfPage\":{\"@id\":\"https:\\\/\\\/www.pureconsultant.de\\\/de\\\/management-2\\\/warum-das-abilene-paradox-entsteht\\\/\"},\"wordCount\":2053,\"image\":{\"@id\":\"https:\\\/\\\/www.pureconsultant.de\\\/de\\\/management-2\\\/warum-das-abilene-paradox-entsteht\\\/#primaryimage\"},\"thumbnailUrl\":\"https:\\\/\\\/www.pureconsultant.de\\\/wp-content\\\/uploads\\\/visual-selection226.png\",\"keywords\":[\"Warum das Abilene-Paradox entsteht \u2013 psychologische Hintergr\u00fcnde\"],\"articleSection\":[\"Management-2\"],\"inLanguage\":\"de\"},{\"@type\":\"WebPage\",\"@id\":\"https:\\\/\\\/www.pureconsultant.de\\\/de\\\/management-2\\\/warum-das-abilene-paradox-entsteht\\\/\",\"url\":\"https:\\\/\\\/www.pureconsultant.de\\\/de\\\/management-2\\\/warum-das-abilene-paradox-entsteht\\\/\",\"name\":\"Warum das Abilene-Paradox entsteht - PURE Consultant\",\"isPartOf\":{\"@id\":\"https:\\\/\\\/www.pureconsultant.de\\\/#website\"},\"primaryImageOfPage\":{\"@id\":\"https:\\\/\\\/www.pureconsultant.de\\\/de\\\/management-2\\\/warum-das-abilene-paradox-entsteht\\\/#primaryimage\"},\"image\":{\"@id\":\"https:\\\/\\\/www.pureconsultant.de\\\/de\\\/management-2\\\/warum-das-abilene-paradox-entsteht\\\/#primaryimage\"},\"thumbnailUrl\":\"https:\\\/\\\/www.pureconsultant.de\\\/wp-content\\\/uploads\\\/visual-selection226.png\",\"datePublished\":\"2026-01-19T13:30:52+00:00\",\"dateModified\":\"2026-01-19T13:31:03+00:00\",\"author\":{\"@id\":\"https:\\\/\\\/www.pureconsultant.de\\\/#\\\/schema\\\/person\\\/b879d2f247599ce3a636522dd8344e95\"},\"description\":\"Entdecken Sie, warum das Abilene-Paradox entsteht \u2013 psychologische Hintergr\u00fcnde und wie Sie Gruppenfehler vermeiden. Lesen Sie weiter!\",\"breadcrumb\":{\"@id\":\"https:\\\/\\\/www.pureconsultant.de\\\/de\\\/management-2\\\/warum-das-abilene-paradox-entsteht\\\/#breadcrumb\"},\"inLanguage\":\"de\",\"potentialAction\":[{\"@type\":\"ReadAction\",\"target\":[\"https:\\\/\\\/www.pureconsultant.de\\\/de\\\/management-2\\\/warum-das-abilene-paradox-entsteht\\\/\"]}]},{\"@type\":\"ImageObject\",\"inLanguage\":\"de\",\"@id\":\"https:\\\/\\\/www.pureconsultant.de\\\/de\\\/management-2\\\/warum-das-abilene-paradox-entsteht\\\/#primaryimage\",\"url\":\"https:\\\/\\\/www.pureconsultant.de\\\/wp-content\\\/uploads\\\/visual-selection226.png\",\"contentUrl\":\"https:\\\/\\\/www.pureconsultant.de\\\/wp-content\\\/uploads\\\/visual-selection226.png\"},{\"@type\":\"BreadcrumbList\",\"@id\":\"https:\\\/\\\/www.pureconsultant.de\\\/de\\\/management-2\\\/warum-das-abilene-paradox-entsteht\\\/#breadcrumb\",\"itemListElement\":[{\"@type\":\"ListItem\",\"position\":1,\"name\":\"Startseite\",\"item\":\"https:\\\/\\\/www.pureconsultant.de\\\/de\\\/\"},{\"@type\":\"ListItem\",\"position\":2,\"name\":\"Warum das Abilene-Paradox entsteht \u2013 psychologische Hintergr\u00fcnde\"}]},{\"@type\":\"WebSite\",\"@id\":\"https:\\\/\\\/www.pureconsultant.de\\\/#website\",\"url\":\"https:\\\/\\\/www.pureconsultant.de\\\/\",\"name\":\"PURE Consultant\",\"description\":\"Scrum, PMO, Projektmanagement &amp; Prozessmanagement aus K\u00f6ln\",\"potentialAction\":[{\"@type\":\"SearchAction\",\"target\":{\"@type\":\"EntryPoint\",\"urlTemplate\":\"https:\\\/\\\/www.pureconsultant.de\\\/?s={search_term_string}\"},\"query-input\":{\"@type\":\"PropertyValueSpecification\",\"valueRequired\":true,\"valueName\":\"search_term_string\"}}],\"inLanguage\":\"de\"},{\"@type\":\"Person\",\"@id\":\"https:\\\/\\\/www.pureconsultant.de\\\/#\\\/schema\\\/person\\\/b879d2f247599ce3a636522dd8344e95\",\"name\":\"Serhat K\u00fcpeli\",\"image\":{\"@type\":\"ImageObject\",\"inLanguage\":\"de\",\"@id\":\"https:\\\/\\\/secure.gravatar.com\\\/avatar\\\/0886d2e74e7dfa20a0d9157eed001ec6efc4a799c718c80d37ebd532ec3810f1?s=96&d=mm&r=g\",\"url\":\"https:\\\/\\\/secure.gravatar.com\\\/avatar\\\/0886d2e74e7dfa20a0d9157eed001ec6efc4a799c718c80d37ebd532ec3810f1?s=96&d=mm&r=g\",\"contentUrl\":\"https:\\\/\\\/secure.gravatar.com\\\/avatar\\\/0886d2e74e7dfa20a0d9157eed001ec6efc4a799c718c80d37ebd532ec3810f1?s=96&d=mm&r=g\",\"caption\":\"Serhat K\u00fcpeli\"}}]}<\/script>\n<!-- \/ Yoast SEO plugin. -->","yoast_head_json":{"title":"Warum das Abilene-Paradox entsteht - PURE Consultant","description":"Entdecken Sie, warum das Abilene-Paradox entsteht \u2013 psychologische Hintergr\u00fcnde und wie Sie Gruppenfehler vermeiden. Lesen Sie weiter!","robots":{"index":"index","follow":"follow","max-snippet":"max-snippet:-1","max-image-preview":"max-image-preview:large","max-video-preview":"max-video-preview:-1"},"canonical":"https:\/\/www.pureconsultant.de\/de\/management-2\/warum-das-abilene-paradox-entsteht\/","og_locale":"de_DE","og_type":"article","og_title":"Warum das Abilene-Paradox entsteht - PURE Consultant","og_description":"Entdecken Sie, warum das Abilene-Paradox entsteht \u2013 psychologische Hintergr\u00fcnde und wie Sie Gruppenfehler vermeiden. Lesen Sie weiter!","og_url":"https:\/\/www.pureconsultant.de\/de\/management-2\/warum-das-abilene-paradox-entsteht\/","og_site_name":"PURE Consultant","article_published_time":"2026-01-19T13:30:52+00:00","article_modified_time":"2026-01-19T13:31:03+00:00","og_image":[{"width":902,"height":900,"url":"https:\/\/www.pureconsultant.de\/wp-content\/uploads\/visual-selection226.png","type":"image\/png"}],"author":"Serhat K\u00fcpeli","twitter_card":"summary_large_image","twitter_misc":{"Verfasst von":"Serhat K\u00fcpeli","Gesch\u00e4tzte Lesezeit":"11\u00a0Minuten"},"schema":{"@context":"https:\/\/schema.org","@graph":[{"@type":"Article","@id":"https:\/\/www.pureconsultant.de\/de\/management-2\/warum-das-abilene-paradox-entsteht\/#article","isPartOf":{"@id":"https:\/\/www.pureconsultant.de\/de\/management-2\/warum-das-abilene-paradox-entsteht\/"},"author":{"name":"Serhat K\u00fcpeli","@id":"https:\/\/www.pureconsultant.de\/#\/schema\/person\/b879d2f247599ce3a636522dd8344e95"},"headline":"Warum das Abilene-Paradox entsteht \u2013 psychologische Hintergr\u00fcnde","datePublished":"2026-01-19T13:30:52+00:00","dateModified":"2026-01-19T13:31:03+00:00","mainEntityOfPage":{"@id":"https:\/\/www.pureconsultant.de\/de\/management-2\/warum-das-abilene-paradox-entsteht\/"},"wordCount":2053,"image":{"@id":"https:\/\/www.pureconsultant.de\/de\/management-2\/warum-das-abilene-paradox-entsteht\/#primaryimage"},"thumbnailUrl":"https:\/\/www.pureconsultant.de\/wp-content\/uploads\/visual-selection226.png","keywords":["Warum das Abilene-Paradox entsteht \u2013 psychologische Hintergr\u00fcnde"],"articleSection":["Management-2"],"inLanguage":"de"},{"@type":"WebPage","@id":"https:\/\/www.pureconsultant.de\/de\/management-2\/warum-das-abilene-paradox-entsteht\/","url":"https:\/\/www.pureconsultant.de\/de\/management-2\/warum-das-abilene-paradox-entsteht\/","name":"Warum das Abilene-Paradox entsteht - PURE Consultant","isPartOf":{"@id":"https:\/\/www.pureconsultant.de\/#website"},"primaryImageOfPage":{"@id":"https:\/\/www.pureconsultant.de\/de\/management-2\/warum-das-abilene-paradox-entsteht\/#primaryimage"},"image":{"@id":"https:\/\/www.pureconsultant.de\/de\/management-2\/warum-das-abilene-paradox-entsteht\/#primaryimage"},"thumbnailUrl":"https:\/\/www.pureconsultant.de\/wp-content\/uploads\/visual-selection226.png","datePublished":"2026-01-19T13:30:52+00:00","dateModified":"2026-01-19T13:31:03+00:00","author":{"@id":"https:\/\/www.pureconsultant.de\/#\/schema\/person\/b879d2f247599ce3a636522dd8344e95"},"description":"Entdecken Sie, warum das Abilene-Paradox entsteht \u2013 psychologische Hintergr\u00fcnde und wie Sie Gruppenfehler vermeiden. Lesen Sie weiter!","breadcrumb":{"@id":"https:\/\/www.pureconsultant.de\/de\/management-2\/warum-das-abilene-paradox-entsteht\/#breadcrumb"},"inLanguage":"de","potentialAction":[{"@type":"ReadAction","target":["https:\/\/www.pureconsultant.de\/de\/management-2\/warum-das-abilene-paradox-entsteht\/"]}]},{"@type":"ImageObject","inLanguage":"de","@id":"https:\/\/www.pureconsultant.de\/de\/management-2\/warum-das-abilene-paradox-entsteht\/#primaryimage","url":"https:\/\/www.pureconsultant.de\/wp-content\/uploads\/visual-selection226.png","contentUrl":"https:\/\/www.pureconsultant.de\/wp-content\/uploads\/visual-selection226.png"},{"@type":"BreadcrumbList","@id":"https:\/\/www.pureconsultant.de\/de\/management-2\/warum-das-abilene-paradox-entsteht\/#breadcrumb","itemListElement":[{"@type":"ListItem","position":1,"name":"Startseite","item":"https:\/\/www.pureconsultant.de\/de\/"},{"@type":"ListItem","position":2,"name":"Warum das Abilene-Paradox entsteht \u2013 psychologische Hintergr\u00fcnde"}]},{"@type":"WebSite","@id":"https:\/\/www.pureconsultant.de\/#website","url":"https:\/\/www.pureconsultant.de\/","name":"PURE Consultant","description":"Scrum, PMO, Projektmanagement &amp; Prozessmanagement aus K\u00f6ln","potentialAction":[{"@type":"SearchAction","target":{"@type":"EntryPoint","urlTemplate":"https:\/\/www.pureconsultant.de\/?s={search_term_string}"},"query-input":{"@type":"PropertyValueSpecification","valueRequired":true,"valueName":"search_term_string"}}],"inLanguage":"de"},{"@type":"Person","@id":"https:\/\/www.pureconsultant.de\/#\/schema\/person\/b879d2f247599ce3a636522dd8344e95","name":"Serhat K\u00fcpeli","image":{"@type":"ImageObject","inLanguage":"de","@id":"https:\/\/secure.gravatar.com\/avatar\/0886d2e74e7dfa20a0d9157eed001ec6efc4a799c718c80d37ebd532ec3810f1?s=96&d=mm&r=g","url":"https:\/\/secure.gravatar.com\/avatar\/0886d2e74e7dfa20a0d9157eed001ec6efc4a799c718c80d37ebd532ec3810f1?s=96&d=mm&r=g","contentUrl":"https:\/\/secure.gravatar.com\/avatar\/0886d2e74e7dfa20a0d9157eed001ec6efc4a799c718c80d37ebd532ec3810f1?s=96&d=mm&r=g","caption":"Serhat K\u00fcpeli"}}]}},"_links":{"self":[{"href":"https:\/\/www.pureconsultant.de\/de\/wp-json\/wp\/v2\/posts\/26692","targetHints":{"allow":["GET"]}}],"collection":[{"href":"https:\/\/www.pureconsultant.de\/de\/wp-json\/wp\/v2\/posts"}],"about":[{"href":"https:\/\/www.pureconsultant.de\/de\/wp-json\/wp\/v2\/types\/post"}],"author":[{"embeddable":true,"href":"https:\/\/www.pureconsultant.de\/de\/wp-json\/wp\/v2\/users\/6"}],"replies":[{"embeddable":true,"href":"https:\/\/www.pureconsultant.de\/de\/wp-json\/wp\/v2\/comments?post=26692"}],"version-history":[{"count":2,"href":"https:\/\/www.pureconsultant.de\/de\/wp-json\/wp\/v2\/posts\/26692\/revisions"}],"predecessor-version":[{"id":26695,"href":"https:\/\/www.pureconsultant.de\/de\/wp-json\/wp\/v2\/posts\/26692\/revisions\/26695"}],"wp:attachment":[{"href":"https:\/\/www.pureconsultant.de\/de\/wp-json\/wp\/v2\/media?parent=26692"}],"wp:term":[{"taxonomy":"category","embeddable":true,"href":"https:\/\/www.pureconsultant.de\/de\/wp-json\/wp\/v2\/categories?post=26692"},{"taxonomy":"post_tag","embeddable":true,"href":"https:\/\/www.pureconsultant.de\/de\/wp-json\/wp\/v2\/tags?post=26692"}],"curies":[{"name":"wp","href":"https:\/\/api.w.org\/{rel}","templated":true}]}}